{"id":48540,"date":"2025-05-26T08:00:58","date_gmt":"2025-05-26T06:00:58","guid":{"rendered":"https:\/\/www.stem.it\/?p=48540"},"modified":"2025-05-26T11:31:14","modified_gmt":"2025-05-26T09:31:14","slug":"medevac-le-transport-d-urgence-dans-des-contextes-complexes","status":"publish","type":"post","link":"https:\/\/www.stem.it\/fr\/communaute-web\/medevac-le-transport-d-urgence-dans-des-contextes-complexes\/","title":{"rendered":"MedEvac, le transport d\u2019urgence dans des contextes complexes"},"content":{"rendered":"\n<p>Dans des sc\u00e9narios d\u2019urgence telles que les conflits arm\u00e9s ou le catastrophes naturelles, le transport m\u00e9dical rapide constitue une mesure essentielle pour garantir <strong>l\u2019hospitalisation imm\u00e9diate des patients dans des structures de sant\u00e9 appropri\u00e9es<\/strong>, tout en assurant l\u2019<strong>assistance n\u00e9cessaire pendant le transfert.<\/strong> Le terme international d\u00e9signant ce service est <strong><em>MedEvac<\/em> (<em>Medical Evacuation<\/em>)<\/strong>. Il est utilis\u00e9 pour d\u00e9finir le transport de personnes bless\u00e9es ou n\u00e9cessitant des soins m\u00e9dicaux \u2014 urgents ou non \u2014 d\u2019un lieu \u00e0 un autre. L\u2019objectif est d\u2019assurer <strong>une prise en charge m\u00e9dicale rapide et adapt\u00e9e<\/strong>.<\/p>\n\n\n\n<p>Dans cet article, nous analyserons les diff\u00e9rentes modalit\u00e9s de transport, les situations qui n\u00e9cessitent l\u2019activation du MedEvac, ainsi que les proc\u00e9dures d\u2019\u00e9vacuation m\u00e9dicale.<\/p>\n\n\n\n<figure class=\"wp-block-image size-full\"><img loading=\"lazy\" decoding=\"async\" width=\"833\" height=\"321\" src=\"https:\/\/www.stem.it\/wp-content\/uploads\/2025\/05\/21.05-MedEvac-il-trasporto-medico-urgente-in-emergenza-THE-EMS-BLOG-833x321-01.jpg\" alt=\"\u00e9vacuation-m\u00e9dicale-en-zone-de-montagne\" class=\"wp-image-48484\" srcset=\"https:\/\/www.stem.it\/wp-content\/uploads\/2025\/05\/21.05-MedEvac-il-trasporto-medico-urgente-in-emergenza-THE-EMS-BLOG-833x321-01.jpg 833w, https:\/\/www.stem.it\/wp-content\/uploads\/2025\/05\/21.05-MedEvac-il-trasporto-medico-urgente-in-emergenza-THE-EMS-BLOG-833x321-01-300x116.jpg 300w, https:\/\/www.stem.it\/wp-content\/uploads\/2025\/05\/21.05-MedEvac-il-trasporto-medico-urgente-in-emergenza-THE-EMS-BLOG-833x321-01-768x296.jpg 768w, https:\/\/www.stem.it\/wp-content\/uploads\/2025\/05\/21.05-MedEvac-il-trasporto-medico-urgente-in-emergenza-THE-EMS-BLOG-833x321-01-705x272.jpg 705w\" sizes=\"auto, (max-width: 833px) 100vw, 833px\" \/><\/figure>\n\n\n\n<p><\/p>\n\n\n\n<h2 class=\"wp-block-heading\"><strong><strong>Objectif du MedEvac et situations d\u2019activation<\/strong><\/strong><\/h2>\n\n\n\n<p>Le MedEvac permet d\u2019apporter des soins m\u00e9dicaux aux patients qui ne peuvent pas \u00eatre trait\u00e9s sur le lieu de l\u2019incident. Le transfert rapide a lieu depuis des zones o\u00f9 les structures sanitaires sont insuffisantes ou depuis des environnements dangereux vers des h\u00f4pitaux \u00e9quip\u00e9s. Ce service est souvent associ\u00e9 \u00e0 des <strong>op\u00e9rations militaires<\/strong>, des<strong> catastrophes naturelles <\/strong>ou des <strong>urgences<\/strong> dans lesquelles une \u00e9vacuation rapide est cruciale pour la survie.<\/p>\n\n\n\n<p>Selon <a href=\"https:\/\/www.globalcharter.com\/it\/post\/differences-between-air-ambulance-medevac-and-casevac\" target=\"_blank\" rel=\"noreferrer noopener\"><strong>Globalcharter<\/strong><\/a>, lors d\u2019une op\u00e9ration d\u2019\u00e9vacuation m\u00e9dicale, l\u2019objectif principal est de transf\u00e9rer rapidement les patients depuis le site de l\u2019accident ou un h\u00f4pital de campagne. Ce transfert vise \u00e0 les achiminer vers un \u00e9tablissement de sant\u00e9 pleinement \u00e9quip\u00e9. L\u2019activation se produit principalement dans les cas suivants :<\/p>\n\n\n\n<ul class=\"wp-block-list\">\n<li>Besoin de secours m\u00e9dical urgent dans des <strong>zones isol\u00e9es <\/strong>ou difficilement accessibles ;<\/li>\n\n\n\n<li>\u00c9vacuation depuis des <strong>\u00e9tablissements de sant\u00e9 devenus inaccessibles <\/strong>ou hors service ;<\/li>\n\n\n\n<li>All\u00e8gement de la pression dans des <strong>h\u00f4pitaux d\u00e9pass\u00e9s par l\u2019afflux de patients au-del\u00e0 de leur capacit\u00e9 op\u00e9rationnelle<\/strong>.<\/li>\n<\/ul>\n\n\n\n<h2 class=\"wp-block-heading\"><strong><strong>Modalit\u00e9s de transport<\/strong><\/strong><\/h2>\n\n\n\n<p>L\u2019\u00e9vacuation m\u00e9dicale peut g\u00e9n\u00e9ralement s\u2019effectuer par voie <strong>terrestre<\/strong> ou <strong>a\u00e9rienne<\/strong>, en mobilisant diff\u00e9rents moyens de transport, qu&rsquo;ils soient militaires ou civils, selon le contexte op\u00e9rationnel :<\/p>\n\n\n\n<ul class=\"wp-block-list\">\n<li><strong>H\u00e9licopt\u00e8res sanitaires (a\u00e9ronefs \u00e0 voilure tournante)<\/strong> : ils permettent une prise en charge et une d\u00e9pose directe du patient, du point de collecte \u00e0 l\u2019h\u00f4pital de destination ;<\/li>\n\n\n\n<li><strong>Avions sanitaires (\u00e0 voilure fixe)<\/strong> : ils n\u00e9cessitent une combinaison avec des v\u00e9hicules terrestres pour compl\u00e9ter le transfert ;<\/li>\n\n\n\n<li><strong>V\u00e9hicules terrestres<\/strong> : utilis\u00e9s lorsque le transport a\u00e9rien ou maritime n\u2019est pas n\u00e9cessaire ou r\u00e9alisable.<\/li>\n<\/ul>\n\n\n\n<p>Le choix du moyen de transport d\u00e9pend de la <strong>configuration du territoire<\/strong> et de la <strong>gravit\u00e9 de la situation<\/strong>.<\/p>\n\n\n\n<figure class=\"wp-block-image size-full\"><img loading=\"lazy\" decoding=\"async\" width=\"833\" height=\"321\" src=\"https:\/\/www.stem.it\/wp-content\/uploads\/2025\/05\/21.05-MedEvac-il-trasporto-medico-urgente-in-emergenza-THE-EMS-BLOG-833x321-04.jpg\" alt=\"h\u00e9licopt\u00e8res-sanitaires-dorset-and-somerset-air-ambulance-charity\" class=\"wp-image-48488\" srcset=\"https:\/\/www.stem.it\/wp-content\/uploads\/2025\/05\/21.05-MedEvac-il-trasporto-medico-urgente-in-emergenza-THE-EMS-BLOG-833x321-04.jpg 833w, https:\/\/www.stem.it\/wp-content\/uploads\/2025\/05\/21.05-MedEvac-il-trasporto-medico-urgente-in-emergenza-THE-EMS-BLOG-833x321-04-300x116.jpg 300w, https:\/\/www.stem.it\/wp-content\/uploads\/2025\/05\/21.05-MedEvac-il-trasporto-medico-urgente-in-emergenza-THE-EMS-BLOG-833x321-04-768x296.jpg 768w, https:\/\/www.stem.it\/wp-content\/uploads\/2025\/05\/21.05-MedEvac-il-trasporto-medico-urgente-in-emergenza-THE-EMS-BLOG-833x321-04-705x272.jpg 705w\" sizes=\"auto, (max-width: 833px) 100vw, 833px\" \/><\/figure>\n\n\n\n<p><\/p>\n\n\n\n<h2 class=\"wp-block-heading\"><strong><strong><strong>Un exemple concret : le service MedEvac italien dans le conflit russo-ukrainien<\/strong><\/strong><\/strong><\/h2>\n\n\n\n<p>Depuis le d\u00e9but du conflit russo-ukrainien, l\u2019Italie a mis en place un service MedEvac pour transf\u00e9rer des patients depuis l\u2019Ukraine, via les pays voisins, vers ses structures sanitaires. Le transport est assur\u00e9 par les moyens de la <a href=\"https:\/\/www.protezionecivile.gov.it\/it\/approfondimento\/il-trasporto-medico-urgente-emergenza-0\/\" target=\"_blank\" rel=\"noreferrer noopener\"><strong>Protection civile nationale<\/strong><\/a> ou par des vols priv\u00e9s mis \u00e0 disposition. Le personnel m\u00e9dical est fourni par les r\u00e9gions.<\/p>\n\n\n\n<p>L\u2019activit\u00e9 MedEvac pour ces patients repose sur<strong> deux \u00e9quipes m\u00e9dicales <\/strong>aux r\u00f4les distincts :<\/p>\n\n\n\n<ol start=\"1\" class=\"wp-block-list\">\n<li><strong>\u00c9quipe m\u00e9dicale de transfert<\/strong> : elle assure l\u2019assistance aux patients et \u00e0 leurs accompagnants pendant le trajet, garantissant leur admission dans les h\u00f4pitaux de destination, identifi\u00e9s par le <em>Cross<\/em> (Centre de coordination \u00e0 distance des op\u00e9rations de secours sanitaire).<\/li>\n\n\n\n<li><strong>\u00c9quipe m\u00e9dicale d\u2019\u00e9valuation (<em>Team scouting<\/em>)<\/strong> : elle agit sur le territoire d\u2019origine, identifie les patients, \u00e9value leur \u00e9tat, \u00e9tablit les priorit\u00e9s et la faisabilit\u00e9 du transfert, tout en assurant l\u2019assistance avant l\u2019embarquement.<\/li>\n<\/ol>\n\n\n\n<p>Ce service est compl\u00e9t\u00e9 par le module <strong><em>DisEvac<\/em> (<em>Disability Evacuation<\/em>)<\/strong>, destin\u00e9 \u00e0 l\u2019\u00e9vacuation prot\u00e9g\u00e9e des <strong>personnes vuln\u00e9rables<\/strong> ou \u00e0 <strong>besoins sp\u00e9cifiques<\/strong>. En Italie, le module <em>DisEvac<\/em> des <em>Misericordie<\/em> garantit le transport longue distance des personnes \u00e0 mobilit\u00e9 r\u00e9duite, en leur assurant l\u2019assistance n\u00e9cessaire.<\/p>\n\n\n\n<figure class=\"wp-block-image size-full\"><img loading=\"lazy\" decoding=\"async\" width=\"833\" height=\"321\" src=\"https:\/\/www.stem.it\/wp-content\/uploads\/2025\/05\/21.05-MedEvac-il-trasporto-medico-urgente-in-emergenza-THE-EMS-BLOG-833x321-02.jpg\" alt=\"h\u00e9licopt\u00e8re-sanitaire-utilis\u00e9-pour-les-services-m\u00e9dicaux\" class=\"wp-image-48499\" srcset=\"https:\/\/www.stem.it\/wp-content\/uploads\/2025\/05\/21.05-MedEvac-il-trasporto-medico-urgente-in-emergenza-THE-EMS-BLOG-833x321-02.jpg 833w, https:\/\/www.stem.it\/wp-content\/uploads\/2025\/05\/21.05-MedEvac-il-trasporto-medico-urgente-in-emergenza-THE-EMS-BLOG-833x321-02-300x116.jpg 300w, https:\/\/www.stem.it\/wp-content\/uploads\/2025\/05\/21.05-MedEvac-il-trasporto-medico-urgente-in-emergenza-THE-EMS-BLOG-833x321-02-768x296.jpg 768w, https:\/\/www.stem.it\/wp-content\/uploads\/2025\/05\/21.05-MedEvac-il-trasporto-medico-urgente-in-emergenza-THE-EMS-BLOG-833x321-02-705x272.jpg 705w\" sizes=\"auto, (max-width: 833px) 100vw, 833px\" \/><\/figure>\n\n\n\n<p><\/p>\n\n\n\n<h2 class=\"wp-block-heading\"><strong><strong><strong>Une op\u00e9ration \u00e0 l\u2019\u00e9chelle europ\u00e9enne<\/strong><\/strong><\/strong><\/h2>\n\n\n\n<p>L\u2019Italie n\u2019est pas seule. Toute l\u2019Europe participe activement aux op\u00e9rations d\u2019\u00e9vacuation sanitaire. Selon la <a href=\"https:\/\/italy.representation.ec.europa.eu\/notizie-ed-eventi\/notizie\/oltre-3-000-pazienti-ucraini-trasferiti-negli-ospedali-europei-dallinizio-della-guerra-2024-01-15_it\" target=\"_blank\" rel=\"noreferrer noopener\"><strong>Commission europ\u00e9enne<\/strong><\/a>, <strong>plus de 3 000 patients ukrainiens<\/strong> ont \u00e9t\u00e9 transf\u00e9r\u00e9s vers des h\u00f4pitaux europ\u00e9ens depuis le d\u00e9but de la guerre. Le <a href=\"https:\/\/civil-protection-humanitarian-aid.ec.europa.eu\/what\/civil-protection\/eu-civil-protection-mechanism_en\" target=\"_blank\" rel=\"noreferrer noopener\"><strong><em>M\u00e9canisme de protection civile de l\u2019UE<\/em><\/strong><\/a>, activ\u00e9 en mars 2022, a permis des \u00e9vacuations sanitaires vers 22 pays, dont la France, l\u2019Allemagne, l\u2019Italie, l\u2019Espagne, l\u2019Autriche, la Su\u00e8de et la Hongrie.<\/p>\n\n\n\n<p>Il s\u2019agit de la plus vaste op\u00e9ration d\u2019\u00e9vacuation m\u00e9dicale jamais coordonn\u00e9e par le <a href=\"https:\/\/civil-protection-humanitarian-aid.ec.europa.eu\/what\/civil-protection\/emergency-response-coordination-centre-ercc_en\" target=\"_blank\" rel=\"noreferrer noopener\"><strong>ERCC<\/strong><\/a><strong> (Centre de coordination de la r\u00e9action d\u2019urgence)<\/strong> de la Commission europ\u00e9enne, qui coordonne les aides en cas de catastrophe : mat\u00e9riel de secours, expertise, \u00e9quipes de protection civile et \u00e9quipements sp\u00e9cialis\u00e9s.<\/p>\n\n\n\n<p>Un \u00e9l\u00e9ment cl\u00e9 de cette op\u00e9ration est <strong>le hub MedEvac de l\u2019UE situ\u00e9 \u00e0 Rzesz\u00f3w, en Pologne<\/strong>, qui sert de centre de transit pour les patients \u00e9vacu\u00e9s d\u2019Ukraine avant leur transfert vers les h\u00f4pitaux europ\u00e9ens. Sur place, ils b\u00e9n\u00e9ficient d\u2019une assistance infirmi\u00e8re continue, 24 heures sur 24, 7 jours sur 7.<\/p>\n\n\n\n<figure class=\"wp-block-image size-full\"><img loading=\"lazy\" decoding=\"async\" width=\"833\" height=\"468\" src=\"https:\/\/www.stem.it\/wp-content\/uploads\/2025\/05\/21.05-MedEvac-il-trasporto-medico-urgente-in-emergenza-THE-EMS-BLOG-833x321-09-1.jpg\" alt=\"sch\u00e9ma-graphique-du-fonctionnement-du-m\u00e9canisme-de-protection-civil-de-l-ue\" class=\"wp-image-48575\" srcset=\"https:\/\/www.stem.it\/wp-content\/uploads\/2025\/05\/21.05-MedEvac-il-trasporto-medico-urgente-in-emergenza-THE-EMS-BLOG-833x321-09-1.jpg 833w, https:\/\/www.stem.it\/wp-content\/uploads\/2025\/05\/21.05-MedEvac-il-trasporto-medico-urgente-in-emergenza-THE-EMS-BLOG-833x321-09-1-300x169.jpg 300w, https:\/\/www.stem.it\/wp-content\/uploads\/2025\/05\/21.05-MedEvac-il-trasporto-medico-urgente-in-emergenza-THE-EMS-BLOG-833x321-09-1-768x431.jpg 768w, https:\/\/www.stem.it\/wp-content\/uploads\/2025\/05\/21.05-MedEvac-il-trasporto-medico-urgente-in-emergenza-THE-EMS-BLOG-833x321-09-1-705x396.jpg 705w\" sizes=\"auto, (max-width: 833px) 100vw, 833px\" \/><\/figure>\n\n\n\n<p><\/p>\n\n\n\n<h2 class=\"wp-block-heading\"><strong><strong><strong>Proc\u00e9dures d\u2019urgence sur le terrain<\/strong><\/strong><\/strong><\/h2>\n\n\n\n<p>Le MedEvac suit des protocoles internationaux visant \u00e0 garantir un transport s\u00fbr et efficace, notamment dans les contextes militaires. Dans ces situations, la demande d\u2019\u00e9vacuation doit \u00eatre soigneusement \u00e9valu\u00e9e afin d\u2019\u00e9viter tout retard dans la prise en charge. Le processus se d\u00e9roule en quatre \u00e9tapes :<\/p>\n\n\n\n<ol start=\"1\" class=\"wp-block-list\">\n<li><strong>S\u00e9curisation de la zone <\/strong>: il est imp\u00e9ratif de s\u00e9curiser les lieux avant de d\u00e9clencher une \u00e9vacuation, afin de ne pas compromettre la capacit\u00e9 de d\u00e9fense de l\u2019unit\u00e9 ;<\/li>\n\n\n\n<li>\u00c9valuation m\u00e9dicale : le personnel soignant \u00e9value la gravit\u00e9 des blessures et la n\u00e9cessit\u00e9 d\u2019une \u00e9vacuation imm\u00e9diate ;<\/li>\n\n\n\n<li><strong>Demande d\u2019\u00e9vacuation<\/strong> : le commandement transmet la demande de MedEvac, pr\u00e9cisant des informations critiques telles que la localisation, le nombre de bless\u00e9s et leur \u00e9tat de sant\u00e9 ;<\/li>\n\n\n\n<li><strong>Transport et stabilisation<\/strong> : le patient est \u00e9vacu\u00e9 et re\u00e7oit des soins m\u00e9dicaux suppl\u00e9mentaires jusqu\u2019\u00e0 son arriv\u00e9e dans une structure sp\u00e9cialis\u00e9e.<\/li>\n<\/ol>\n\n\n\n<figure class=\"wp-block-image size-full\"><img loading=\"lazy\" decoding=\"async\" width=\"833\" height=\"321\" src=\"https:\/\/www.stem.it\/wp-content\/uploads\/2025\/05\/21.05-MedEvac-il-trasporto-medico-urgente-in-emergenza-THE-EMS-BLOG-833x321-03.jpg\" alt=\"\u00e9vacuation-d-urgence-medevac-\u00e0-l-aide-de-v\u00e9hicules-militaires\" class=\"wp-image-48510\" srcset=\"https:\/\/www.stem.it\/wp-content\/uploads\/2025\/05\/21.05-MedEvac-il-trasporto-medico-urgente-in-emergenza-THE-EMS-BLOG-833x321-03.jpg 833w, https:\/\/www.stem.it\/wp-content\/uploads\/2025\/05\/21.05-MedEvac-il-trasporto-medico-urgente-in-emergenza-THE-EMS-BLOG-833x321-03-300x116.jpg 300w, https:\/\/www.stem.it\/wp-content\/uploads\/2025\/05\/21.05-MedEvac-il-trasporto-medico-urgente-in-emergenza-THE-EMS-BLOG-833x321-03-768x296.jpg 768w, https:\/\/www.stem.it\/wp-content\/uploads\/2025\/05\/21.05-MedEvac-il-trasporto-medico-urgente-in-emergenza-THE-EMS-BLOG-833x321-03-705x272.jpg 705w\" sizes=\"auto, (max-width: 833px) 100vw, 833px\" \/><\/figure>\n\n\n\n<p>Le service MedEvac constitue une composante cruciale de la r\u00e9ponse aux urgences, tant dans le domaine civil que militaire. Gr\u00e2ce \u00e0 un r\u00e9seau coordonn\u00e9 de transports a\u00e9riens, terrestres et maritimes, il permet de sauver des vies en assurant des soins rapides et adapt\u00e9s \u00e0 ceux qui en ont besoin.<br>Qu\u2019il s\u2019agisse d\u2019une catastrophe naturelle, d\u2019un conflit arm\u00e9 ou d\u2019une crise sanitaire, le MedEvac reste une pierre angulaire de l\u2019assistance m\u00e9dicale d\u2019urgence.<\/p>\n\n\n\n<p>Continuez \u00e0 suivre <a href=\"https:\/\/www.stem.it\/fr\/the-ems-blog\/\" target=\"_blank\" rel=\"noreferrer noopener\"><strong>The EMS Blog<\/strong><\/a> pour rester inform\u00e9 sur le monde du secours !<\/p>\n","protected":false},"excerpt":{"rendered":"<p>MedEvac: \u00e9vacuation m\u00e9dicale rapida dans des contextes critiques tels que des catastrophes ou des op\u00e9rations militaires<\/p>\n","protected":false},"author":12,"featured_media":48981,"comment_status":"closed","ping_status":"closed","sticky":false,"template":"","format":"standard","meta":{"footnotes":""},"categories":[236],"tags":[],"class_list":["post-48540","post","type-post","status-publish","format-standard","has-post-thumbnail","hentry","category-communaute-web"],"yoast_head":"<!-- This site is optimized with the Yoast SEO plugin v27.4 - https:\/\/yoast.com\/product\/yoast-seo-wordpress\/ -->\n<title>MedEvac, le transport d\u2019urgence dans des contextes complexes - Stem Ems<\/title>\n<meta name=\"description\" content=\"MedEvac: \u00e9vacuation m\u00e9dicale rapida dans des contextes critiques tels que des catastrophes ou des op\u00e9rations militaires\" \/>\n<meta name=\"robots\" content=\"index, follow, max-snippet:-1, max-image-preview:large, max-video-preview:-1\" \/>\n<link rel=\"canonical\" href=\"https:\/\/www.stem.it\/fr\/communaute-web\/medevac-le-transport-d-urgence-dans-des-contextes-complexes\/\" \/>\n<meta property=\"og:locale\" content=\"fr_FR\" \/>\n<meta property=\"og:type\" content=\"article\" \/>\n<meta property=\"og:title\" content=\"MedEvac, le transport d\u2019urgence dans des contextes complexes - Stem Ems\" \/>\n<meta property=\"og:description\" content=\"MedEvac: \u00e9vacuation m\u00e9dicale rapida dans des contextes critiques tels que des catastrophes ou des op\u00e9rations militaires\" \/>\n<meta property=\"og:url\" content=\"https:\/\/www.stem.it\/fr\/communaute-web\/medevac-le-transport-d-urgence-dans-des-contextes-complexes\/\" \/>\n<meta property=\"og:site_name\" content=\"Stem Ems\" \/>\n<meta property=\"article:publisher\" content=\"https:\/\/www.facebook.com\/stememsemergencymedicalsystems\/\" \/>\n<meta property=\"article:published_time\" content=\"2025-05-26T06:00:58+00:00\" \/>\n<meta property=\"article:modified_time\" content=\"2025-05-26T09:31:14+00:00\" \/>\n<meta property=\"og:image\" content=\"https:\/\/www.stem.it\/wp-content\/uploads\/2025\/05\/21.05-MedEvac-il-trasporto-medico-urgente-in-emergenza-THE-EMS-BLOG-833x321-05.jpg\" \/>\n\t<meta property=\"og:image:width\" content=\"833\" \/>\n\t<meta property=\"og:image:height\" content=\"321\" \/>\n\t<meta property=\"og:image:type\" content=\"image\/jpeg\" \/>\n<meta name=\"author\" content=\"webmarketing\" \/>\n<meta name=\"twitter:card\" content=\"summary_large_image\" \/>\n<meta name=\"twitter:label1\" content=\"\u00c9crit par\" \/>\n\t<meta name=\"twitter:data1\" content=\"webmarketing\" \/>\n\t<meta name=\"twitter:label2\" content=\"Dur\u00e9e de lecture estim\u00e9e\" \/>\n\t<meta name=\"twitter:data2\" content=\"7 minutes\" \/>\n<script type=\"application\/ld+json\" class=\"yoast-schema-graph\">{\"@context\":\"https:\\\/\\\/schema.org\",\"@graph\":[{\"@type\":\"Article\",\"@id\":\"https:\\\/\\\/www.stem.it\\\/fr\\\/communaute-web\\\/medevac-le-transport-d-urgence-dans-des-contextes-complexes\\\/#article\",\"isPartOf\":{\"@id\":\"https:\\\/\\\/www.stem.it\\\/fr\\\/communaute-web\\\/medevac-le-transport-d-urgence-dans-des-contextes-complexes\\\/\"},\"author\":{\"name\":\"webmarketing\",\"@id\":\"https:\\\/\\\/www.stem.it\\\/fr\\\/#\\\/schema\\\/person\\\/54405616b318f734b7a507fd4a0a5476\"},\"headline\":\"MedEvac, le transport d\u2019urgence dans des contextes complexes\",\"datePublished\":\"2025-05-26T06:00:58+00:00\",\"dateModified\":\"2025-05-26T09:31:14+00:00\",\"mainEntityOfPage\":{\"@id\":\"https:\\\/\\\/www.stem.it\\\/fr\\\/communaute-web\\\/medevac-le-transport-d-urgence-dans-des-contextes-complexes\\\/\"},\"wordCount\":1127,\"image\":{\"@id\":\"https:\\\/\\\/www.stem.it\\\/fr\\\/communaute-web\\\/medevac-le-transport-d-urgence-dans-des-contextes-complexes\\\/#primaryimage\"},\"thumbnailUrl\":\"https:\\\/\\\/www.stem.it\\\/wp-content\\\/uploads\\\/2025\\\/05\\\/21.05-MedEvac-il-trasporto-medico-urgente-in-emergenza-THE-EMS-BLOG-833x321-05.jpg\",\"articleSection\":[\"Communaut\u00e9 Web\"],\"inLanguage\":\"fr-FR\"},{\"@type\":\"WebPage\",\"@id\":\"https:\\\/\\\/www.stem.it\\\/fr\\\/communaute-web\\\/medevac-le-transport-d-urgence-dans-des-contextes-complexes\\\/\",\"url\":\"https:\\\/\\\/www.stem.it\\\/fr\\\/communaute-web\\\/medevac-le-transport-d-urgence-dans-des-contextes-complexes\\\/\",\"name\":\"MedEvac, le transport d\u2019urgence dans des contextes complexes - Stem Ems\",\"isPartOf\":{\"@id\":\"https:\\\/\\\/www.stem.it\\\/fr\\\/#website\"},\"primaryImageOfPage\":{\"@id\":\"https:\\\/\\\/www.stem.it\\\/fr\\\/communaute-web\\\/medevac-le-transport-d-urgence-dans-des-contextes-complexes\\\/#primaryimage\"},\"image\":{\"@id\":\"https:\\\/\\\/www.stem.it\\\/fr\\\/communaute-web\\\/medevac-le-transport-d-urgence-dans-des-contextes-complexes\\\/#primaryimage\"},\"thumbnailUrl\":\"https:\\\/\\\/www.stem.it\\\/wp-content\\\/uploads\\\/2025\\\/05\\\/21.05-MedEvac-il-trasporto-medico-urgente-in-emergenza-THE-EMS-BLOG-833x321-05.jpg\",\"datePublished\":\"2025-05-26T06:00:58+00:00\",\"dateModified\":\"2025-05-26T09:31:14+00:00\",\"author\":{\"@id\":\"https:\\\/\\\/www.stem.it\\\/fr\\\/#\\\/schema\\\/person\\\/54405616b318f734b7a507fd4a0a5476\"},\"description\":\"MedEvac: \u00e9vacuation m\u00e9dicale rapida dans des contextes critiques tels que des catastrophes ou des op\u00e9rations militaires\",\"breadcrumb\":{\"@id\":\"https:\\\/\\\/www.stem.it\\\/fr\\\/communaute-web\\\/medevac-le-transport-d-urgence-dans-des-contextes-complexes\\\/#breadcrumb\"},\"inLanguage\":\"fr-FR\",\"potentialAction\":[{\"@type\":\"ReadAction\",\"target\":[\"https:\\\/\\\/www.stem.it\\\/fr\\\/communaute-web\\\/medevac-le-transport-d-urgence-dans-des-contextes-complexes\\\/\"]}]},{\"@type\":\"ImageObject\",\"inLanguage\":\"fr-FR\",\"@id\":\"https:\\\/\\\/www.stem.it\\\/fr\\\/communaute-web\\\/medevac-le-transport-d-urgence-dans-des-contextes-complexes\\\/#primaryimage\",\"url\":\"https:\\\/\\\/www.stem.it\\\/wp-content\\\/uploads\\\/2025\\\/05\\\/21.05-MedEvac-il-trasporto-medico-urgente-in-emergenza-THE-EMS-BLOG-833x321-05.jpg\",\"contentUrl\":\"https:\\\/\\\/www.stem.it\\\/wp-content\\\/uploads\\\/2025\\\/05\\\/21.05-MedEvac-il-trasporto-medico-urgente-in-emergenza-THE-EMS-BLOG-833x321-05.jpg\",\"width\":833,\"height\":321,\"caption\":\"medevac\"},{\"@type\":\"BreadcrumbList\",\"@id\":\"https:\\\/\\\/www.stem.it\\\/fr\\\/communaute-web\\\/medevac-le-transport-d-urgence-dans-des-contextes-complexes\\\/#breadcrumb\",\"itemListElement\":[{\"@type\":\"ListItem\",\"position\":1,\"name\":\"Home\",\"item\":\"https:\\\/\\\/www.stem.it\\\/fr\\\/\"},{\"@type\":\"ListItem\",\"position\":2,\"name\":\"MedEvac, le transport d\u2019urgence dans des contextes complexes\"}]},{\"@type\":\"WebSite\",\"@id\":\"https:\\\/\\\/www.stem.it\\\/fr\\\/#website\",\"url\":\"https:\\\/\\\/www.stem.it\\\/fr\\\/\",\"name\":\"Stem Ems\",\"description\":\"Prodotti di alta qualit\u00e0 per lavoro ed emergenza\",\"potentialAction\":[{\"@type\":\"SearchAction\",\"target\":{\"@type\":\"EntryPoint\",\"urlTemplate\":\"https:\\\/\\\/www.stem.it\\\/fr\\\/?s={search_term_string}\"},\"query-input\":{\"@type\":\"PropertyValueSpecification\",\"valueRequired\":true,\"valueName\":\"search_term_string\"}}],\"inLanguage\":\"fr-FR\"},{\"@type\":\"Person\",\"@id\":\"https:\\\/\\\/www.stem.it\\\/fr\\\/#\\\/schema\\\/person\\\/54405616b318f734b7a507fd4a0a5476\",\"name\":\"webmarketing\",\"image\":{\"@type\":\"ImageObject\",\"inLanguage\":\"fr-FR\",\"@id\":\"https:\\\/\\\/secure.gravatar.com\\\/avatar\\\/55ca24ab9f1b5382f5e97702f12eb1e8c2a749b22d7e6a79ade1e1fffae1338f?s=96&d=mm&r=g\",\"url\":\"https:\\\/\\\/secure.gravatar.com\\\/avatar\\\/55ca24ab9f1b5382f5e97702f12eb1e8c2a749b22d7e6a79ade1e1fffae1338f?s=96&d=mm&r=g\",\"contentUrl\":\"https:\\\/\\\/secure.gravatar.com\\\/avatar\\\/55ca24ab9f1b5382f5e97702f12eb1e8c2a749b22d7e6a79ade1e1fffae1338f?s=96&d=mm&r=g\",\"caption\":\"webmarketing\"}}]}<\/script>\n<!-- \/ Yoast SEO plugin. -->","yoast_head_json":{"title":"MedEvac, le transport d\u2019urgence dans des contextes complexes - Stem Ems","description":"MedEvac: \u00e9vacuation m\u00e9dicale rapida dans des contextes critiques tels que des catastrophes ou des op\u00e9rations militaires","robots":{"index":"index","follow":"follow","max-snippet":"max-snippet:-1","max-image-preview":"max-image-preview:large","max-video-preview":"max-video-preview:-1"},"canonical":"https:\/\/www.stem.it\/fr\/communaute-web\/medevac-le-transport-d-urgence-dans-des-contextes-complexes\/","og_locale":"fr_FR","og_type":"article","og_title":"MedEvac, le transport d\u2019urgence dans des contextes complexes - Stem Ems","og_description":"MedEvac: \u00e9vacuation m\u00e9dicale rapida dans des contextes critiques tels que des catastrophes ou des op\u00e9rations militaires","og_url":"https:\/\/www.stem.it\/fr\/communaute-web\/medevac-le-transport-d-urgence-dans-des-contextes-complexes\/","og_site_name":"Stem Ems","article_publisher":"https:\/\/www.facebook.com\/stememsemergencymedicalsystems\/","article_published_time":"2025-05-26T06:00:58+00:00","article_modified_time":"2025-05-26T09:31:14+00:00","og_image":[{"width":833,"height":321,"url":"https:\/\/www.stem.it\/wp-content\/uploads\/2025\/05\/21.05-MedEvac-il-trasporto-medico-urgente-in-emergenza-THE-EMS-BLOG-833x321-05.jpg","type":"image\/jpeg"}],"author":"webmarketing","twitter_card":"summary_large_image","twitter_misc":{"\u00c9crit par":"webmarketing","Dur\u00e9e de lecture estim\u00e9e":"7 minutes"},"schema":{"@context":"https:\/\/schema.org","@graph":[{"@type":"Article","@id":"https:\/\/www.stem.it\/fr\/communaute-web\/medevac-le-transport-d-urgence-dans-des-contextes-complexes\/#article","isPartOf":{"@id":"https:\/\/www.stem.it\/fr\/communaute-web\/medevac-le-transport-d-urgence-dans-des-contextes-complexes\/"},"author":{"name":"webmarketing","@id":"https:\/\/www.stem.it\/fr\/#\/schema\/person\/54405616b318f734b7a507fd4a0a5476"},"headline":"MedEvac, le transport d\u2019urgence dans des contextes complexes","datePublished":"2025-05-26T06:00:58+00:00","dateModified":"2025-05-26T09:31:14+00:00","mainEntityOfPage":{"@id":"https:\/\/www.stem.it\/fr\/communaute-web\/medevac-le-transport-d-urgence-dans-des-contextes-complexes\/"},"wordCount":1127,"image":{"@id":"https:\/\/www.stem.it\/fr\/communaute-web\/medevac-le-transport-d-urgence-dans-des-contextes-complexes\/#primaryimage"},"thumbnailUrl":"https:\/\/www.stem.it\/wp-content\/uploads\/2025\/05\/21.05-MedEvac-il-trasporto-medico-urgente-in-emergenza-THE-EMS-BLOG-833x321-05.jpg","articleSection":["Communaut\u00e9 Web"],"inLanguage":"fr-FR"},{"@type":"WebPage","@id":"https:\/\/www.stem.it\/fr\/communaute-web\/medevac-le-transport-d-urgence-dans-des-contextes-complexes\/","url":"https:\/\/www.stem.it\/fr\/communaute-web\/medevac-le-transport-d-urgence-dans-des-contextes-complexes\/","name":"MedEvac, le transport d\u2019urgence dans des contextes complexes - Stem Ems","isPartOf":{"@id":"https:\/\/www.stem.it\/fr\/#website"},"primaryImageOfPage":{"@id":"https:\/\/www.stem.it\/fr\/communaute-web\/medevac-le-transport-d-urgence-dans-des-contextes-complexes\/#primaryimage"},"image":{"@id":"https:\/\/www.stem.it\/fr\/communaute-web\/medevac-le-transport-d-urgence-dans-des-contextes-complexes\/#primaryimage"},"thumbnailUrl":"https:\/\/www.stem.it\/wp-content\/uploads\/2025\/05\/21.05-MedEvac-il-trasporto-medico-urgente-in-emergenza-THE-EMS-BLOG-833x321-05.jpg","datePublished":"2025-05-26T06:00:58+00:00","dateModified":"2025-05-26T09:31:14+00:00","author":{"@id":"https:\/\/www.stem.it\/fr\/#\/schema\/person\/54405616b318f734b7a507fd4a0a5476"},"description":"MedEvac: \u00e9vacuation m\u00e9dicale rapida dans des contextes critiques tels que des catastrophes ou des op\u00e9rations militaires","breadcrumb":{"@id":"https:\/\/www.stem.it\/fr\/communaute-web\/medevac-le-transport-d-urgence-dans-des-contextes-complexes\/#breadcrumb"},"inLanguage":"fr-FR","potentialAction":[{"@type":"ReadAction","target":["https:\/\/www.stem.it\/fr\/communaute-web\/medevac-le-transport-d-urgence-dans-des-contextes-complexes\/"]}]},{"@type":"ImageObject","inLanguage":"fr-FR","@id":"https:\/\/www.stem.it\/fr\/communaute-web\/medevac-le-transport-d-urgence-dans-des-contextes-complexes\/#primaryimage","url":"https:\/\/www.stem.it\/wp-content\/uploads\/2025\/05\/21.05-MedEvac-il-trasporto-medico-urgente-in-emergenza-THE-EMS-BLOG-833x321-05.jpg","contentUrl":"https:\/\/www.stem.it\/wp-content\/uploads\/2025\/05\/21.05-MedEvac-il-trasporto-medico-urgente-in-emergenza-THE-EMS-BLOG-833x321-05.jpg","width":833,"height":321,"caption":"medevac"},{"@type":"BreadcrumbList","@id":"https:\/\/www.stem.it\/fr\/communaute-web\/medevac-le-transport-d-urgence-dans-des-contextes-complexes\/#breadcrumb","itemListElement":[{"@type":"ListItem","position":1,"name":"Home","item":"https:\/\/www.stem.it\/fr\/"},{"@type":"ListItem","position":2,"name":"MedEvac, le transport d\u2019urgence dans des contextes complexes"}]},{"@type":"WebSite","@id":"https:\/\/www.stem.it\/fr\/#website","url":"https:\/\/www.stem.it\/fr\/","name":"Stem Ems","description":"Prodotti di alta qualit\u00e0 per lavoro ed emergenza","potentialAction":[{"@type":"SearchAction","target":{"@type":"EntryPoint","urlTemplate":"https:\/\/www.stem.it\/fr\/?s={search_term_string}"},"query-input":{"@type":"PropertyValueSpecification","valueRequired":true,"valueName":"search_term_string"}}],"inLanguage":"fr-FR"},{"@type":"Person","@id":"https:\/\/www.stem.it\/fr\/#\/schema\/person\/54405616b318f734b7a507fd4a0a5476","name":"webmarketing","image":{"@type":"ImageObject","inLanguage":"fr-FR","@id":"https:\/\/secure.gravatar.com\/avatar\/55ca24ab9f1b5382f5e97702f12eb1e8c2a749b22d7e6a79ade1e1fffae1338f?s=96&d=mm&r=g","url":"https:\/\/secure.gravatar.com\/avatar\/55ca24ab9f1b5382f5e97702f12eb1e8c2a749b22d7e6a79ade1e1fffae1338f?s=96&d=mm&r=g","contentUrl":"https:\/\/secure.gravatar.com\/avatar\/55ca24ab9f1b5382f5e97702f12eb1e8c2a749b22d7e6a79ade1e1fffae1338f?s=96&d=mm&r=g","caption":"webmarketing"}}]}},"_links":{"self":[{"href":"https:\/\/www.stem.it\/fr\/wp-json\/wp\/v2\/posts\/48540","targetHints":{"allow":["GET"]}}],"collection":[{"href":"https:\/\/www.stem.it\/fr\/wp-json\/wp\/v2\/posts"}],"about":[{"href":"https:\/\/www.stem.it\/fr\/wp-json\/wp\/v2\/types\/post"}],"author":[{"embeddable":true,"href":"https:\/\/www.stem.it\/fr\/wp-json\/wp\/v2\/users\/12"}],"replies":[{"embeddable":true,"href":"https:\/\/www.stem.it\/fr\/wp-json\/wp\/v2\/comments?post=48540"}],"version-history":[{"count":3,"href":"https:\/\/www.stem.it\/fr\/wp-json\/wp\/v2\/posts\/48540\/revisions"}],"predecessor-version":[{"id":48961,"href":"https:\/\/www.stem.it\/fr\/wp-json\/wp\/v2\/posts\/48540\/revisions\/48961"}],"wp:featuredmedia":[{"embeddable":true,"href":"https:\/\/www.stem.it\/fr\/wp-json\/wp\/v2\/media\/48981"}],"wp:attachment":[{"href":"https:\/\/www.stem.it\/fr\/wp-json\/wp\/v2\/media?parent=48540"}],"wp:term":[{"taxonomy":"category","embeddable":true,"href":"https:\/\/www.stem.it\/fr\/wp-json\/wp\/v2\/categories?post=48540"},{"taxonomy":"post_tag","embeddable":true,"href":"https:\/\/www.stem.it\/fr\/wp-json\/wp\/v2\/tags?post=48540"}],"curies":[{"name":"wp","href":"https:\/\/api.w.org\/{rel}","templated":true}]}}