{"id":47187,"date":"2025-04-11T08:00:17","date_gmt":"2025-04-11T06:00:17","guid":{"rendered":"https:\/\/www.stem.it\/?p=47187"},"modified":"2025-04-11T09:25:45","modified_gmt":"2025-04-11T07:25:45","slug":"penurie-medicaments-un-probleme-a-l-echelle-de-toute-l-europe","status":"publish","type":"post","link":"https:\/\/www.stem.it\/fr\/communaute-web\/penurie-medicaments-un-probleme-a-l-echelle-de-toute-l-europe\/","title":{"rendered":"P\u00e9nurie m\u00e9dicaments : un probl\u00e8me \u00e0 l&rsquo;\u00e9chelle de toute l&rsquo;Europe"},"content":{"rendered":"\n<p>Listes d\u2019attente interminables, h\u00f4pitaux sous pression, personnel m\u00e9dical en difficult\u00e9 face \u00e0 une demande en constante augmentation : <strong>la sant\u00e9 en Europe est aujourd\u2019hui l\u2019un des d\u00e9fis les plus urgents<\/strong>. Confront\u00e9 \u00e0 des ressources limit\u00e9es et \u00e0 une p\u00e9nurie m\u00e9dicaments croissante, l\u2019avenir de la sant\u00e9 publique semble de plus en plus incertain.<\/p>\n\n\n\n<p>Selon un <a href=\"https:\/\/apps.who.int\/iris\/handle\/10665\/362379\" target=\"_blank\" rel=\"noreferrer noopener\"><strong>rapport de l\u2019Organisation mondiale de la sant\u00e9<\/strong><\/a>, cette situation d\u2019urgence est particuli\u00e8rement grave dans de nombreux pays europ\u00e9ens. Le <strong>Royaume-Uni<\/strong>, l\u2019<strong>Allemagne<\/strong>, la <strong>France<\/strong>, l\u2019<strong>Espagne<\/strong> et l\u2019<strong>Italie<\/strong> n\u00e9cessitent des r\u00e9formes structurelles urgentes pour r\u00e9soudre les difficult\u00e9s li\u00e9es \u00e0 une gestion inefficace et au manque de personnel.<\/p>\n\n\n\n<h2 class=\"wp-block-heading\"><strong>Probl\u00e8mes communs<\/strong><\/h2>\n\n\n\n<p>Certains enjeux sont r\u00e9pandus sur tout le continent, de m\u00eame que leurs causes. La pand\u00e9mie de coronavirus a bloqu\u00e9 ou retard\u00e9 de nombreuses proc\u00e9dures, diagnostics et interventions non urgentes, aggravant les listes d\u2019attente. Trois ann\u00e9es d\u2019urgence continue ont pouss\u00e9 m\u00e9decins et infirmiers \u00e0 bout, les contraignant \u00e0 des horaires ext\u00e9nuants et entra\u00eenant une hausse des cas de burnout, avec pour cons\u00e9quence une augmentation des d\u00e9missions volontaires et des d\u00e9parts \u00e0 la retraite anticip\u00e9s. Pendant ce temps, de nombreuses personnes ont repouss\u00e9 des examens m\u00e9dicaux cruciaux, au risque de diagnostics tardifs et de traitements diff\u00e9r\u00e9s.<\/p>\n\n\n\n<p>\u00c0 ces facteurs r\u00e9cents s\u2019ajoutent des <strong>probl\u00e8mes structurels communs<\/strong> \u00e0 de nombreux pays : <strong>vieillissement de la population<\/strong>, <strong>augmentation du nombre de patients atteints de maladies chroniques ou d\u2019ob\u00e9sit\u00e9<\/strong>. Parall\u00e8lement, <strong>les d\u00e9penses publiques de sant\u00e9 ont diminu\u00e9<\/strong> dans la majorit\u00e9 des \u00c9tats europ\u00e9ens. Bien que le nombre de m\u00e9decins et d\u2019infirmiers ait augment\u00e9 par rapport \u00e0 il y a dix ans, cette hausse ne suffit pas \u00e0 r\u00e9pondre \u00e0 la croissance rapide des besoins.<\/p>\n\n\n\n<p>La sant\u00e9 mentale devient \u00e9galement une pr\u00e9occupation majeure, avec un nombre croissant de professionnels de sant\u00e9 souffrant de <strong>stress psychologique<\/strong> et de <strong>burnout<\/strong>.<\/p>\n\n\n\n<figure class=\"wp-block-image size-full\"><img loading=\"lazy\" decoding=\"async\" width=\"833\" height=\"321\" src=\"https:\/\/www.stem.it\/wp-content\/uploads\/2025\/04\/15.04-Fuga-dei-medici-dal-sistema-sanitario-italiano-cause-e-soluzioni-THE-EMS-BLOG-833x321-02.jpg\" alt=\"professionnel-de-sant\u00e9-souffrant-de-burnout-et-de-stress-psychologique\" class=\"wp-image-47223\" srcset=\"https:\/\/www.stem.it\/wp-content\/uploads\/2025\/04\/15.04-Fuga-dei-medici-dal-sistema-sanitario-italiano-cause-e-soluzioni-THE-EMS-BLOG-833x321-02.jpg 833w, https:\/\/www.stem.it\/wp-content\/uploads\/2025\/04\/15.04-Fuga-dei-medici-dal-sistema-sanitario-italiano-cause-e-soluzioni-THE-EMS-BLOG-833x321-02-300x116.jpg 300w, https:\/\/www.stem.it\/wp-content\/uploads\/2025\/04\/15.04-Fuga-dei-medici-dal-sistema-sanitario-italiano-cause-e-soluzioni-THE-EMS-BLOG-833x321-02-768x296.jpg 768w, https:\/\/www.stem.it\/wp-content\/uploads\/2025\/04\/15.04-Fuga-dei-medici-dal-sistema-sanitario-italiano-cause-e-soluzioni-THE-EMS-BLOG-833x321-02-705x272.jpg 705w\" sizes=\"auto, (max-width: 833px) 100vw, 833px\" \/><\/figure>\n\n\n\n<p>Si les pays d\u2019Europe occidentale partagent certains probl\u00e8mes, chacun pr\u00e9sente des sp\u00e9cificit\u00e9s propres, tant dans les causes que dans les r\u00e9ponses apport\u00e9es.<\/p>\n\n\n\n<h2 class=\"wp-block-heading\"><strong>Royaume-Uni<\/strong><\/h2>\n\n\n\n<p>Au Royaume-Uni, le Brexit a rendu encore plus difficile le recrutement de m\u00e9decins et d\u2019infirmiers, accentuant la pression sur les h\u00f4pitaux. Le National Health Service (NHS) traverse une crise sans pr\u00e9c\u00e9dent, entre p\u00e9nurie de personnel, financements insuffisants et demande de soins en hausse constante. Plus de <strong>7 millions de personnes sont actuellement en attente de soins<\/strong>, et le syst\u00e8me peine \u00e0 r\u00e9pondre aux besoins. En 2022, le secteur public britannique comptait environ <strong>132 000 postes vacants<\/strong>, r\u00e9v\u00e9lant les difficult\u00e9s \u00e0 recruter et fid\u00e9liser les professionnels.<\/p>\n\n\n\n<figure class=\"wp-block-image size-full\"><img loading=\"lazy\" decoding=\"async\" width=\"833\" height=\"468\" src=\"https:\/\/www.stem.it\/wp-content\/uploads\/2025\/04\/15.04-Fuga-dei-medici-dal-sistema-sanitario-italiano-cause-e-soluzioni-THE-EMS-BLOG-833x321-13.jpg\" alt=\"protestation-de-m\u00e9dicins-et-d-infirmiers-contre-le-service-de-sant\u00e9-national-du-royaume-uni\" class=\"wp-image-47229\" srcset=\"https:\/\/www.stem.it\/wp-content\/uploads\/2025\/04\/15.04-Fuga-dei-medici-dal-sistema-sanitario-italiano-cause-e-soluzioni-THE-EMS-BLOG-833x321-13.jpg 833w, https:\/\/www.stem.it\/wp-content\/uploads\/2025\/04\/15.04-Fuga-dei-medici-dal-sistema-sanitario-italiano-cause-e-soluzioni-THE-EMS-BLOG-833x321-13-300x169.jpg 300w, https:\/\/www.stem.it\/wp-content\/uploads\/2025\/04\/15.04-Fuga-dei-medici-dal-sistema-sanitario-italiano-cause-e-soluzioni-THE-EMS-BLOG-833x321-13-768x431.jpg 768w, https:\/\/www.stem.it\/wp-content\/uploads\/2025\/04\/15.04-Fuga-dei-medici-dal-sistema-sanitario-italiano-cause-e-soluzioni-THE-EMS-BLOG-833x321-13-705x396.jpg 705w\" sizes=\"auto, (max-width: 833px) 100vw, 833px\" \/><\/figure>\n\n\n\n<p>Comme l\u2019a soulign\u00e9 <strong><a href=\"https:\/\/www.theguardian.com\/society\/2025\/mar\/13\/adult-mental-health-crisis-referrals-in-england-double-in-a-year\" target=\"_blank\" rel=\"noreferrer noopener\">The Guardian<\/a><\/strong>, le ph\u00e9nom\u00e8ne de burnout est de plus en plus pr\u00e9occupant chez les soignants. Malgr\u00e9 les promesses du gouvernement en mati\u00e8re d\u2019embauche et de r\u00e9forme, la situation reste critique et requiert des mesures urgentes.<\/p>\n\n\n\n<h2 class=\"wp-block-heading\"><strong>Allemagne<\/strong><\/h2>\n\n\n\n<p>L\u2019Allemagne est le pays qui consacre le plus de ressources \u00e0 la sant\u00e9 en Europe. Cela n\u2019a pourtant pas emp\u00each\u00e9 <strong><a href=\"https:\/\/www.stem.it\/en\/community\/the-german-health-emergency-emts-shortage-increased-calls\/\" target=\"_blank\" rel=\"noreferrer noopener\">une crise s\u00e9v\u00e8re dans les h\u00f4pitaux<\/a><\/strong>. Les disciplines les plus touch\u00e9es sont la <strong>neurologie<\/strong>, la<strong> gyn\u00e9cologie <\/strong>et l\u2019<strong>anesth\u00e9sie<\/strong>, o\u00f9 le manque de personnel qualifi\u00e9 compromet la qualit\u00e9 des soins. On estime que pr\u00e8s de <strong>23 000<\/strong> postes de m\u00e9decins et d\u2019infirmiers ne sont pas pourvus dans les h\u00f4pitaux allemands.<\/p>\n\n\n\n<figure class=\"wp-block-image size-full\"><img loading=\"lazy\" decoding=\"async\" width=\"833\" height=\"321\" src=\"https:\/\/www.stem.it\/wp-content\/uploads\/2025\/04\/15.04-Fuga-dei-medici-dal-sistema-sanitario-italiano-cause-e-soluzioni-THE-EMS-BLOG-833x321-04.jpg\" alt=\"m\u00e9decin-en-blouse-blanche-tenant-un-st\u00e9thoscope\" class=\"wp-image-47235\" srcset=\"https:\/\/www.stem.it\/wp-content\/uploads\/2025\/04\/15.04-Fuga-dei-medici-dal-sistema-sanitario-italiano-cause-e-soluzioni-THE-EMS-BLOG-833x321-04.jpg 833w, https:\/\/www.stem.it\/wp-content\/uploads\/2025\/04\/15.04-Fuga-dei-medici-dal-sistema-sanitario-italiano-cause-e-soluzioni-THE-EMS-BLOG-833x321-04-300x116.jpg 300w, https:\/\/www.stem.it\/wp-content\/uploads\/2025\/04\/15.04-Fuga-dei-medici-dal-sistema-sanitario-italiano-cause-e-soluzioni-THE-EMS-BLOG-833x321-04-768x296.jpg 768w, https:\/\/www.stem.it\/wp-content\/uploads\/2025\/04\/15.04-Fuga-dei-medici-dal-sistema-sanitario-italiano-cause-e-soluzioni-THE-EMS-BLOG-833x321-04-705x272.jpg 705w\" sizes=\"auto, (max-width: 833px) 100vw, 833px\" \/><\/figure>\n\n\n\n<p>Les causes sont multiples : le vieillissement d\u00e9mographique alourdit la <strong>demande en soins<\/strong>, notamment pour les pathologies chroniques, tandis que la formation m\u00e9dicale, longue et tr\u00e8s s\u00e9lective, ne permet pas de combler le d\u00e9ficit en nouveaux praticiens. R\u00e9sultat : le personnel en poste est \u00e9puis\u00e9, soumis \u00e0 des horaires accablants et confront\u00e9 \u00e0 un stress intense.<\/p>\n\n\n\n<p>Comme l\u2019a rapport\u00e9 <strong><a href=\"https:\/\/www.dw.com\/en\/germanys-small-hospitals-are-disappearing\/a-64128586\" target=\"_blank\" rel=\"noreferrer noopener\">Deutsche Welle<\/a><\/strong>, le ministre de la Sant\u00e9 Karl Lauterbach a annonc\u00e9 une r\u00e9forme hospitali\u00e8re qualifi\u00e9e de \u00ab r\u00e9volutionnaire \u00bb. L\u2019objectif est d\u2019optimiser les ressources via une r\u00e9organisation \u00e0 trois niveaux : des h\u00f4pitaux hautement sp\u00e9cialis\u00e9s, des structures interm\u00e9diaires pour les soins sp\u00e9cialis\u00e9s, et de petits centres d\u00e9di\u00e9s aux soins de base. Une mesure controvers\u00e9e est <strong>la fermeture des \u00e9tablissements les moins performants<\/strong>, ce qui pourrait d\u00e9t\u00e9riorer l\u2019acc\u00e8s aux soins dans les zones rurales.<\/p>\n\n\n\n<h2 class=\"wp-block-heading\"><strong>France<\/strong><\/h2>\n\n\n\n<p>En France, malgr\u00e9 un investissement de 12 % du PIB dans le syst\u00e8me de sant\u00e9, <strong>30 % de la population n\u2019a pas un acc\u00e8s satisfaisant aux services m\u00e9dicaux<\/strong>. Selon la ministre d\u00e9l\u00e9gu\u00e9e \u00e0 la Sant\u00e9 Agn\u00e8s Firmin Le Bodo, 87 % du territoire est aujourd\u2019hui consid\u00e9r\u00e9 comme un \u00ab <strong>d\u00e9sert m\u00e9dical<\/strong> \u00bb.<\/p>\n\n\n\n<figure class=\"wp-block-image size-full\"><img loading=\"lazy\" decoding=\"async\" width=\"833\" height=\"321\" src=\"https:\/\/www.stem.it\/wp-content\/uploads\/2025\/04\/15.04-Fuga-dei-medici-dal-sistema-sanitario-italiano-cause-e-soluzioni-THE-EMS-BLOG-833x321-05.jpg\" alt=\"h\u00f4pital-m\u00e9dical-fran\u00e7ais-d\u00e9sert\u00e9-en-raison-de-la-p\u00e9nurie-de-m\u00e9dicins\" class=\"wp-image-47241\" srcset=\"https:\/\/www.stem.it\/wp-content\/uploads\/2025\/04\/15.04-Fuga-dei-medici-dal-sistema-sanitario-italiano-cause-e-soluzioni-THE-EMS-BLOG-833x321-05.jpg 833w, https:\/\/www.stem.it\/wp-content\/uploads\/2025\/04\/15.04-Fuga-dei-medici-dal-sistema-sanitario-italiano-cause-e-soluzioni-THE-EMS-BLOG-833x321-05-300x116.jpg 300w, https:\/\/www.stem.it\/wp-content\/uploads\/2025\/04\/15.04-Fuga-dei-medici-dal-sistema-sanitario-italiano-cause-e-soluzioni-THE-EMS-BLOG-833x321-05-768x296.jpg 768w, https:\/\/www.stem.it\/wp-content\/uploads\/2025\/04\/15.04-Fuga-dei-medici-dal-sistema-sanitario-italiano-cause-e-soluzioni-THE-EMS-BLOG-833x321-05-705x272.jpg 705w\" sizes=\"auto, (max-width: 833px) 100vw, 833px\" \/><\/figure>\n\n\n\n<p>La <strong>r\u00e9partition in\u00e9gale des professionnels <\/strong>aggrave la situation, notamment dans les zones rurales ou d\u00e9favoris\u00e9es. Le probl\u00e8me est <strong>en grande partie d\u00fb au d\u00e9part \u00e0 la retraite massif de nombreux m\u00e9decins<\/strong>, sans rel\u00e8ve suffisante \u2014 une cons\u00e9quence directe du numerus clausus qui a limit\u00e9 l\u2019acc\u00e8s aux \u00e9tudes de m\u00e9decine pendant pr\u00e8s de 50 ans, jusqu\u2019en 2020. Une premi\u00e8re solution envisag\u00e9e est de faire appel \u00e0 des \u00ab assistants m\u00e9dicaux \u00bb charg\u00e9s de t\u00e2ches administratives, afin de lib\u00e9rer du temps m\u00e9dical pour les m\u00e9decins g\u00e9n\u00e9ralistes.<\/p>\n\n\n\n<h2 class=\"wp-block-heading\"><strong>Espagne<\/strong><\/h2>\n\n\n\n<p>Le syst\u00e8me de sant\u00e9 espagnol est lui aussi en grande difficult\u00e9. Les listes d\u2019attente s\u2019allongent, ce qui augmente la pression sur les services d\u2019urgence. <strong>Plus de la moiti\u00e9 des professionnels pr\u00e9sentent des signes de burnout<\/strong>. Le principal probl\u00e8me r\u00e9side dans <strong>les bas salaires <\/strong>et les <strong>disparit\u00e9s entre r\u00e9gions<\/strong>, qui entra\u00eenent une concurrence interne n\u00e9faste. De nombreux m\u00e9decins et infirmiers choisissent de partir travailler \u00e0 l\u2019\u00e9tranger, notamment en Suisse, en Allemagne ou en France.<\/p>\n\n\n\n<p>En plus de la p\u00e9nurie m\u00e9dicaments, <strong><a href=\"https:\/\/www.ilpost.it\/2023\/01\/15\/sistemi-sanitari-crisi-europa\/\" target=\"_blank\" rel=\"noreferrer noopener\">Il Post<\/a><\/strong> rapporte qu\u2019\u00e0 Madrid et dans d\u2019autres r\u00e9gions autonomes, le manque de lits hospitaliers est tel que des patients doivent attendre <strong>trois \u00e0 quatre jours sur des brancards dans les couloirs des urgences<\/strong>.<\/p>\n\n\n\n<figure class=\"wp-block-image size-full\"><img loading=\"lazy\" decoding=\"async\" width=\"833\" height=\"321\" src=\"https:\/\/www.stem.it\/wp-content\/uploads\/2025\/04\/15.04-Fuga-dei-medici-dal-sistema-sanitario-italiano-cause-e-soluzioni-THE-EMS-BLOG-833x321-05-1.jpg\" alt=\"h\u00f4pital-espagnol-vide-avec-des-brancards-dans-le-couloir\" class=\"wp-image-47377\" srcset=\"https:\/\/www.stem.it\/wp-content\/uploads\/2025\/04\/15.04-Fuga-dei-medici-dal-sistema-sanitario-italiano-cause-e-soluzioni-THE-EMS-BLOG-833x321-05-1.jpg 833w, https:\/\/www.stem.it\/wp-content\/uploads\/2025\/04\/15.04-Fuga-dei-medici-dal-sistema-sanitario-italiano-cause-e-soluzioni-THE-EMS-BLOG-833x321-05-1-300x116.jpg 300w, https:\/\/www.stem.it\/wp-content\/uploads\/2025\/04\/15.04-Fuga-dei-medici-dal-sistema-sanitario-italiano-cause-e-soluzioni-THE-EMS-BLOG-833x321-05-1-768x296.jpg 768w, https:\/\/www.stem.it\/wp-content\/uploads\/2025\/04\/15.04-Fuga-dei-medici-dal-sistema-sanitario-italiano-cause-e-soluzioni-THE-EMS-BLOG-833x321-05-1-705x272.jpg 705w\" sizes=\"auto, (max-width: 833px) 100vw, 833px\" \/><\/figure>\n\n\n\n<p><\/p>\n\n\n\n<h2 class=\"wp-block-heading\"><strong>Italie<\/strong><\/h2>\n\n\n\n<p>En Italie, la situation est tout aussi pr\u00e9occupante. Malgr\u00e9 la demande croissante, de nombreux h\u00f4pitaux n\u2019arrivent pas \u00e0 satisfaire les besoins des patients, faute d\u2019un syst\u00e8me capable d\u2019attirer et de retenir les professionnels qualifi\u00e9s. <strong>En 2022, pas moins de 4 349 m\u00e9decins ont quitt\u00e9 volontairement<\/strong> le Service national de sant\u00e9 (SSN), contre 1 564 en 2016.<\/p>\n\n\n\n<p>Parmi les causes majeures : la baisse des d\u00e9penses publiques, les faibles r\u00e9mun\u00e9rations, les contrats pr\u00e9caires et le gel des embauches. Pour combler ce d\u00e9ficit, le syst\u00e8me fait appel \u00e0 la profession lib\u00e9rale et aux \u00ab m\u00e9decins int\u00e9rimaires \u00bb, des solutions temporaires co\u00fbteuses qui fragilisent encore davantage le SSN.<\/p>\n\n\n\n<p>Contrairement aux id\u00e9es re\u00e7ues, le vrai probl\u00e8me n\u2019est pas tant la p\u00e9nurie m\u00e9dicaments que l\u2019incapacit\u00e9 du syst\u00e8me \u00e0 retenir les professionnels. En voici les principales raisons :<\/p>\n\n\n\n<ul class=\"wp-block-list\">\n<li>Les <strong>infirmiers italiens gagnent en moyenne 19 % de moins que leurs homologues europ\u00e9ens<\/strong> ; les m\u00e9decins, 4 % de moins ;<\/li>\n\n\n\n<li>La gestion de cas complexes et le manque de ressources rendent les conditions de travail \u00e9prouvantes, augmentant les <strong>risques de burnout<\/strong> ;<\/li>\n\n\n\n<li>Pr\u00e8s d\u2019un Italien sur deux a d\u00e9j\u00e0 fait l\u2019exp\u00e9rience de services surpeupl\u00e9s, ce qui favorise le renoncement aux soins et augmente les <strong>\u00e9pisodes de violence envers les soignants<\/strong>. Ces derniers deviennent les boucs \u00e9missaires d\u2019un syst\u00e8me d\u00e9faillant.<\/li>\n<\/ul>\n\n\n\n<p>Travailler pour le syst\u00e8me public est donc devenu de plus en plus difficile, usant et peu gratifiant. Il en r\u00e9sulte une fuite progressive vers des carri\u00e8res plus valorisantes, en lib\u00e9ral ou \u00e0 l\u2019\u00e9tranger.<\/p>\n\n\n\n<figure class=\"wp-block-image size-full\"><img loading=\"lazy\" decoding=\"async\" width=\"833\" height=\"321\" src=\"https:\/\/www.stem.it\/wp-content\/uploads\/2025\/04\/15.04-Fuga-dei-medici-dal-sistema-sanitario-italiano-cause-e-soluzioni-THE-EMS-BLOG-833x321-08.jpg\" alt=\"\u00e9change-entre-un-m\u00e9dicin-et-un-patient\" class=\"wp-image-47383\" srcset=\"https:\/\/www.stem.it\/wp-content\/uploads\/2025\/04\/15.04-Fuga-dei-medici-dal-sistema-sanitario-italiano-cause-e-soluzioni-THE-EMS-BLOG-833x321-08.jpg 833w, https:\/\/www.stem.it\/wp-content\/uploads\/2025\/04\/15.04-Fuga-dei-medici-dal-sistema-sanitario-italiano-cause-e-soluzioni-THE-EMS-BLOG-833x321-08-300x116.jpg 300w, https:\/\/www.stem.it\/wp-content\/uploads\/2025\/04\/15.04-Fuga-dei-medici-dal-sistema-sanitario-italiano-cause-e-soluzioni-THE-EMS-BLOG-833x321-08-768x296.jpg 768w, https:\/\/www.stem.it\/wp-content\/uploads\/2025\/04\/15.04-Fuga-dei-medici-dal-sistema-sanitario-italiano-cause-e-soluzioni-THE-EMS-BLOG-833x321-08-705x272.jpg 705w\" sizes=\"auto, (max-width: 833px) 100vw, 833px\" \/><\/figure>\n\n\n\n<p><\/p>\n\n\n\n<h2 class=\"wp-block-heading\"><strong>Conclusion<\/strong><\/h2>\n\n\n\n<p>La p\u00e9nurie m\u00e9dicaments en Europe est un probl\u00e8me structurel, social et \u00e9conomique, fruit de choix politiques discutables, de sous-investissements et d\u2019ann\u00e9es de n\u00e9gligence. Chaque pays conna\u00eet ses sp\u00e9cificit\u00e9s, mais l\u2019ensemble du continent partage une m\u00eame urgence : agir rapidement.<\/p>\n\n\n\n<p>La r\u00e9ponse devra \u00eatre \u00e0 la fois globale et adapt\u00e9e, en repensant les parcours de formation, les politiques de recrutement, et en assurant une r\u00e9partition plus \u00e9quitable des ressources sanitaires. Seule une action coordonn\u00e9e et visionnaire permettra de garantir la durabilit\u00e9 des syst\u00e8mes de sant\u00e9 et de r\u00e9pondre efficacement aux besoins des citoyens.<\/p>\n\n\n\n<figure class=\"wp-block-image size-full\"><img loading=\"lazy\" decoding=\"async\" width=\"833\" height=\"468\" src=\"https:\/\/www.stem.it\/wp-content\/uploads\/2025\/04\/15.04-Fuga-dei-medici-dal-sistema-sanitario-italiano-cause-e-soluzioni-THE-EMS-BLOG-833x321-14.jpg\" alt=\"m\u00e9decin-en-blouse-blanche-tenant-un-globe-terrestre\" class=\"wp-image-47247\" srcset=\"https:\/\/www.stem.it\/wp-content\/uploads\/2025\/04\/15.04-Fuga-dei-medici-dal-sistema-sanitario-italiano-cause-e-soluzioni-THE-EMS-BLOG-833x321-14.jpg 833w, https:\/\/www.stem.it\/wp-content\/uploads\/2025\/04\/15.04-Fuga-dei-medici-dal-sistema-sanitario-italiano-cause-e-soluzioni-THE-EMS-BLOG-833x321-14-300x169.jpg 300w, https:\/\/www.stem.it\/wp-content\/uploads\/2025\/04\/15.04-Fuga-dei-medici-dal-sistema-sanitario-italiano-cause-e-soluzioni-THE-EMS-BLOG-833x321-14-768x431.jpg 768w, https:\/\/www.stem.it\/wp-content\/uploads\/2025\/04\/15.04-Fuga-dei-medici-dal-sistema-sanitario-italiano-cause-e-soluzioni-THE-EMS-BLOG-833x321-14-705x396.jpg 705w\" sizes=\"auto, (max-width: 833px) 100vw, 833px\" \/><\/figure>\n","protected":false},"excerpt":{"rendered":"<p>Liste d&rsquo;attente infinies, h\u00f4pitaux sous stress : la crise de la p\u00e9nurie m\u00e9dicaments en Europe exige des r\u00e9formes imm\u00e9diates<\/p>\n","protected":false},"author":12,"featured_media":47217,"comment_status":"closed","ping_status":"closed","sticky":false,"template":"","format":"standard","meta":{"footnotes":""},"categories":[236],"tags":[],"class_list":["post-47187","post","type-post","status-publish","format-standard","has-post-thumbnail","hentry","category-communaute-web"],"yoast_head":"<!-- This site is optimized with the Yoast SEO plugin v27.4 - https:\/\/yoast.com\/product\/yoast-seo-wordpress\/ -->\n<title>P\u00e9nurie m\u00e9dicaments : un probl\u00e8me \u00e0 l&#039;\u00e9chelle de toute l&#039;Europe - Stem Ems<\/title>\n<meta name=\"description\" content=\"Liste d&#039;attente infinies, h\u00f4pitaux sous stress : la crise de la p\u00e9nurie m\u00e9dicaments en Europe exige des r\u00e9formes imm\u00e9diates\" \/>\n<meta name=\"robots\" content=\"index, follow, max-snippet:-1, max-image-preview:large, max-video-preview:-1\" \/>\n<link rel=\"canonical\" href=\"https:\/\/www.stem.it\/fr\/communaute-web\/penurie-medicaments-un-probleme-a-l-echelle-de-toute-l-europe\/\" \/>\n<meta property=\"og:locale\" content=\"fr_FR\" \/>\n<meta property=\"og:type\" content=\"article\" \/>\n<meta property=\"og:title\" content=\"P\u00e9nurie m\u00e9dicaments : un probl\u00e8me \u00e0 l&#039;\u00e9chelle de toute l&#039;Europe - Stem Ems\" \/>\n<meta property=\"og:description\" content=\"Liste d&#039;attente infinies, h\u00f4pitaux sous stress : la crise de la p\u00e9nurie m\u00e9dicaments en Europe exige des r\u00e9formes imm\u00e9diates\" \/>\n<meta property=\"og:url\" content=\"https:\/\/www.stem.it\/fr\/communaute-web\/penurie-medicaments-un-probleme-a-l-echelle-de-toute-l-europe\/\" \/>\n<meta property=\"og:site_name\" content=\"Stem Ems\" \/>\n<meta property=\"article:publisher\" content=\"https:\/\/www.facebook.com\/stememsemergencymedicalsystems\/\" \/>\n<meta property=\"article:published_time\" content=\"2025-04-11T06:00:17+00:00\" \/>\n<meta property=\"article:modified_time\" content=\"2025-04-11T07:25:45+00:00\" \/>\n<meta property=\"og:image\" content=\"https:\/\/www.stem.it\/wp-content\/uploads\/2025\/04\/15.04-Fuga-dei-medici-dal-sistema-sanitario-italiano-cause-e-soluzioni-THE-EMS-BLOG-833x321-01.jpg\" \/>\n\t<meta property=\"og:image:width\" content=\"833\" \/>\n\t<meta property=\"og:image:height\" content=\"321\" \/>\n\t<meta property=\"og:image:type\" content=\"image\/jpeg\" \/>\n<meta name=\"author\" content=\"webmarketing\" \/>\n<meta name=\"twitter:card\" content=\"summary_large_image\" \/>\n<meta name=\"twitter:label1\" content=\"\u00c9crit par\" \/>\n\t<meta name=\"twitter:data1\" content=\"webmarketing\" \/>\n\t<meta name=\"twitter:label2\" content=\"Dur\u00e9e de lecture estim\u00e9e\" \/>\n\t<meta name=\"twitter:data2\" content=\"8 minutes\" \/>\n<script type=\"application\/ld+json\" class=\"yoast-schema-graph\">{\"@context\":\"https:\\\/\\\/schema.org\",\"@graph\":[{\"@type\":\"Article\",\"@id\":\"https:\\\/\\\/www.stem.it\\\/fr\\\/communaute-web\\\/penurie-medicaments-un-probleme-a-l-echelle-de-toute-l-europe\\\/#article\",\"isPartOf\":{\"@id\":\"https:\\\/\\\/www.stem.it\\\/fr\\\/communaute-web\\\/penurie-medicaments-un-probleme-a-l-echelle-de-toute-l-europe\\\/\"},\"author\":{\"name\":\"webmarketing\",\"@id\":\"https:\\\/\\\/www.stem.it\\\/fr\\\/#\\\/schema\\\/person\\\/54405616b318f734b7a507fd4a0a5476\"},\"headline\":\"P\u00e9nurie m\u00e9dicaments : un probl\u00e8me \u00e0 l&rsquo;\u00e9chelle de toute l&rsquo;Europe\",\"datePublished\":\"2025-04-11T06:00:17+00:00\",\"dateModified\":\"2025-04-11T07:25:45+00:00\",\"mainEntityOfPage\":{\"@id\":\"https:\\\/\\\/www.stem.it\\\/fr\\\/communaute-web\\\/penurie-medicaments-un-probleme-a-l-echelle-de-toute-l-europe\\\/\"},\"wordCount\":1403,\"image\":{\"@id\":\"https:\\\/\\\/www.stem.it\\\/fr\\\/communaute-web\\\/penurie-medicaments-un-probleme-a-l-echelle-de-toute-l-europe\\\/#primaryimage\"},\"thumbnailUrl\":\"https:\\\/\\\/www.stem.it\\\/wp-content\\\/uploads\\\/2025\\\/04\\\/15.04-Fuga-dei-medici-dal-sistema-sanitario-italiano-cause-e-soluzioni-THE-EMS-BLOG-833x321-01.jpg\",\"articleSection\":[\"Communaut\u00e9 Web\"],\"inLanguage\":\"fr-FR\"},{\"@type\":\"WebPage\",\"@id\":\"https:\\\/\\\/www.stem.it\\\/fr\\\/communaute-web\\\/penurie-medicaments-un-probleme-a-l-echelle-de-toute-l-europe\\\/\",\"url\":\"https:\\\/\\\/www.stem.it\\\/fr\\\/communaute-web\\\/penurie-medicaments-un-probleme-a-l-echelle-de-toute-l-europe\\\/\",\"name\":\"P\u00e9nurie m\u00e9dicaments : un probl\u00e8me \u00e0 l'\u00e9chelle de toute l'Europe - Stem Ems\",\"isPartOf\":{\"@id\":\"https:\\\/\\\/www.stem.it\\\/fr\\\/#website\"},\"primaryImageOfPage\":{\"@id\":\"https:\\\/\\\/www.stem.it\\\/fr\\\/communaute-web\\\/penurie-medicaments-un-probleme-a-l-echelle-de-toute-l-europe\\\/#primaryimage\"},\"image\":{\"@id\":\"https:\\\/\\\/www.stem.it\\\/fr\\\/communaute-web\\\/penurie-medicaments-un-probleme-a-l-echelle-de-toute-l-europe\\\/#primaryimage\"},\"thumbnailUrl\":\"https:\\\/\\\/www.stem.it\\\/wp-content\\\/uploads\\\/2025\\\/04\\\/15.04-Fuga-dei-medici-dal-sistema-sanitario-italiano-cause-e-soluzioni-THE-EMS-BLOG-833x321-01.jpg\",\"datePublished\":\"2025-04-11T06:00:17+00:00\",\"dateModified\":\"2025-04-11T07:25:45+00:00\",\"author\":{\"@id\":\"https:\\\/\\\/www.stem.it\\\/fr\\\/#\\\/schema\\\/person\\\/54405616b318f734b7a507fd4a0a5476\"},\"description\":\"Liste d'attente infinies, h\u00f4pitaux sous stress : la crise de la p\u00e9nurie m\u00e9dicaments en Europe exige des r\u00e9formes imm\u00e9diates\",\"breadcrumb\":{\"@id\":\"https:\\\/\\\/www.stem.it\\\/fr\\\/communaute-web\\\/penurie-medicaments-un-probleme-a-l-echelle-de-toute-l-europe\\\/#breadcrumb\"},\"inLanguage\":\"fr-FR\",\"potentialAction\":[{\"@type\":\"ReadAction\",\"target\":[\"https:\\\/\\\/www.stem.it\\\/fr\\\/communaute-web\\\/penurie-medicaments-un-probleme-a-l-echelle-de-toute-l-europe\\\/\"]}]},{\"@type\":\"ImageObject\",\"inLanguage\":\"fr-FR\",\"@id\":\"https:\\\/\\\/www.stem.it\\\/fr\\\/communaute-web\\\/penurie-medicaments-un-probleme-a-l-echelle-de-toute-l-europe\\\/#primaryimage\",\"url\":\"https:\\\/\\\/www.stem.it\\\/wp-content\\\/uploads\\\/2025\\\/04\\\/15.04-Fuga-dei-medici-dal-sistema-sanitario-italiano-cause-e-soluzioni-THE-EMS-BLOG-833x321-01.jpg\",\"contentUrl\":\"https:\\\/\\\/www.stem.it\\\/wp-content\\\/uploads\\\/2025\\\/04\\\/15.04-Fuga-dei-medici-dal-sistema-sanitario-italiano-cause-e-soluzioni-THE-EMS-BLOG-833x321-01.jpg\",\"width\":833,\"height\":321,\"caption\":\"p\u00e9nurie-m\u00e9dicaments\"},{\"@type\":\"BreadcrumbList\",\"@id\":\"https:\\\/\\\/www.stem.it\\\/fr\\\/communaute-web\\\/penurie-medicaments-un-probleme-a-l-echelle-de-toute-l-europe\\\/#breadcrumb\",\"itemListElement\":[{\"@type\":\"ListItem\",\"position\":1,\"name\":\"Home\",\"item\":\"https:\\\/\\\/www.stem.it\\\/fr\\\/\"},{\"@type\":\"ListItem\",\"position\":2,\"name\":\"P\u00e9nurie m\u00e9dicaments : un probl\u00e8me \u00e0 l&#8217;\u00e9chelle de toute l&#8217;Europe\"}]},{\"@type\":\"WebSite\",\"@id\":\"https:\\\/\\\/www.stem.it\\\/fr\\\/#website\",\"url\":\"https:\\\/\\\/www.stem.it\\\/fr\\\/\",\"name\":\"Stem Ems\",\"description\":\"Prodotti di alta qualit\u00e0 per lavoro ed emergenza\",\"potentialAction\":[{\"@type\":\"SearchAction\",\"target\":{\"@type\":\"EntryPoint\",\"urlTemplate\":\"https:\\\/\\\/www.stem.it\\\/fr\\\/?s={search_term_string}\"},\"query-input\":{\"@type\":\"PropertyValueSpecification\",\"valueRequired\":true,\"valueName\":\"search_term_string\"}}],\"inLanguage\":\"fr-FR\"},{\"@type\":\"Person\",\"@id\":\"https:\\\/\\\/www.stem.it\\\/fr\\\/#\\\/schema\\\/person\\\/54405616b318f734b7a507fd4a0a5476\",\"name\":\"webmarketing\",\"image\":{\"@type\":\"ImageObject\",\"inLanguage\":\"fr-FR\",\"@id\":\"https:\\\/\\\/secure.gravatar.com\\\/avatar\\\/55ca24ab9f1b5382f5e97702f12eb1e8c2a749b22d7e6a79ade1e1fffae1338f?s=96&d=mm&r=g\",\"url\":\"https:\\\/\\\/secure.gravatar.com\\\/avatar\\\/55ca24ab9f1b5382f5e97702f12eb1e8c2a749b22d7e6a79ade1e1fffae1338f?s=96&d=mm&r=g\",\"contentUrl\":\"https:\\\/\\\/secure.gravatar.com\\\/avatar\\\/55ca24ab9f1b5382f5e97702f12eb1e8c2a749b22d7e6a79ade1e1fffae1338f?s=96&d=mm&r=g\",\"caption\":\"webmarketing\"}}]}<\/script>\n<!-- \/ Yoast SEO plugin. -->","yoast_head_json":{"title":"P\u00e9nurie m\u00e9dicaments : un probl\u00e8me \u00e0 l'\u00e9chelle de toute l'Europe - Stem Ems","description":"Liste d'attente infinies, h\u00f4pitaux sous stress : la crise de la p\u00e9nurie m\u00e9dicaments en Europe exige des r\u00e9formes imm\u00e9diates","robots":{"index":"index","follow":"follow","max-snippet":"max-snippet:-1","max-image-preview":"max-image-preview:large","max-video-preview":"max-video-preview:-1"},"canonical":"https:\/\/www.stem.it\/fr\/communaute-web\/penurie-medicaments-un-probleme-a-l-echelle-de-toute-l-europe\/","og_locale":"fr_FR","og_type":"article","og_title":"P\u00e9nurie m\u00e9dicaments : un probl\u00e8me \u00e0 l'\u00e9chelle de toute l'Europe - Stem Ems","og_description":"Liste d'attente infinies, h\u00f4pitaux sous stress : la crise de la p\u00e9nurie m\u00e9dicaments en Europe exige des r\u00e9formes imm\u00e9diates","og_url":"https:\/\/www.stem.it\/fr\/communaute-web\/penurie-medicaments-un-probleme-a-l-echelle-de-toute-l-europe\/","og_site_name":"Stem Ems","article_publisher":"https:\/\/www.facebook.com\/stememsemergencymedicalsystems\/","article_published_time":"2025-04-11T06:00:17+00:00","article_modified_time":"2025-04-11T07:25:45+00:00","og_image":[{"width":833,"height":321,"url":"https:\/\/www.stem.it\/wp-content\/uploads\/2025\/04\/15.04-Fuga-dei-medici-dal-sistema-sanitario-italiano-cause-e-soluzioni-THE-EMS-BLOG-833x321-01.jpg","type":"image\/jpeg"}],"author":"webmarketing","twitter_card":"summary_large_image","twitter_misc":{"\u00c9crit par":"webmarketing","Dur\u00e9e de lecture estim\u00e9e":"8 minutes"},"schema":{"@context":"https:\/\/schema.org","@graph":[{"@type":"Article","@id":"https:\/\/www.stem.it\/fr\/communaute-web\/penurie-medicaments-un-probleme-a-l-echelle-de-toute-l-europe\/#article","isPartOf":{"@id":"https:\/\/www.stem.it\/fr\/communaute-web\/penurie-medicaments-un-probleme-a-l-echelle-de-toute-l-europe\/"},"author":{"name":"webmarketing","@id":"https:\/\/www.stem.it\/fr\/#\/schema\/person\/54405616b318f734b7a507fd4a0a5476"},"headline":"P\u00e9nurie m\u00e9dicaments : un probl\u00e8me \u00e0 l&rsquo;\u00e9chelle de toute l&rsquo;Europe","datePublished":"2025-04-11T06:00:17+00:00","dateModified":"2025-04-11T07:25:45+00:00","mainEntityOfPage":{"@id":"https:\/\/www.stem.it\/fr\/communaute-web\/penurie-medicaments-un-probleme-a-l-echelle-de-toute-l-europe\/"},"wordCount":1403,"image":{"@id":"https:\/\/www.stem.it\/fr\/communaute-web\/penurie-medicaments-un-probleme-a-l-echelle-de-toute-l-europe\/#primaryimage"},"thumbnailUrl":"https:\/\/www.stem.it\/wp-content\/uploads\/2025\/04\/15.04-Fuga-dei-medici-dal-sistema-sanitario-italiano-cause-e-soluzioni-THE-EMS-BLOG-833x321-01.jpg","articleSection":["Communaut\u00e9 Web"],"inLanguage":"fr-FR"},{"@type":"WebPage","@id":"https:\/\/www.stem.it\/fr\/communaute-web\/penurie-medicaments-un-probleme-a-l-echelle-de-toute-l-europe\/","url":"https:\/\/www.stem.it\/fr\/communaute-web\/penurie-medicaments-un-probleme-a-l-echelle-de-toute-l-europe\/","name":"P\u00e9nurie m\u00e9dicaments : un probl\u00e8me \u00e0 l'\u00e9chelle de toute l'Europe - Stem Ems","isPartOf":{"@id":"https:\/\/www.stem.it\/fr\/#website"},"primaryImageOfPage":{"@id":"https:\/\/www.stem.it\/fr\/communaute-web\/penurie-medicaments-un-probleme-a-l-echelle-de-toute-l-europe\/#primaryimage"},"image":{"@id":"https:\/\/www.stem.it\/fr\/communaute-web\/penurie-medicaments-un-probleme-a-l-echelle-de-toute-l-europe\/#primaryimage"},"thumbnailUrl":"https:\/\/www.stem.it\/wp-content\/uploads\/2025\/04\/15.04-Fuga-dei-medici-dal-sistema-sanitario-italiano-cause-e-soluzioni-THE-EMS-BLOG-833x321-01.jpg","datePublished":"2025-04-11T06:00:17+00:00","dateModified":"2025-04-11T07:25:45+00:00","author":{"@id":"https:\/\/www.stem.it\/fr\/#\/schema\/person\/54405616b318f734b7a507fd4a0a5476"},"description":"Liste d'attente infinies, h\u00f4pitaux sous stress : la crise de la p\u00e9nurie m\u00e9dicaments en Europe exige des r\u00e9formes imm\u00e9diates","breadcrumb":{"@id":"https:\/\/www.stem.it\/fr\/communaute-web\/penurie-medicaments-un-probleme-a-l-echelle-de-toute-l-europe\/#breadcrumb"},"inLanguage":"fr-FR","potentialAction":[{"@type":"ReadAction","target":["https:\/\/www.stem.it\/fr\/communaute-web\/penurie-medicaments-un-probleme-a-l-echelle-de-toute-l-europe\/"]}]},{"@type":"ImageObject","inLanguage":"fr-FR","@id":"https:\/\/www.stem.it\/fr\/communaute-web\/penurie-medicaments-un-probleme-a-l-echelle-de-toute-l-europe\/#primaryimage","url":"https:\/\/www.stem.it\/wp-content\/uploads\/2025\/04\/15.04-Fuga-dei-medici-dal-sistema-sanitario-italiano-cause-e-soluzioni-THE-EMS-BLOG-833x321-01.jpg","contentUrl":"https:\/\/www.stem.it\/wp-content\/uploads\/2025\/04\/15.04-Fuga-dei-medici-dal-sistema-sanitario-italiano-cause-e-soluzioni-THE-EMS-BLOG-833x321-01.jpg","width":833,"height":321,"caption":"p\u00e9nurie-m\u00e9dicaments"},{"@type":"BreadcrumbList","@id":"https:\/\/www.stem.it\/fr\/communaute-web\/penurie-medicaments-un-probleme-a-l-echelle-de-toute-l-europe\/#breadcrumb","itemListElement":[{"@type":"ListItem","position":1,"name":"Home","item":"https:\/\/www.stem.it\/fr\/"},{"@type":"ListItem","position":2,"name":"P\u00e9nurie m\u00e9dicaments : un probl\u00e8me \u00e0 l&#8217;\u00e9chelle de toute l&#8217;Europe"}]},{"@type":"WebSite","@id":"https:\/\/www.stem.it\/fr\/#website","url":"https:\/\/www.stem.it\/fr\/","name":"Stem Ems","description":"Prodotti di alta qualit\u00e0 per lavoro ed emergenza","potentialAction":[{"@type":"SearchAction","target":{"@type":"EntryPoint","urlTemplate":"https:\/\/www.stem.it\/fr\/?s={search_term_string}"},"query-input":{"@type":"PropertyValueSpecification","valueRequired":true,"valueName":"search_term_string"}}],"inLanguage":"fr-FR"},{"@type":"Person","@id":"https:\/\/www.stem.it\/fr\/#\/schema\/person\/54405616b318f734b7a507fd4a0a5476","name":"webmarketing","image":{"@type":"ImageObject","inLanguage":"fr-FR","@id":"https:\/\/secure.gravatar.com\/avatar\/55ca24ab9f1b5382f5e97702f12eb1e8c2a749b22d7e6a79ade1e1fffae1338f?s=96&d=mm&r=g","url":"https:\/\/secure.gravatar.com\/avatar\/55ca24ab9f1b5382f5e97702f12eb1e8c2a749b22d7e6a79ade1e1fffae1338f?s=96&d=mm&r=g","contentUrl":"https:\/\/secure.gravatar.com\/avatar\/55ca24ab9f1b5382f5e97702f12eb1e8c2a749b22d7e6a79ade1e1fffae1338f?s=96&d=mm&r=g","caption":"webmarketing"}}]}},"_links":{"self":[{"href":"https:\/\/www.stem.it\/fr\/wp-json\/wp\/v2\/posts\/47187","targetHints":{"allow":["GET"]}}],"collection":[{"href":"https:\/\/www.stem.it\/fr\/wp-json\/wp\/v2\/posts"}],"about":[{"href":"https:\/\/www.stem.it\/fr\/wp-json\/wp\/v2\/types\/post"}],"author":[{"embeddable":true,"href":"https:\/\/www.stem.it\/fr\/wp-json\/wp\/v2\/users\/12"}],"replies":[{"embeddable":true,"href":"https:\/\/www.stem.it\/fr\/wp-json\/wp\/v2\/comments?post=47187"}],"version-history":[{"count":3,"href":"https:\/\/www.stem.it\/fr\/wp-json\/wp\/v2\/posts\/47187\/revisions"}],"predecessor-version":[{"id":47391,"href":"https:\/\/www.stem.it\/fr\/wp-json\/wp\/v2\/posts\/47187\/revisions\/47391"}],"wp:featuredmedia":[{"embeddable":true,"href":"https:\/\/www.stem.it\/fr\/wp-json\/wp\/v2\/media\/47217"}],"wp:attachment":[{"href":"https:\/\/www.stem.it\/fr\/wp-json\/wp\/v2\/media?parent=47187"}],"wp:term":[{"taxonomy":"category","embeddable":true,"href":"https:\/\/www.stem.it\/fr\/wp-json\/wp\/v2\/categories?post=47187"},{"taxonomy":"post_tag","embeddable":true,"href":"https:\/\/www.stem.it\/fr\/wp-json\/wp\/v2\/tags?post=47187"}],"curies":[{"name":"wp","href":"https:\/\/api.w.org\/{rel}","templated":true}]}}