{"id":42239,"date":"2024-09-30T08:00:05","date_gmt":"2024-09-30T06:00:05","guid":{"rendered":"https:\/\/www.stem.it\/?p=42239"},"modified":"2024-09-30T14:26:56","modified_gmt":"2024-09-30T12:26:56","slug":"apres-25-ans-de-recherche-eden-xp-la-revolution-des-transports","status":"publish","type":"post","link":"https:\/\/www.stem.it\/fr\/technologies-pour-le-secourisme\/apres-25-ans-de-recherche-eden-xp-la-revolution-des-transports\/","title":{"rendered":"Apr\u00e8s 25 ans de recherche, Eden-XP, la r\u00e9volution des transports"},"content":{"rendered":"\n<p>Dans le domaine du transport m\u00e9dical, la stabilit\u00e9 et la s\u00e9curit\u00e9 du patient pendant le trajet sont cruciales<strong>. <\/strong>Depuis 2000, avec le lancement du projet Eden, Stem a mis au point l&rsquo;une des tables porte-brancard amorties les plus appr\u00e9ci\u00e9es \u00e0 l\u2019\u00e9chelle mondiale. <strong>Aujourd&rsquo;hui, apr\u00e8s plus de deux d\u00e9cennies de recherche et de d\u00e9veloppement, l&rsquo;entreprise pr\u00e9sente l&rsquo;Eden-XP<\/strong>, une \u00e9volution qui marque une avanc\u00e9e significative dans l&rsquo;industrie. Mais qu&rsquo;est-ce qui rend ce dispositif important et quels sont les avantages concrets pour les patients tels que les nouveau-n\u00e9s gravement malades et polytraumatis\u00e9s ? Dans cet article, nous examinons <strong>le r\u00f4le cl\u00e9 de la table porte-brancard<\/strong>, ses <strong>fonctionnalit\u00e9s avanc\u00e9es <\/strong>et des <strong>t\u00e9moignages r\u00e9els<\/strong> d\u00e9montrant son impact crucial.<\/p>\n\n\n\n<h2 class=\"wp-block-heading\"><strong><strong><br><br>Qu&rsquo;est-ce qu&rsquo;une table porte-brancard ? <\/strong><\/strong><br><\/h2>\n\n\n\n<p>Une table porte-brancard est une <strong>structure m\u00e9tallique fix\u00e9e au sol de l&rsquo;ambulance<\/strong>, con\u00e7ue pour accueillir le brancard pendant le transport. Ces supports f<strong>acilitent le chargement \u00e0 bord gr\u00e2ce \u00e0 des rampes de chargement, des rouleaux <\/strong>et des plateaux sortants. Ils permettent de <strong>d\u00e9placer le patient dans la pi\u00e8ce de l&rsquo;ambulance<\/strong> gr\u00e2ce \u00e0 des syst\u00e8mes de d\u00e9placement lat\u00e9ral, ainsi que de r\u00e9gler la hauteur et l&rsquo;inclinaison, dans certains cas. <strong>Toutefois, le confort maximal est assur\u00e9 par les supports amortis.<\/strong><\/p>\n\n\n\n<figure class=\"wp-block-gallery has-nested-images columns-default is-cropped wp-block-gallery-1 is-layout-flex wp-block-gallery-is-layout-flex\">\n<figure class=\"wp-block-image size-large\"><img loading=\"lazy\" decoding=\"async\" width=\"834\" height=\"322\" data-id=\"42170\" src=\"https:\/\/www.stem.it\/wp-content\/uploads\/2024\/09\/EDEN-XP-THE-EMS-BLOG-833x321-08.jpg\" alt=\"R3-L-Stem-Ems\" class=\"wp-image-42170\" srcset=\"https:\/\/www.stem.it\/wp-content\/uploads\/2024\/09\/EDEN-XP-THE-EMS-BLOG-833x321-08.jpg 834w, https:\/\/www.stem.it\/wp-content\/uploads\/2024\/09\/EDEN-XP-THE-EMS-BLOG-833x321-08-300x116.jpg 300w, https:\/\/www.stem.it\/wp-content\/uploads\/2024\/09\/EDEN-XP-THE-EMS-BLOG-833x321-08-768x297.jpg 768w, https:\/\/www.stem.it\/wp-content\/uploads\/2024\/09\/EDEN-XP-THE-EMS-BLOG-833x321-08-705x272.jpg 705w\" sizes=\"auto, (max-width: 834px) 100vw, 834px\" \/><\/figure>\n\n\n\n<figure class=\"wp-block-image size-large\"><img loading=\"lazy\" decoding=\"async\" width=\"834\" height=\"322\" data-id=\"42176\" src=\"https:\/\/www.stem.it\/wp-content\/uploads\/2024\/09\/EDEN-XP-THE-EMS-BLOG-833x321-09.jpg\" alt=\"Moduline-Stem-Ems\" class=\"wp-image-42176\" srcset=\"https:\/\/www.stem.it\/wp-content\/uploads\/2024\/09\/EDEN-XP-THE-EMS-BLOG-833x321-09.jpg 834w, https:\/\/www.stem.it\/wp-content\/uploads\/2024\/09\/EDEN-XP-THE-EMS-BLOG-833x321-09-300x116.jpg 300w, https:\/\/www.stem.it\/wp-content\/uploads\/2024\/09\/EDEN-XP-THE-EMS-BLOG-833x321-09-768x297.jpg 768w, https:\/\/www.stem.it\/wp-content\/uploads\/2024\/09\/EDEN-XP-THE-EMS-BLOG-833x321-09-705x272.jpg 705w\" sizes=\"auto, (max-width: 834px) 100vw, 834px\" \/><\/figure>\n\n\n\n<figure class=\"wp-block-image size-large\"><img loading=\"lazy\" decoding=\"async\" width=\"834\" height=\"322\" data-id=\"42182\" src=\"https:\/\/www.stem.it\/wp-content\/uploads\/2024\/09\/EDEN-XP-THE-EMS-BLOG-833x321-10.jpg\" alt=\"TR-Stem-Ems\" class=\"wp-image-42182\" srcset=\"https:\/\/www.stem.it\/wp-content\/uploads\/2024\/09\/EDEN-XP-THE-EMS-BLOG-833x321-10.jpg 834w, https:\/\/www.stem.it\/wp-content\/uploads\/2024\/09\/EDEN-XP-THE-EMS-BLOG-833x321-10-300x116.jpg 300w, https:\/\/www.stem.it\/wp-content\/uploads\/2024\/09\/EDEN-XP-THE-EMS-BLOG-833x321-10-768x297.jpg 768w, https:\/\/www.stem.it\/wp-content\/uploads\/2024\/09\/EDEN-XP-THE-EMS-BLOG-833x321-10-705x272.jpg 705w\" sizes=\"auto, (max-width: 834px) 100vw, 834px\" \/><\/figure>\n<\/figure>\n\n\n\n<p><\/p>\n\n\n\n<h2 class=\"wp-block-heading\"><strong><br><br>Comment Stem a-t-elle d\u00e9velopp\u00e9 sa technologie pour le syst\u00e8me d\u2019amortissement ?<\/strong><br><\/h2>\n\n\n\n<p>Une suspension amortie n\u2019est pas suffisante. <strong>Si le syst\u00e8me n&rsquo;est pas con\u00e7u correctement, les sollicitations et les vibrations transmises au patient peuvent m\u00eame aggraver son \u00e9tat.<\/strong> Pour garantir des performances optimales, une table porte-brancard amortie doit r\u00e9pondre \u00e0 des <strong>exigences sp\u00e9cifiques<\/strong>. C&rsquo;est pourquoi <strong><a href=\"https:\/\/www.stem.it\/fr\/\" target=\"_blank\" rel=\"noreferrer noopener\">Stem<\/a><\/strong> a d\u00e9velopp\u00e9 des solutions qui \u00e9vitent ce risque, en fournissant un support qui assure <strong>un transport s\u00fbr et stable<\/strong>, m\u00eame dans des conditions difficiles.<\/p>\n\n\n\n<p>Gr\u00e2ce \u00e0 ses <strong>suspensions amortissantes<\/strong>, le support absorbe les vibrations et les chocs, <strong>am\u00e9liorant ainsi l&rsquo;\u00e9tat du patient<\/strong>. En particulier lors de longs transferts ou sur des chemins cahoteux. Diff\u00e9rent d&rsquo;un simple brancard ou d&rsquo;une table, le support amorti se caract\u00e9rise par sa capacit\u00e9 \u00e0 s&rsquo;adapter dynamiquement aux besoins du patient, offrant ainsi un transport plus stable et plus confortable.<\/p>\n\n\n\n<p>Gr\u00e2ce \u00e0 des recherches approfondies et \u00e0 des collaborations avec plusieurs universit\u00e9s, Stem a mis au point des technologies de pointe qui optimisent la suspension du transporteur. Cela permet non seulement de r\u00e9duire les vibrations, mais \u00e9galement de <strong>minimiser la <a href=\"https:\/\/www.larousse.fr\/encyclopedie\/medical\/mal_des_transports\/14343#:~:text=Ensemble%20des%20troubles%20ressentis%20par,plus%20souvent%20pendant%20l'adolescence.\" target=\"_blank\" rel=\"noreferrer noopener\">cin\u00e9tose<\/a><\/strong>, souvent probl\u00e9matique lors de longs transports. Il a \u00e9t\u00e9 prouv\u00e9 qu&rsquo;Eden, gr\u00e2ce \u00e0 son confort optimis\u00e9, diminue le besoin de s\u00e9dation dans les cas critiques, am\u00e9liorant ainsi le bien-\u00eatre du patient. <\/p>\n\n\n\n<p><strong>L&rsquo;id\u00e9e de d\u00e9velopper l&rsquo;Eden est venue de l&rsquo; <a href=\"https:\/\/www.stem.it\/fr\/about\/\" target=\"_blank\" rel=\"noreferrer noopener\">\u00e9quipe R&amp;D<\/a> qui souhaitait r\u00e9pondre \u00e0 la n\u00e9cessit\u00e9 de s\u00e9curiser les transports sanitaires en minimisant les vibrations et les chocs.<\/strong> Cette attention aux d\u00e9tails est particuli\u00e8rement cruciale lors de longs transferts ou dans des situations d&rsquo;urgence. Chaque mouvement peut faire la diff\u00e9rence pour le bien-\u00eatre du patient, en particulier pour les plus vuln\u00e9rables tels que les nouveau-n\u00e9s et les polytraumatis\u00e9s.<br><br><\/p>\n\n\n\n<figure class=\"wp-block-image size-full\"><img loading=\"lazy\" decoding=\"async\" width=\"834\" height=\"322\" src=\"https:\/\/www.stem.it\/wp-content\/uploads\/2024\/09\/EDEN-XP-THE-EMS-BLOG-833x321-04.jpg\" alt=\"Support-de-brancard-amortie-Eden-et-Moduline\" class=\"wp-image-42206\" srcset=\"https:\/\/www.stem.it\/wp-content\/uploads\/2024\/09\/EDEN-XP-THE-EMS-BLOG-833x321-04.jpg 834w, https:\/\/www.stem.it\/wp-content\/uploads\/2024\/09\/EDEN-XP-THE-EMS-BLOG-833x321-04-300x116.jpg 300w, https:\/\/www.stem.it\/wp-content\/uploads\/2024\/09\/EDEN-XP-THE-EMS-BLOG-833x321-04-768x297.jpg 768w, https:\/\/www.stem.it\/wp-content\/uploads\/2024\/09\/EDEN-XP-THE-EMS-BLOG-833x321-04-705x272.jpg 705w\" sizes=\"auto, (max-width: 834px) 100vw, 834px\" \/><\/figure>\n\n\n\n<h2 class=\"wp-block-heading\"><br><br><strong>Eden-XP : la table amortie de nouvelle g\u00e9n\u00e9ration \u00e0 faible consommation<\/strong><br><\/h2>\n\n\n\n<p>L&rsquo;Eden-XP repr\u00e9sente l&rsquo;\u00e9volution de son pr\u00e9d\u00e9cesseur, l&rsquo;<a href=\"https:\/\/www.stem.it\/fr\/produits\/eden-xp-support-de-brancard-de-nouvelle-generation\/\" target=\"_blank\" rel=\"noreferrer noopener\">Eden<\/a>, d\u00e9j\u00e0 reconnu pour ses performances dans le domaine du transport m\u00e9dical. Cette table porte-brancard de nouvelle g\u00e9n\u00e9ration a permis de<strong> r\u00e9duire encore la consommation, d\u00e9j\u00e0 faible sur l&rsquo;Eden, de 30 %<\/strong> gr\u00e2ce \u00e0 un syst\u00e8me de gestion dot\u00e9 d&rsquo;un logiciel avanc\u00e9.<\/p>\n\n\n\n<h3 class=\"wp-block-heading\">Innovations principales de l\u2019Eden-XP :<\/h3>\n\n\n\n<ul class=\"wp-block-list\">\n<li><strong>Garantie jusqu&rsquo;\u00e0 5 ans ou un nombre maximum de services,<\/strong> pour des performances \u00e9lev\u00e9es et durables.<\/li>\n\n\n\n<li><strong>Barres LED <\/strong>\u00e0 couleur variable pour signaler les diff\u00e9rents \u00e9tats de fonctionnement.<\/li>\n\n\n\n<li><strong>Communication Bluetooth int\u00e9gr\u00e9e<\/strong>, permettant une surveillance et un diagnostic en temps r\u00e9el, facilitant la maintenance.<\/li>\n\n\n\n<li><strong>Nouvelle carte m\u00e8re avec protection IP67<\/strong>, garantissant la r\u00e9sistance \u00e0 l&rsquo;eau et la fiabilit\u00e9 m\u00eame dans des environnements extr\u00eames.<\/li>\n<\/ul>\n\n\n\n<p><strong>Outre ces innovations, l&rsquo;Eden-XP conserve les caract\u00e9ristiques principales de la version pr\u00e9c\u00e9dente. <\/strong>Telles que le plateau inclinable \u00e0 hauteur r\u00e9glable et \u00e0 d\u00e9placement lat\u00e9ral, offrant une mobilit\u00e9 totale du patient.<strong> La suspension hydropneumatique a \u00e9t\u00e9 am\u00e9lior\u00e9e. <\/strong>Gr\u00e2ce \u00e0 une nouvelle gestion logicielle, s&rsquo;adaptant automatiquement au poids, \u00e0 partir de 0 kg, pour assurer une stabilit\u00e9 optimale, notamment lors du transport de patients p\u00e9diatriques.<\/p>\n\n\n\n<figure class=\"wp-block-image size-full\"><img loading=\"lazy\" decoding=\"async\" width=\"834\" height=\"322\" src=\"https:\/\/www.stem.it\/wp-content\/uploads\/2024\/09\/EDEN-XP-THE-EMS-BLOG-833x321-02-4.jpg\" alt=\"Eden-XP-en-mouvement\" class=\"wp-image-42188\" srcset=\"https:\/\/www.stem.it\/wp-content\/uploads\/2024\/09\/EDEN-XP-THE-EMS-BLOG-833x321-02-4.jpg 834w, https:\/\/www.stem.it\/wp-content\/uploads\/2024\/09\/EDEN-XP-THE-EMS-BLOG-833x321-02-4-300x116.jpg 300w, https:\/\/www.stem.it\/wp-content\/uploads\/2024\/09\/EDEN-XP-THE-EMS-BLOG-833x321-02-4-768x297.jpg 768w, https:\/\/www.stem.it\/wp-content\/uploads\/2024\/09\/EDEN-XP-THE-EMS-BLOG-833x321-02-4-705x272.jpg 705w\" sizes=\"auto, (max-width: 834px) 100vw, 834px\" \/><\/figure>\n\n\n\n<h2 class=\"wp-block-heading\"><strong><br><br><\/strong><br><br>La table porte-brancard amortie dans le transport n\u00e9onatal<br><\/h2>\n\n\n\n<figure class=\"wp-block-image size-full\"><img loading=\"lazy\" decoding=\"async\" width=\"834\" height=\"322\" src=\"https:\/\/www.stem.it\/wp-content\/uploads\/2024\/09\/EDEN-XP-THE-EMS-BLOG-833x321-06.jpg\" alt=\"table porte-brancard-amortie-dans-le-transport-n\u00e9onatal\" class=\"wp-image-42218\" srcset=\"https:\/\/www.stem.it\/wp-content\/uploads\/2024\/09\/EDEN-XP-THE-EMS-BLOG-833x321-06.jpg 834w, https:\/\/www.stem.it\/wp-content\/uploads\/2024\/09\/EDEN-XP-THE-EMS-BLOG-833x321-06-300x116.jpg 300w, https:\/\/www.stem.it\/wp-content\/uploads\/2024\/09\/EDEN-XP-THE-EMS-BLOG-833x321-06-768x297.jpg 768w, https:\/\/www.stem.it\/wp-content\/uploads\/2024\/09\/EDEN-XP-THE-EMS-BLOG-833x321-06-705x272.jpg 705w\" sizes=\"auto, (max-width: 834px) 100vw, 834px\" \/><\/figure>\n\n\n\n<p>L&rsquo;utilisation des tables porte-brancard amorties est particuli\u00e8rement significatif dans le transport n\u00e9onatal. Comme le souligne le Dr <strong>Irma Capolupo, responsable du service de transport d&rsquo;urgence n\u00e9onatal \u00e0 <a href=\"https:\/\/www.ospedalebambinogesu.it\/\" target=\"_blank\" rel=\"noreferrer noopener\">l&rsquo;h\u00f4pital<br>pour enfants Bambino Ges\u00f9 de l&rsquo;IRCCS \u00e0 Rome<\/a>,<\/strong> lors d&rsquo;un entretien \u00e0 la conf\u00e9rence EMCT 2019, \u00ab pour les nouveau-n\u00e9s gravement malades, la table porte-brancard amortie est essentiel. Dans notre exp\u00e9rience clinique, nous avons constat\u00e9 une diff\u00e9rence significative dans le r\u00e9sultat des patients utilisant ce syst\u00e8me. Les tr\u00e8s petits nouveau-n\u00e9s, dont le poids est inf\u00e9rieur \u00e0 un kilogramme, et les patients atteints de pathologies s\u00e9v\u00e8res telles que la hernie diaphragmatique cong\u00e9nitale, pr\u00e9sentent de nettes am\u00e9liorations gr\u00e2ce \u00e0 la r\u00e9duction de sollicitations pendant le transport \u00bb.<\/p>\n\n\n\n<figure class=\"wp-block-embed is-type-video is-provider-youtube wp-block-embed-youtube wp-embed-aspect-16-9 wp-has-aspect-ratio\"><div class=\"wp-block-embed__wrapper\">\n<div class='avia-iframe-wrap'><iframe loading=\"lazy\" title=\"Donn\u00e9es cliniques sur l\u2019utilisation de tables porte-brancard amorties en transport p\u00e9diatrique\" width=\"1500\" height=\"844\" src=\"https:\/\/www.youtube.com\/embed\/R3XNDfiAzu4?feature=oembed\" frameborder=\"0\" allow=\"accelerometer; autoplay; clipboard-write; encrypted-media; gyroscope; picture-in-picture; web-share\" referrerpolicy=\"strict-origin-when-cross-origin\" allowfullscreen><\/iframe><\/div>\n<\/div><\/figure>\n\n\n\n<p>Le Dr <strong>Carlo Bellini, directeur de<a href=\"https:\/\/www.gaslini.org\/\" target=\"_blank\" rel=\"noreferrer noopener\"> l&rsquo;h\u00f4pital p\u00e9diatrique UO STEN Istituto Giannina Gaslini \u00e0 G\u00eanes<\/a><\/strong>, souligne que les mouvements verticaux pendant le transport peuvent augmenter le risque d&rsquo;extubation chez les nouveau-n\u00e9s intub\u00e9s.<\/p>\n\n\n\n<p>\u00ab\u00a0Un petit mouvement de l&rsquo;enfant, d\u00fb \u00e0 des secousses \u00bb, souligne-t-il, \u00ab\u00a0peut entra\u00eener un <strong>risque \u00e9lev\u00e9 d&rsquo;extubation<\/strong>, d&rsquo;o\u00f9 la n\u00e9cessit\u00e9 d&rsquo;un support amorti pour garantir la stabilit\u00e9 du patient.\u00a0\u00bb<\/p>\n\n\n\n<figure class=\"wp-block-image size-full\"><img loading=\"lazy\" decoding=\"async\" width=\"834\" height=\"322\" src=\"https:\/\/www.stem.it\/wp-content\/uploads\/2024\/09\/EDEN-XP-THE-EMS-BLOG-833x321-03-1.jpg\" alt=\"Emct-2019-Carlo-Bellini\" class=\"wp-image-42200\" srcset=\"https:\/\/www.stem.it\/wp-content\/uploads\/2024\/09\/EDEN-XP-THE-EMS-BLOG-833x321-03-1.jpg 834w, https:\/\/www.stem.it\/wp-content\/uploads\/2024\/09\/EDEN-XP-THE-EMS-BLOG-833x321-03-1-300x116.jpg 300w, https:\/\/www.stem.it\/wp-content\/uploads\/2024\/09\/EDEN-XP-THE-EMS-BLOG-833x321-03-1-768x297.jpg 768w, https:\/\/www.stem.it\/wp-content\/uploads\/2024\/09\/EDEN-XP-THE-EMS-BLOG-833x321-03-1-705x272.jpg 705w\" sizes=\"auto, (max-width: 834px) 100vw, 834px\" \/><\/figure>\n\n\n\n<p>Le support amorti joue donc un r\u00f4le essentiel.<\/p>\n\n\n\n<p>\u00ab\u00a0Lorsque l&rsquo;enfant est soumis \u00e0 un effort, le mouvement vertical qui en r\u00e9sulte est pr\u00e9cis\u00e9ment ce que le support amorti est cens\u00e9 att\u00e9nuer. Un bon transport repose sur un contr\u00f4le permanent de l&rsquo;enfant, qui doit \u00eatre stabilis\u00e9 de mani\u00e8re optimale avant le d\u00e9part. Le transport n&rsquo;est en fait qu&rsquo;un transfert : <strong>si l&rsquo;enfant est parfaitement stabilis\u00e9, le besoin de courir est \u00e9galement r\u00e9duit.<\/strong>\u00a0\u00bb<\/p>\n\n\n\n<h3 class=\"wp-block-heading\"><\/h3>\n\n\n\n<figure class=\"wp-block-embed is-type-video is-provider-youtube wp-block-embed-youtube wp-embed-aspect-16-9 wp-has-aspect-ratio\"><div class=\"wp-block-embed__wrapper\">\n<div class='avia-iframe-wrap'><iframe loading=\"lazy\" title=\"Tables porte-brancard pour le transport n\u00e9onatal | Stem Technology\" width=\"1500\" height=\"844\" src=\"https:\/\/www.youtube.com\/embed\/7oHKCx-rPtQ?feature=oembed\" frameborder=\"0\" allow=\"accelerometer; autoplay; clipboard-write; encrypted-media; gyroscope; picture-in-picture; web-share\" referrerpolicy=\"strict-origin-when-cross-origin\" allowfullscreen><\/iframe><\/div>\n<\/div><\/figure>\n\n\n\n<h2 class=\"wp-block-heading\"><strong><br><br>T\u00e9moignages de patients : l&rsquo;histoire de Davide Villa<br><\/strong><\/h2>\n\n\n\n<p>Une autre histoire qui souligne l&rsquo;importance des supports amortis est celle de Davide Villa. Suite \u00e0 un grave accident, Davide \u00e9tait dans un \u00e9tat critique et devait \u00eatre <strong>transport\u00e9 quotidiennement de Pavie<\/strong>, o\u00f9 il \u00e9tait hospitalis\u00e9, \u00e0 l&rsquo;h\u00f4pital de Niguarda pour y \u00eatre trait\u00e9 dans un caisson hyperbare, <strong>ce qui a permis d&rsquo;\u00e9viter l&rsquo;amputation de la partie inf\u00e9rieure de sa jambe.<\/strong><\/p>\n\n\n\n<figure class=\"wp-block-image size-full\"><img loading=\"lazy\" decoding=\"async\" width=\"834\" height=\"322\" src=\"https:\/\/www.stem.it\/wp-content\/uploads\/2024\/09\/EDEN-XP-THE-EMS-BLOG-833x321-05.jpg\" alt=\"Davide-Villa-patients\" class=\"wp-image-42212\" srcset=\"https:\/\/www.stem.it\/wp-content\/uploads\/2024\/09\/EDEN-XP-THE-EMS-BLOG-833x321-05.jpg 834w, https:\/\/www.stem.it\/wp-content\/uploads\/2024\/09\/EDEN-XP-THE-EMS-BLOG-833x321-05-300x116.jpg 300w, https:\/\/www.stem.it\/wp-content\/uploads\/2024\/09\/EDEN-XP-THE-EMS-BLOG-833x321-05-768x297.jpg 768w, https:\/\/www.stem.it\/wp-content\/uploads\/2024\/09\/EDEN-XP-THE-EMS-BLOG-833x321-05-705x272.jpg 705w\" sizes=\"auto, (max-width: 834px) 100vw, 834px\" \/><\/figure>\n\n\n\n<p>\u00ab\u00a0L&rsquo;ambulance SOS Pavese, \u00e9quip\u00e9e du <strong>support amorti Stem<\/strong> \u00bb, dit-il, \u00ab\u00a0<strong>m&rsquo;a permis d\u2019affronter ces voyages sans traumatisme suppl\u00e9mentaire.<\/strong> J&rsquo;ai eu l&rsquo;occasion d\u2019essayer des ambulances sans support amorti, et la diff\u00e9rence \u00e9tait remarquable. La quantit\u00e9 de vibrations transmises \u00e0 ma jambe \u00e9tait moindre, ce qui m&rsquo;a permis de vivre une situation extr\u00eamement difficile avec plus de s\u00e9r\u00e9nit\u00e9.\u00a0\u00bb<\/p>\n\n\n\n<h2 class=\"wp-block-heading\"><\/h2>\n\n\n\n<figure class=\"wp-block-embed is-type-video is-provider-youtube wp-block-embed-youtube wp-embed-aspect-16-9 wp-has-aspect-ratio\"><div class=\"wp-block-embed__wrapper\">\n<div class='avia-iframe-wrap'><iframe loading=\"lazy\" title=\"T\u00e9moignage de Davide sur l\u2019importance de la table porte-brancard amortie | Stem Technology\" width=\"1500\" height=\"844\" src=\"https:\/\/www.youtube.com\/embed\/nvmprlO1-wo?feature=oembed\" frameborder=\"0\" allow=\"accelerometer; autoplay; clipboard-write; encrypted-media; gyroscope; picture-in-picture; web-share\" referrerpolicy=\"strict-origin-when-cross-origin\" allowfullscreen><\/iframe><\/div>\n<\/div><\/figure>\n\n\n\n<h2 class=\"wp-block-heading\"><strong>Une innovation pour l&rsquo;avenir du secours<\/strong><\/h2>\n\n\n\n<p>Dans la mani\u00e8re dont les urgences sont g\u00e9r\u00e9es, l&rsquo;accent est mis de plus en plus sur la stabilisation du patient avant le transport. Dans ce contexte, l&rsquo;importance d&rsquo;une <strong>table porte-brancard correctement amortie<\/strong> et test\u00e9e est \u00e9vidente. Il ne s&rsquo;agit pas seulement d&rsquo;une structure qui facilite le chargement et le d\u00e9chargement du brancard, mais d&rsquo;un <strong>dispositif qui peut directement am\u00e9liorer le r\u00e9sultat clinique du patient.<\/strong><\/p>\n\n\n\n<p>Stem continue d&rsquo;investir dans la recherche et le d\u00e9veloppement afin d&rsquo;am\u00e9liorer encore ses produits, dans le but de garantir toujours plus de confort et de s\u00e9curit\u00e9, non seulement pour les patients, mais aussi pour le personnel soignant. Gr\u00e2ce \u00e0 des solutions comme l&rsquo;Eden-XP, le transport m\u00e9dical fait de grands progr\u00e8s vers une prise en charge plus s\u00fbre et plus efficace des urgences m\u00e9dicales.<\/p>\n","protected":false},"excerpt":{"rendered":"<p>Dans le domaine du transport m\u00e9dical, la stabilit\u00e9 et la s\u00e9curit\u00e9 du patient pendant le trajet sont cruciales. Depuis 2000, avec le lancement du projet Eden, Stem a mis au [&hellip;]<\/p>\n","protected":false},"author":12,"featured_media":42196,"comment_status":"closed","ping_status":"closed","sticky":false,"template":"","format":"standard","meta":{"footnotes":""},"categories":[247],"tags":[],"class_list":["post-42239","post","type-post","status-publish","format-standard","has-post-thumbnail","hentry","category-technologies-pour-le-secourisme"],"yoast_head":"<!-- This site is optimized with the Yoast SEO plugin v27.4 - https:\/\/yoast.com\/product\/yoast-seo-wordpress\/ -->\n<title>Apr\u00e8s 25 ans de recherche, Eden-XP, la r\u00e9volution des transports - Stem Ems<\/title>\n<meta name=\"description\" content=\"Eden-XP r\u00e9volutionne le transport sanitarie gr\u00e2ce \u00e0 un support de civi\u00e9re amorti, s\u00fbr et \u00e9conome en \u00e9nergie\" \/>\n<meta name=\"robots\" content=\"index, follow, max-snippet:-1, max-image-preview:large, max-video-preview:-1\" \/>\n<link rel=\"canonical\" href=\"https:\/\/www.stem.it\/fr\/technologies-pour-le-secourisme\/apres-25-ans-de-recherche-eden-xp-la-revolution-des-transports\/\" \/>\n<meta property=\"og:locale\" content=\"fr_FR\" \/>\n<meta property=\"og:type\" content=\"article\" \/>\n<meta property=\"og:title\" content=\"Apr\u00e8s 25 ans de recherche, Eden-XP, la r\u00e9volution des transports - Stem Ems\" \/>\n<meta property=\"og:description\" content=\"Eden-XP r\u00e9volutionne le transport sanitarie gr\u00e2ce \u00e0 un support de civi\u00e9re amorti, s\u00fbr et \u00e9conome en \u00e9nergie\" \/>\n<meta property=\"og:url\" content=\"https:\/\/www.stem.it\/fr\/technologies-pour-le-secourisme\/apres-25-ans-de-recherche-eden-xp-la-revolution-des-transports\/\" \/>\n<meta property=\"og:site_name\" content=\"Stem Ems\" \/>\n<meta property=\"article:publisher\" content=\"https:\/\/www.facebook.com\/stememsemergencymedicalsystems\/\" \/>\n<meta property=\"article:published_time\" content=\"2024-09-30T06:00:05+00:00\" \/>\n<meta property=\"article:modified_time\" content=\"2024-09-30T12:26:56+00:00\" \/>\n<meta property=\"og:image\" content=\"https:\/\/www.stem.it\/wp-content\/uploads\/2024\/09\/EDEN-XP-THE-EMS-BLOG-833x321-01-1.jpg\" \/>\n\t<meta property=\"og:image:width\" content=\"834\" \/>\n\t<meta property=\"og:image:height\" content=\"322\" \/>\n\t<meta property=\"og:image:type\" content=\"image\/jpeg\" \/>\n<meta name=\"author\" content=\"webmarketing\" \/>\n<meta name=\"twitter:card\" content=\"summary_large_image\" \/>\n<meta name=\"twitter:label1\" content=\"\u00c9crit par\" \/>\n\t<meta name=\"twitter:data1\" content=\"webmarketing\" \/>\n\t<meta name=\"twitter:label2\" content=\"Dur\u00e9e de lecture estim\u00e9e\" \/>\n\t<meta name=\"twitter:data2\" content=\"8 minutes\" \/>\n<script type=\"application\/ld+json\" class=\"yoast-schema-graph\">{\"@context\":\"https:\\\/\\\/schema.org\",\"@graph\":[{\"@type\":\"Article\",\"@id\":\"https:\\\/\\\/www.stem.it\\\/fr\\\/technologies-pour-le-secourisme\\\/apres-25-ans-de-recherche-eden-xp-la-revolution-des-transports\\\/#article\",\"isPartOf\":{\"@id\":\"https:\\\/\\\/www.stem.it\\\/fr\\\/technologies-pour-le-secourisme\\\/apres-25-ans-de-recherche-eden-xp-la-revolution-des-transports\\\/\"},\"author\":{\"name\":\"webmarketing\",\"@id\":\"https:\\\/\\\/www.stem.it\\\/fr\\\/#\\\/schema\\\/person\\\/54405616b318f734b7a507fd4a0a5476\"},\"headline\":\"Apr\u00e8s 25 ans de recherche, Eden-XP, la r\u00e9volution des transports\",\"datePublished\":\"2024-09-30T06:00:05+00:00\",\"dateModified\":\"2024-09-30T12:26:56+00:00\",\"mainEntityOfPage\":{\"@id\":\"https:\\\/\\\/www.stem.it\\\/fr\\\/technologies-pour-le-secourisme\\\/apres-25-ans-de-recherche-eden-xp-la-revolution-des-transports\\\/\"},\"wordCount\":1389,\"image\":{\"@id\":\"https:\\\/\\\/www.stem.it\\\/fr\\\/technologies-pour-le-secourisme\\\/apres-25-ans-de-recherche-eden-xp-la-revolution-des-transports\\\/#primaryimage\"},\"thumbnailUrl\":\"https:\\\/\\\/www.stem.it\\\/wp-content\\\/uploads\\\/2024\\\/09\\\/EDEN-XP-THE-EMS-BLOG-833x321-01-1.jpg\",\"articleSection\":[\"Technologies pour le secourisme\"],\"inLanguage\":\"fr-FR\"},{\"@type\":\"WebPage\",\"@id\":\"https:\\\/\\\/www.stem.it\\\/fr\\\/technologies-pour-le-secourisme\\\/apres-25-ans-de-recherche-eden-xp-la-revolution-des-transports\\\/\",\"url\":\"https:\\\/\\\/www.stem.it\\\/fr\\\/technologies-pour-le-secourisme\\\/apres-25-ans-de-recherche-eden-xp-la-revolution-des-transports\\\/\",\"name\":\"Apr\u00e8s 25 ans de recherche, Eden-XP, la r\u00e9volution des transports - Stem Ems\",\"isPartOf\":{\"@id\":\"https:\\\/\\\/www.stem.it\\\/fr\\\/#website\"},\"primaryImageOfPage\":{\"@id\":\"https:\\\/\\\/www.stem.it\\\/fr\\\/technologies-pour-le-secourisme\\\/apres-25-ans-de-recherche-eden-xp-la-revolution-des-transports\\\/#primaryimage\"},\"image\":{\"@id\":\"https:\\\/\\\/www.stem.it\\\/fr\\\/technologies-pour-le-secourisme\\\/apres-25-ans-de-recherche-eden-xp-la-revolution-des-transports\\\/#primaryimage\"},\"thumbnailUrl\":\"https:\\\/\\\/www.stem.it\\\/wp-content\\\/uploads\\\/2024\\\/09\\\/EDEN-XP-THE-EMS-BLOG-833x321-01-1.jpg\",\"datePublished\":\"2024-09-30T06:00:05+00:00\",\"dateModified\":\"2024-09-30T12:26:56+00:00\",\"author\":{\"@id\":\"https:\\\/\\\/www.stem.it\\\/fr\\\/#\\\/schema\\\/person\\\/54405616b318f734b7a507fd4a0a5476\"},\"description\":\"Eden-XP r\u00e9volutionne le transport sanitarie gr\u00e2ce \u00e0 un support de civi\u00e9re amorti, s\u00fbr et \u00e9conome en \u00e9nergie\",\"breadcrumb\":{\"@id\":\"https:\\\/\\\/www.stem.it\\\/fr\\\/technologies-pour-le-secourisme\\\/apres-25-ans-de-recherche-eden-xp-la-revolution-des-transports\\\/#breadcrumb\"},\"inLanguage\":\"fr-FR\",\"potentialAction\":[{\"@type\":\"ReadAction\",\"target\":[\"https:\\\/\\\/www.stem.it\\\/fr\\\/technologies-pour-le-secourisme\\\/apres-25-ans-de-recherche-eden-xp-la-revolution-des-transports\\\/\"]}]},{\"@type\":\"ImageObject\",\"inLanguage\":\"fr-FR\",\"@id\":\"https:\\\/\\\/www.stem.it\\\/fr\\\/technologies-pour-le-secourisme\\\/apres-25-ans-de-recherche-eden-xp-la-revolution-des-transports\\\/#primaryimage\",\"url\":\"https:\\\/\\\/www.stem.it\\\/wp-content\\\/uploads\\\/2024\\\/09\\\/EDEN-XP-THE-EMS-BLOG-833x321-01-1.jpg\",\"contentUrl\":\"https:\\\/\\\/www.stem.it\\\/wp-content\\\/uploads\\\/2024\\\/09\\\/EDEN-XP-THE-EMS-BLOG-833x321-01-1.jpg\",\"width\":834,\"height\":322,\"caption\":\"Eden-XP\"},{\"@type\":\"BreadcrumbList\",\"@id\":\"https:\\\/\\\/www.stem.it\\\/fr\\\/technologies-pour-le-secourisme\\\/apres-25-ans-de-recherche-eden-xp-la-revolution-des-transports\\\/#breadcrumb\",\"itemListElement\":[{\"@type\":\"ListItem\",\"position\":1,\"name\":\"Home\",\"item\":\"https:\\\/\\\/www.stem.it\\\/fr\\\/\"},{\"@type\":\"ListItem\",\"position\":2,\"name\":\"Apr\u00e8s 25 ans de recherche, Eden-XP, la r\u00e9volution des transports\"}]},{\"@type\":\"WebSite\",\"@id\":\"https:\\\/\\\/www.stem.it\\\/fr\\\/#website\",\"url\":\"https:\\\/\\\/www.stem.it\\\/fr\\\/\",\"name\":\"Stem Ems\",\"description\":\"Prodotti di alta qualit\u00e0 per lavoro ed emergenza\",\"potentialAction\":[{\"@type\":\"SearchAction\",\"target\":{\"@type\":\"EntryPoint\",\"urlTemplate\":\"https:\\\/\\\/www.stem.it\\\/fr\\\/?s={search_term_string}\"},\"query-input\":{\"@type\":\"PropertyValueSpecification\",\"valueRequired\":true,\"valueName\":\"search_term_string\"}}],\"inLanguage\":\"fr-FR\"},{\"@type\":\"Person\",\"@id\":\"https:\\\/\\\/www.stem.it\\\/fr\\\/#\\\/schema\\\/person\\\/54405616b318f734b7a507fd4a0a5476\",\"name\":\"webmarketing\",\"image\":{\"@type\":\"ImageObject\",\"inLanguage\":\"fr-FR\",\"@id\":\"https:\\\/\\\/secure.gravatar.com\\\/avatar\\\/55ca24ab9f1b5382f5e97702f12eb1e8c2a749b22d7e6a79ade1e1fffae1338f?s=96&d=mm&r=g\",\"url\":\"https:\\\/\\\/secure.gravatar.com\\\/avatar\\\/55ca24ab9f1b5382f5e97702f12eb1e8c2a749b22d7e6a79ade1e1fffae1338f?s=96&d=mm&r=g\",\"contentUrl\":\"https:\\\/\\\/secure.gravatar.com\\\/avatar\\\/55ca24ab9f1b5382f5e97702f12eb1e8c2a749b22d7e6a79ade1e1fffae1338f?s=96&d=mm&r=g\",\"caption\":\"webmarketing\"}}]}<\/script>\n<!-- \/ Yoast SEO plugin. -->","yoast_head_json":{"title":"Apr\u00e8s 25 ans de recherche, Eden-XP, la r\u00e9volution des transports - Stem Ems","description":"Eden-XP r\u00e9volutionne le transport sanitarie gr\u00e2ce \u00e0 un support de civi\u00e9re amorti, s\u00fbr et \u00e9conome en \u00e9nergie","robots":{"index":"index","follow":"follow","max-snippet":"max-snippet:-1","max-image-preview":"max-image-preview:large","max-video-preview":"max-video-preview:-1"},"canonical":"https:\/\/www.stem.it\/fr\/technologies-pour-le-secourisme\/apres-25-ans-de-recherche-eden-xp-la-revolution-des-transports\/","og_locale":"fr_FR","og_type":"article","og_title":"Apr\u00e8s 25 ans de recherche, Eden-XP, la r\u00e9volution des transports - Stem Ems","og_description":"Eden-XP r\u00e9volutionne le transport sanitarie gr\u00e2ce \u00e0 un support de civi\u00e9re amorti, s\u00fbr et \u00e9conome en \u00e9nergie","og_url":"https:\/\/www.stem.it\/fr\/technologies-pour-le-secourisme\/apres-25-ans-de-recherche-eden-xp-la-revolution-des-transports\/","og_site_name":"Stem Ems","article_publisher":"https:\/\/www.facebook.com\/stememsemergencymedicalsystems\/","article_published_time":"2024-09-30T06:00:05+00:00","article_modified_time":"2024-09-30T12:26:56+00:00","og_image":[{"width":834,"height":322,"url":"https:\/\/www.stem.it\/wp-content\/uploads\/2024\/09\/EDEN-XP-THE-EMS-BLOG-833x321-01-1.jpg","type":"image\/jpeg"}],"author":"webmarketing","twitter_card":"summary_large_image","twitter_misc":{"\u00c9crit par":"webmarketing","Dur\u00e9e de lecture estim\u00e9e":"8 minutes"},"schema":{"@context":"https:\/\/schema.org","@graph":[{"@type":"Article","@id":"https:\/\/www.stem.it\/fr\/technologies-pour-le-secourisme\/apres-25-ans-de-recherche-eden-xp-la-revolution-des-transports\/#article","isPartOf":{"@id":"https:\/\/www.stem.it\/fr\/technologies-pour-le-secourisme\/apres-25-ans-de-recherche-eden-xp-la-revolution-des-transports\/"},"author":{"name":"webmarketing","@id":"https:\/\/www.stem.it\/fr\/#\/schema\/person\/54405616b318f734b7a507fd4a0a5476"},"headline":"Apr\u00e8s 25 ans de recherche, Eden-XP, la r\u00e9volution des transports","datePublished":"2024-09-30T06:00:05+00:00","dateModified":"2024-09-30T12:26:56+00:00","mainEntityOfPage":{"@id":"https:\/\/www.stem.it\/fr\/technologies-pour-le-secourisme\/apres-25-ans-de-recherche-eden-xp-la-revolution-des-transports\/"},"wordCount":1389,"image":{"@id":"https:\/\/www.stem.it\/fr\/technologies-pour-le-secourisme\/apres-25-ans-de-recherche-eden-xp-la-revolution-des-transports\/#primaryimage"},"thumbnailUrl":"https:\/\/www.stem.it\/wp-content\/uploads\/2024\/09\/EDEN-XP-THE-EMS-BLOG-833x321-01-1.jpg","articleSection":["Technologies pour le secourisme"],"inLanguage":"fr-FR"},{"@type":"WebPage","@id":"https:\/\/www.stem.it\/fr\/technologies-pour-le-secourisme\/apres-25-ans-de-recherche-eden-xp-la-revolution-des-transports\/","url":"https:\/\/www.stem.it\/fr\/technologies-pour-le-secourisme\/apres-25-ans-de-recherche-eden-xp-la-revolution-des-transports\/","name":"Apr\u00e8s 25 ans de recherche, Eden-XP, la r\u00e9volution des transports - Stem Ems","isPartOf":{"@id":"https:\/\/www.stem.it\/fr\/#website"},"primaryImageOfPage":{"@id":"https:\/\/www.stem.it\/fr\/technologies-pour-le-secourisme\/apres-25-ans-de-recherche-eden-xp-la-revolution-des-transports\/#primaryimage"},"image":{"@id":"https:\/\/www.stem.it\/fr\/technologies-pour-le-secourisme\/apres-25-ans-de-recherche-eden-xp-la-revolution-des-transports\/#primaryimage"},"thumbnailUrl":"https:\/\/www.stem.it\/wp-content\/uploads\/2024\/09\/EDEN-XP-THE-EMS-BLOG-833x321-01-1.jpg","datePublished":"2024-09-30T06:00:05+00:00","dateModified":"2024-09-30T12:26:56+00:00","author":{"@id":"https:\/\/www.stem.it\/fr\/#\/schema\/person\/54405616b318f734b7a507fd4a0a5476"},"description":"Eden-XP r\u00e9volutionne le transport sanitarie gr\u00e2ce \u00e0 un support de civi\u00e9re amorti, s\u00fbr et \u00e9conome en \u00e9nergie","breadcrumb":{"@id":"https:\/\/www.stem.it\/fr\/technologies-pour-le-secourisme\/apres-25-ans-de-recherche-eden-xp-la-revolution-des-transports\/#breadcrumb"},"inLanguage":"fr-FR","potentialAction":[{"@type":"ReadAction","target":["https:\/\/www.stem.it\/fr\/technologies-pour-le-secourisme\/apres-25-ans-de-recherche-eden-xp-la-revolution-des-transports\/"]}]},{"@type":"ImageObject","inLanguage":"fr-FR","@id":"https:\/\/www.stem.it\/fr\/technologies-pour-le-secourisme\/apres-25-ans-de-recherche-eden-xp-la-revolution-des-transports\/#primaryimage","url":"https:\/\/www.stem.it\/wp-content\/uploads\/2024\/09\/EDEN-XP-THE-EMS-BLOG-833x321-01-1.jpg","contentUrl":"https:\/\/www.stem.it\/wp-content\/uploads\/2024\/09\/EDEN-XP-THE-EMS-BLOG-833x321-01-1.jpg","width":834,"height":322,"caption":"Eden-XP"},{"@type":"BreadcrumbList","@id":"https:\/\/www.stem.it\/fr\/technologies-pour-le-secourisme\/apres-25-ans-de-recherche-eden-xp-la-revolution-des-transports\/#breadcrumb","itemListElement":[{"@type":"ListItem","position":1,"name":"Home","item":"https:\/\/www.stem.it\/fr\/"},{"@type":"ListItem","position":2,"name":"Apr\u00e8s 25 ans de recherche, Eden-XP, la r\u00e9volution des transports"}]},{"@type":"WebSite","@id":"https:\/\/www.stem.it\/fr\/#website","url":"https:\/\/www.stem.it\/fr\/","name":"Stem Ems","description":"Prodotti di alta qualit\u00e0 per lavoro ed emergenza","potentialAction":[{"@type":"SearchAction","target":{"@type":"EntryPoint","urlTemplate":"https:\/\/www.stem.it\/fr\/?s={search_term_string}"},"query-input":{"@type":"PropertyValueSpecification","valueRequired":true,"valueName":"search_term_string"}}],"inLanguage":"fr-FR"},{"@type":"Person","@id":"https:\/\/www.stem.it\/fr\/#\/schema\/person\/54405616b318f734b7a507fd4a0a5476","name":"webmarketing","image":{"@type":"ImageObject","inLanguage":"fr-FR","@id":"https:\/\/secure.gravatar.com\/avatar\/55ca24ab9f1b5382f5e97702f12eb1e8c2a749b22d7e6a79ade1e1fffae1338f?s=96&d=mm&r=g","url":"https:\/\/secure.gravatar.com\/avatar\/55ca24ab9f1b5382f5e97702f12eb1e8c2a749b22d7e6a79ade1e1fffae1338f?s=96&d=mm&r=g","contentUrl":"https:\/\/secure.gravatar.com\/avatar\/55ca24ab9f1b5382f5e97702f12eb1e8c2a749b22d7e6a79ade1e1fffae1338f?s=96&d=mm&r=g","caption":"webmarketing"}}]}},"_links":{"self":[{"href":"https:\/\/www.stem.it\/fr\/wp-json\/wp\/v2\/posts\/42239","targetHints":{"allow":["GET"]}}],"collection":[{"href":"https:\/\/www.stem.it\/fr\/wp-json\/wp\/v2\/posts"}],"about":[{"href":"https:\/\/www.stem.it\/fr\/wp-json\/wp\/v2\/types\/post"}],"author":[{"embeddable":true,"href":"https:\/\/www.stem.it\/fr\/wp-json\/wp\/v2\/users\/12"}],"replies":[{"embeddable":true,"href":"https:\/\/www.stem.it\/fr\/wp-json\/wp\/v2\/comments?post=42239"}],"version-history":[{"count":3,"href":"https:\/\/www.stem.it\/fr\/wp-json\/wp\/v2\/posts\/42239\/revisions"}],"predecessor-version":[{"id":42840,"href":"https:\/\/www.stem.it\/fr\/wp-json\/wp\/v2\/posts\/42239\/revisions\/42840"}],"wp:featuredmedia":[{"embeddable":true,"href":"https:\/\/www.stem.it\/fr\/wp-json\/wp\/v2\/media\/42196"}],"wp:attachment":[{"href":"https:\/\/www.stem.it\/fr\/wp-json\/wp\/v2\/media?parent=42239"}],"wp:term":[{"taxonomy":"category","embeddable":true,"href":"https:\/\/www.stem.it\/fr\/wp-json\/wp\/v2\/categories?post=42239"},{"taxonomy":"post_tag","embeddable":true,"href":"https:\/\/www.stem.it\/fr\/wp-json\/wp\/v2\/tags?post=42239"}],"curies":[{"name":"wp","href":"https:\/\/api.w.org\/{rel}","templated":true}]}}