{"id":40612,"date":"2024-05-31T12:00:00","date_gmt":"2024-05-31T10:00:00","guid":{"rendered":"https:\/\/www.stem.it\/?p=40612"},"modified":"2024-05-31T15:04:11","modified_gmt":"2024-05-31T13:04:11","slug":"rettmobil-2024-voici-comment-cela-sest-passe-au-stand-de-stem","status":"publish","type":"post","link":"https:\/\/www.stem.it\/fr\/reglementations\/rettmobil-2024-voici-comment-cela-sest-passe-au-stand-de-stem\/","title":{"rendered":"RETTmobil 2024 : voici comment cela s&rsquo;est pass\u00e9 au stand de STEM"},"content":{"rendered":"\n<p><strong><br>Avec plus de 30 000 visiteurs venus de 50 pays et 480 exposants, la 22\u00e8me \u00e9dition de RETTmobil, le salon europ\u00e9en leader du secours, de la s\u00e9curit\u00e9 et du transport sanitaire, s&rsquo;est conclue \u00e0 Fulda, en Allemagne. L&rsquo;\u00e9quipe de STEM \u00e9tait \u00e9galement pr\u00e9sente, pr\u00e9sentant les derni\u00e8res nouveaut\u00e9s sur son stand.<\/strong><\/p>\n\n\n\n<p>Avec un d\u00e9fil\u00e9 spectaculaire de v\u00e9hicules de secours avec les gyrophares bleus allum\u00e9s et les \u00e9quipes en uniforme align\u00e9es, le soi-disant \u00ab\u00a0Abhupen\u00a0\u00bb, comme l&rsquo;appellent les Allemands, a conclu avec succ\u00e8s la 22\u00e8me \u00e9dition de <a href=\"http:\/\/www.rettmobil-international.com\">RETTmobil 2024<\/a> , le salon europ\u00e9en le plus important du secours, de la s\u00e9curit\u00e9 et du transport sanitaire.<\/p>\n\n\n\n<p>L&rsquo;\u00e9v\u00e9nement international, qui s&rsquo;est tenu cette ann\u00e9e du 15 au 17 mai au centre d&rsquo;exposition Trend Messe de Fulda, en Allemagne, a attir\u00e9, comme toujours, une grande attention du public et des professionnels du secteur.<\/p>\n\n\n\n<figure class=\"wp-block-embed is-type-video is-provider-youtube wp-block-embed-youtube wp-embed-aspect-16-9 wp-has-aspect-ratio\"><div class=\"wp-block-embed__wrapper\">\n<div class='avia-iframe-wrap'><iframe loading=\"lazy\" title=\"RETTmobil 2004: parla il team di STEM\" width=\"1500\" height=\"844\" src=\"https:\/\/www.youtube.com\/embed\/FuARSYHjpM4?feature=oembed\" frameborder=\"0\" allow=\"accelerometer; autoplay; clipboard-write; encrypted-media; gyroscope; picture-in-picture; web-share\" referrerpolicy=\"strict-origin-when-cross-origin\" allowfullscreen><\/iframe><\/div>\n<\/div><\/figure>\n\n\n\n<p><\/p>\n\n\n\n<h2 class=\"wp-block-heading\">Beaucoup de visiteurs dans les plus de 480 stands expos\u00e9s<\/h2>\n\n\n\n<p><br>En effet, plus de 30.000 visiteurs sp\u00e9cialis\u00e9s, venus de 50 pays, ont particip\u00e9 \u00e0 l&rsquo;exposition allemande et explor\u00e9 les derni\u00e8res nouveaut\u00e9s pr\u00e9sent\u00e9es parmi les stands des plus de 480 exposants. RETTmobil est en effet renomm\u00e9 pour la pr\u00e9sentation des derni\u00e8res innovations et technologies caract\u00e9risant le secours et la mobilit\u00e9 sanitaire d&rsquo;urgence, y compris des \u00e9quipements de pointe, des v\u00e9hicules innovants ainsi que des techniques et proc\u00e9dures d&rsquo;intervention avanc\u00e9es. Mais pas seulement.<\/p>\n\n\n\n<p>RETTmobil est toujours une occasion d&rsquo;\u00e9change et de rencontre entre professionnels. C&rsquo;est ici que les secouristes, les entreprises et les organisations sp\u00e9cialis\u00e9es de divers pays partagent exp\u00e9riences, technologie et savoir-faire et cette 22\u00e8me \u00e9dition n&rsquo;a pas fait exception.<br><\/p>\n\n\n\n<figure class=\"wp-block-image size-full\"><img loading=\"lazy\" decoding=\"async\" width=\"834\" height=\"162\" src=\"https:\/\/www.stem.it\/wp-content\/uploads\/2024\/05\/RETTmobil-2024-Articolo-THE-EMS-BLOG-833x321-03.jpg\" alt=\"\" class=\"wp-image-40697\" srcset=\"https:\/\/www.stem.it\/wp-content\/uploads\/2024\/05\/RETTmobil-2024-Articolo-THE-EMS-BLOG-833x321-03.jpg 834w, https:\/\/www.stem.it\/wp-content\/uploads\/2024\/05\/RETTmobil-2024-Articolo-THE-EMS-BLOG-833x321-03-300x58.jpg 300w, https:\/\/www.stem.it\/wp-content\/uploads\/2024\/05\/RETTmobil-2024-Articolo-THE-EMS-BLOG-833x321-03-768x149.jpg 768w, https:\/\/www.stem.it\/wp-content\/uploads\/2024\/05\/RETTmobil-2024-Articolo-THE-EMS-BLOG-833x321-03-705x137.jpg 705w\" sizes=\"auto, (max-width: 834px) 100vw, 834px\" \/><\/figure>\n\n\n\n<h2 class=\"wp-block-heading\"><br>L&rsquo;\u00e9quipe de STEM parmi les exposants<\/h2>\n\n\n\n<p><br>Parmi les stands de RETTmobil 2024, il y avait \u00e9galement celui de STEM, une entreprise italienne leader dans le secteur du secours et de la s\u00e9curit\u00e9 sanitaire. Dans les espaces am\u00e9nag\u00e9s dans le hall 6 (stand 604), toute l&rsquo;<a href=\"https:\/\/www.stem.it\/fr\/about\/\">\u00e9quipe de STEM<\/a>, dirig\u00e9e par <strong>Ezio Menna<\/strong>, fondateur de l&rsquo;entreprise, et <strong>Michele Corradi<\/strong>, Directeur G\u00e9n\u00e9ral, \u00e9tait au complet pour pr\u00e9senter les derni\u00e8res nouveaut\u00e9s de son catalogue, en termes de solutions technologiques et de strat\u00e9gies commerciales.<\/p>\n\n\n\n<p>La vedette du stand de STEM au salon allemand \u00e9tait le <a href=\"https:\/\/spark.stem.it\/fr\/\">syst\u00e8me innovant Spark<\/a>, une civi\u00e8re \u00e9lectrique robotis\u00e9e avec divers modules et supports int\u00e9gr\u00e9s pour le transport en ambulance. <\/p>\n\n\n\n<p>Le r\u00e9cent module bariatrique, dans sa configuration d\u00e9finitive, a \u00e9t\u00e9 particuli\u00e8rement expos\u00e9, repr\u00e9sentant un progr\u00e8s significatif pour les besoins des \u00e9quipes de secours m\u00e9dical. Pour tous les syst\u00e8mes de la s\u00e9rie Spark, la technologie <a href=\"https:\/\/www.stem.it\/fr\/centres-assistance-technique-agrees\/\">Global Service <\/a>a \u00e9galement \u00e9t\u00e9 pr\u00e9sent\u00e9e, introduisant un concept innovant de service apr\u00e8s-vente \u00e9tendu \u00e0 tous les produits STEM.<br><\/p>\n\n\n\n<figure class=\"wp-block-image size-full\"><img loading=\"lazy\" decoding=\"async\" width=\"834\" height=\"162\" src=\"https:\/\/www.stem.it\/wp-content\/uploads\/2024\/05\/RETTmobil-2024-Articolo-THE-EMS-BLOG-833x321-04.jpg\" alt=\"\" class=\"wp-image-40703\" srcset=\"https:\/\/www.stem.it\/wp-content\/uploads\/2024\/05\/RETTmobil-2024-Articolo-THE-EMS-BLOG-833x321-04.jpg 834w, https:\/\/www.stem.it\/wp-content\/uploads\/2024\/05\/RETTmobil-2024-Articolo-THE-EMS-BLOG-833x321-04-300x58.jpg 300w, https:\/\/www.stem.it\/wp-content\/uploads\/2024\/05\/RETTmobil-2024-Articolo-THE-EMS-BLOG-833x321-04-768x149.jpg 768w, https:\/\/www.stem.it\/wp-content\/uploads\/2024\/05\/RETTmobil-2024-Articolo-THE-EMS-BLOG-833x321-04-705x137.jpg 705w\" sizes=\"auto, (max-width: 834px) 100vw, 834px\" \/><\/figure>\n\n\n\n<h2 class=\"wp-block-heading\"><br>Toucher les produits STEM fait la diff\u00e9rence<\/h2>\n\n\n\n<p><br>Une grande curiosit\u00e9 parmi les visiteurs et les invit\u00e9s de STEM a \u00e9t\u00e9 suscit\u00e9e par la nouvelle gamme de marches li\u00e9es au transport public et sanitaire. Les nouveaux mod\u00e8les de ces composants int\u00e8grent en effet des perforations sp\u00e9ciales pour le drainage de la neige et de la boue qui am\u00e9liorent l&rsquo;adh\u00e9rence du syst\u00e8me m\u00eame dans des environnements particuli\u00e8rement hostiles. Les visiteurs du stand de STEM ont \u00e9galement vu de pr\u00e8s la nouvelle gamme \u00e0 venir de \u00ab\u00a0<a href=\"https:\/\/www.stem.it\/fr\/marche-pieds-retractables-pour-vehicules-professionnels-et-de-secours\/\">Marches \u00e0 tiroir<\/a>\u00ab\u00a0, con\u00e7ues pour offrir des solutions ergonomiques et fiables suppl\u00e9mentaires aux op\u00e9rateurs de sant\u00e9.<br><\/p>\n\n\n\n<figure class=\"wp-block-image size-full\"><img loading=\"lazy\" decoding=\"async\" width=\"834\" height=\"161\" src=\"https:\/\/www.stem.it\/wp-content\/uploads\/2024\/05\/RETTmobil-2024-Articolo-THE-EMS-BLOG-833x321-05.jpg\" alt=\"\" class=\"wp-image-40709\" srcset=\"https:\/\/www.stem.it\/wp-content\/uploads\/2024\/05\/RETTmobil-2024-Articolo-THE-EMS-BLOG-833x321-05.jpg 834w, https:\/\/www.stem.it\/wp-content\/uploads\/2024\/05\/RETTmobil-2024-Articolo-THE-EMS-BLOG-833x321-05-300x58.jpg 300w, https:\/\/www.stem.it\/wp-content\/uploads\/2024\/05\/RETTmobil-2024-Articolo-THE-EMS-BLOG-833x321-05-768x148.jpg 768w, https:\/\/www.stem.it\/wp-content\/uploads\/2024\/05\/RETTmobil-2024-Articolo-THE-EMS-BLOG-833x321-05-705x136.jpg 705w\" sizes=\"auto, (max-width: 834px) 100vw, 834px\" \/><\/figure>\n\n\n\n<p>C&rsquo;est l\u00e0 toute la force des expositions comme RETTmobil : permettre aux exposants de faire toucher du doigt toute la qualit\u00e9, l&rsquo;ergonomie du design et la recherche technologique exprim\u00e9es par les produits du catalogue. Et aussi de r\u00e9v\u00e9ler quelques avant-premi\u00e8res de nouveaux produits \u00e0 venir. <\/p>\n\n\n\n<p>Parmi ceux-ci, le prototype de Spyke, une civi\u00e8re manuelle autoloading, ainsi que les nouveaux syst\u00e8mes militaires d\u00e9velopp\u00e9s par lesecteur <strong><em>STEM MEDEVAC<\/em><\/strong> pour le transport sanitaire d&rsquo;urgence ont suscit\u00e9 l&rsquo;int\u00e9r\u00eat, notamment le support Revel-s pour ambulances l\u00e9g\u00e8res et le syst\u00e8me de chargement Stamina pour ambulances anti-mines.<br><\/p>\n\n\n\n<figure class=\"wp-block-image size-full\"><img loading=\"lazy\" decoding=\"async\" width=\"834\" height=\"161\" src=\"https:\/\/www.stem.it\/wp-content\/uploads\/2024\/05\/RETTmobil-2024-Articolo-THE-EMS-BLOG-833x321-06.jpg\" alt=\"\" class=\"wp-image-40715\" srcset=\"https:\/\/www.stem.it\/wp-content\/uploads\/2024\/05\/RETTmobil-2024-Articolo-THE-EMS-BLOG-833x321-06.jpg 834w, https:\/\/www.stem.it\/wp-content\/uploads\/2024\/05\/RETTmobil-2024-Articolo-THE-EMS-BLOG-833x321-06-300x58.jpg 300w, https:\/\/www.stem.it\/wp-content\/uploads\/2024\/05\/RETTmobil-2024-Articolo-THE-EMS-BLOG-833x321-06-768x148.jpg 768w, https:\/\/www.stem.it\/wp-content\/uploads\/2024\/05\/RETTmobil-2024-Articolo-THE-EMS-BLOG-833x321-06-705x136.jpg 705w\" sizes=\"auto, (max-width: 834px) 100vw, 834px\" \/><\/figure>\n\n\n\n<h2 class=\"wp-block-heading\"><br>Bienvenue \u201cSTEM DEUTSCHLAND\u201d!<\/h2>\n\n\n\n<p><br>Lors du RETTmobil 2024, l&rsquo;entreprise italienne a \u00e9galement pr\u00e9sent\u00e9 \u00ab\u00a0STEM DEUTSCHLAND\u00a0\u00bb, la nouvelle entit\u00e9 op\u00e9rationnelle dirig\u00e9e par Carlo Padrini et lanc\u00e9e cette ann\u00e9e en Allemagne pour r\u00e9pondre au march\u00e9 allemand avec des solutions et des produits adapt\u00e9s aux besoins sp\u00e9cifiques locaux. \u00ab\u00a0C&rsquo;\u00e9tait la premi\u00e8re ann\u00e9e que nous sommes apparus ici au salon en tant que STEM DEUTSCHLAND\u00a0\u00bb, affirme Carlo Pedrini. \u00ab\u00a0Auparavant, nous \u00e9tions pr\u00e9sents sous le nom de Tecma GmbH et nous distribuions avec succ\u00e8s les produits de STEM en Allemagne. Maintenant, nous avons grandi avec STEM et avons apport\u00e9 de nombreux nouveaux produits d&rsquo;Italie. Nous esp\u00e9rons continuer \u00e0 \u00eatre bien accueillis par nos clients.\u00a0\u00bb<\/p>\n\n\n\n<p>Sur le plan commercial, l&rsquo;exp\u00e9rience de STEM au salon allemand a \u00e9t\u00e9 plus que positive. \u00ab\u00a0C&rsquo;est un \u00e9v\u00e9nement qui rassemble des professionnels et des op\u00e9rateurs du secteur tr\u00e8s qualifi\u00e9s\u00a0\u00bb, raconte Nicole Nerborini, directrice des ventes de STEM, \u00ab\u00a0principalement europ\u00e9ens, mais aussi d&rsquo;Asie du Sud-Est et d&rsquo;Arabie Saoudite. Toutes les rencontres, pr\u00e9sentations et rendez-vous qui ont eu lieu sur notre stand ont \u00e9t\u00e9 tr\u00e8s satisfaisants. Avec un double avantage : pour les clients qui, avec un seul d\u00e9placement, peuvent conna\u00eetre plusieurs fabricants et pour les entreprises comme la n\u00f4tre qui, en 3 jours de salon, peuvent pr\u00e9senter l&rsquo;ensemble du catalogue.\u00a0\u00bb<br><\/p>\n\n\n\n<figure class=\"wp-block-image size-full\"><img loading=\"lazy\" decoding=\"async\" width=\"834\" height=\"161\" src=\"https:\/\/www.stem.it\/wp-content\/uploads\/2024\/05\/RETTmobil-2024-Articolo-THE-EMS-BLOG-833x321-07.jpg\" alt=\"\" class=\"wp-image-40721\" srcset=\"https:\/\/www.stem.it\/wp-content\/uploads\/2024\/05\/RETTmobil-2024-Articolo-THE-EMS-BLOG-833x321-07.jpg 834w, https:\/\/www.stem.it\/wp-content\/uploads\/2024\/05\/RETTmobil-2024-Articolo-THE-EMS-BLOG-833x321-07-300x58.jpg 300w, https:\/\/www.stem.it\/wp-content\/uploads\/2024\/05\/RETTmobil-2024-Articolo-THE-EMS-BLOG-833x321-07-768x148.jpg 768w, https:\/\/www.stem.it\/wp-content\/uploads\/2024\/05\/RETTmobil-2024-Articolo-THE-EMS-BLOG-833x321-07-705x136.jpg 705w\" sizes=\"auto, (max-width: 834px) 100vw, 834px\" \/><\/figure>\n\n\n\n<h2 class=\"wp-block-heading\"><br>Ezio Menna: \u201cUn salon plus grand pour un march\u00e9 en croissance\u201d<\/h2>\n\n\n\n<p><br>L&rsquo;enthousiasme et la satisfaction pour cette participation de STEM au RETTmobil 2024 sont \u00e9vidents dans les propos d&rsquo;Ezio Menna, propri\u00e9taire et fondateur de l&rsquo;entreprise bas\u00e9e \u00e0 Parme, qui a ainsi comment\u00e9 cette derni\u00e8re \u00e9dition : \u00ab\u00a0Le lien entre STEM et RETTmobil est profond et remonte aux origines m\u00eames de cet important salon qui, lors de ses premi\u00e8res \u00e9ditions, se d\u00e9roulait \u00e0 Nuremberg. M\u00eame lorsqu&rsquo;il a \u00e9t\u00e9 transf\u00e9r\u00e9 \u00e0 Fulda, nous avons toujours \u00e9t\u00e9 pr\u00e9sents chaque ann\u00e9e, fiers non seulement de pr\u00e9senter nos solutions innovantes, mais aussi de nous confronter \u00e0 d&rsquo;autres professionnels du secteur. Je suis heureux de constater que cette ann\u00e9e, l&rsquo;exposition s&rsquo;est consid\u00e9rablement agrandie et de nouveaux espaces ont \u00e9t\u00e9 mis \u00e0 disposition pour les exposants. Il y a aussi de nouvelles entreprises, ce qui est un excellent signe d&rsquo;un march\u00e9 en forte croissance.\u00a0\u00bb<br><\/p>\n\n\n\n<figure class=\"wp-block-image size-full\"><img loading=\"lazy\" decoding=\"async\" width=\"834\" height=\"162\" src=\"https:\/\/www.stem.it\/wp-content\/uploads\/2024\/05\/RETTmobil-2024-Articolo-THE-EMS-BLOG-833x321-08.jpg\" alt=\"\" class=\"wp-image-40727\" srcset=\"https:\/\/www.stem.it\/wp-content\/uploads\/2024\/05\/RETTmobil-2024-Articolo-THE-EMS-BLOG-833x321-08.jpg 834w, https:\/\/www.stem.it\/wp-content\/uploads\/2024\/05\/RETTmobil-2024-Articolo-THE-EMS-BLOG-833x321-08-300x58.jpg 300w, https:\/\/www.stem.it\/wp-content\/uploads\/2024\/05\/RETTmobil-2024-Articolo-THE-EMS-BLOG-833x321-08-768x149.jpg 768w, https:\/\/www.stem.it\/wp-content\/uploads\/2024\/05\/RETTmobil-2024-Articolo-THE-EMS-BLOG-833x321-08-705x137.jpg 705w\" sizes=\"auto, (max-width: 834px) 100vw, 834px\" \/><\/figure>\n\n\n\n<h2 class=\"wp-block-heading\"><br>Rendez-vous \u00e0 la prochaine \u00e9dition en 2025<\/h2>\n\n\n\n<p><br>En plus de participer \u00e0 des rencontres et \u00e0 des conf\u00e9rences techniques organis\u00e9es au sein de l&rsquo;exposition allemande, l&rsquo;\u00e9quipe de STEM r\u00e9unie au RETTmobil 2024 a \u00e9galement v\u00e9cu des moments plus conviviaux, comme l&rsquo;inauguration de la nouvelle filiale au sein m\u00eame du stand de l&rsquo;entreprise, avec des toasts et des d\u00e9gustations gastronomiques m\u00ealant le \u00ab\u00a0made in Italy\u00a0\u00bb avec des produits locaux.<\/p>\n\n\n\n<p>Les organisateurs de RETTmobil, largement satisfaits de cette \u00e9dition du salon allemand, travaillent d\u00e9j\u00e0 sur la prochaine \u00e9dition pr\u00e9vue du 14 au 16 mai 2025, toujours \u00e0 Fulda. Et l&rsquo;ann\u00e9e prochaine encore, STEM sera pr\u00e9sent en Allemagne, toujours tourn\u00e9 vers l&rsquo;avenir du secours et de la mobilit\u00e9 sanitaire. <\/p>\n\n\n\n<p>Nous vous attendons!<br><\/p>\n\n\n\n<figure class=\"wp-block-image size-full\"><img loading=\"lazy\" decoding=\"async\" width=\"834\" height=\"162\" src=\"https:\/\/www.stem.it\/wp-content\/uploads\/2024\/05\/RETTmobil-2024-Articolo-THE-EMS-BLOG-833x321-09.jpg\" alt=\"\" class=\"wp-image-40733\" srcset=\"https:\/\/www.stem.it\/wp-content\/uploads\/2024\/05\/RETTmobil-2024-Articolo-THE-EMS-BLOG-833x321-09.jpg 834w, https:\/\/www.stem.it\/wp-content\/uploads\/2024\/05\/RETTmobil-2024-Articolo-THE-EMS-BLOG-833x321-09-300x58.jpg 300w, https:\/\/www.stem.it\/wp-content\/uploads\/2024\/05\/RETTmobil-2024-Articolo-THE-EMS-BLOG-833x321-09-768x149.jpg 768w, https:\/\/www.stem.it\/wp-content\/uploads\/2024\/05\/RETTmobil-2024-Articolo-THE-EMS-BLOG-833x321-09-705x137.jpg 705w\" sizes=\"auto, (max-width: 834px) 100vw, 834px\" \/><\/figure>\n","protected":false},"excerpt":{"rendered":"<p>Avec plus de 30 000 visiteurs venus de 50 pays et 480 exposants, la 22\u00e8me \u00e9dition de RETTmobil, le salon europ\u00e9en leader du secours, de la s\u00e9curit\u00e9 et du transport [&hellip;]<\/p>\n","protected":false},"author":12,"featured_media":40685,"comment_status":"closed","ping_status":"closed","sticky":false,"template":"","format":"standard","meta":{"footnotes":""},"categories":[56],"tags":[],"class_list":["post-40612","post","type-post","status-publish","format-standard","has-post-thumbnail","hentry","category-reglementations"],"yoast_head":"<!-- This site is optimized with the Yoast SEO plugin v27.4 - https:\/\/yoast.com\/product\/yoast-seo-wordpress\/ -->\n<title>RETTmobil 2024 : voici comment cela s&#039;est pass\u00e9 au stand de STEM - Stem Ems<\/title>\n<meta name=\"robots\" content=\"index, follow, max-snippet:-1, max-image-preview:large, max-video-preview:-1\" \/>\n<link rel=\"canonical\" href=\"https:\/\/www.stem.it\/fr\/reglementations\/rettmobil-2024-voici-comment-cela-sest-passe-au-stand-de-stem\/\" \/>\n<meta property=\"og:locale\" content=\"fr_FR\" \/>\n<meta property=\"og:type\" content=\"article\" \/>\n<meta property=\"og:title\" content=\"RETTmobil 2024 : voici comment cela s&#039;est pass\u00e9 au stand de STEM - Stem Ems\" \/>\n<meta property=\"og:description\" content=\"Avec plus de 30 000 visiteurs venus de 50 pays et 480 exposants, la 22\u00e8me \u00e9dition de RETTmobil, le salon europ\u00e9en leader du secours, de la s\u00e9curit\u00e9 et du transport [&hellip;]\" \/>\n<meta property=\"og:url\" content=\"https:\/\/www.stem.it\/fr\/reglementations\/rettmobil-2024-voici-comment-cela-sest-passe-au-stand-de-stem\/\" \/>\n<meta property=\"og:site_name\" content=\"Stem Ems\" \/>\n<meta property=\"article:publisher\" content=\"https:\/\/www.facebook.com\/stememsemergencymedicalsystems\/\" \/>\n<meta property=\"article:published_time\" content=\"2024-05-31T10:00:00+00:00\" \/>\n<meta property=\"article:modified_time\" content=\"2024-05-31T13:04:11+00:00\" \/>\n<meta property=\"og:image\" content=\"https:\/\/www.stem.it\/wp-content\/uploads\/2024\/05\/RETTmobil-2024-Articolo-THE-EMS-BLOG-833x321-01-Copertina.jpg\" \/>\n\t<meta property=\"og:image:width\" content=\"834\" \/>\n\t<meta property=\"og:image:height\" content=\"322\" \/>\n\t<meta property=\"og:image:type\" content=\"image\/jpeg\" \/>\n<meta name=\"author\" content=\"webmarketing\" \/>\n<meta name=\"twitter:card\" content=\"summary_large_image\" \/>\n<meta name=\"twitter:label1\" content=\"\u00c9crit par\" \/>\n\t<meta name=\"twitter:data1\" content=\"webmarketing\" \/>\n\t<meta name=\"twitter:label2\" content=\"Dur\u00e9e de lecture estim\u00e9e\" \/>\n\t<meta name=\"twitter:data2\" content=\"8 minutes\" \/>\n<script type=\"application\/ld+json\" class=\"yoast-schema-graph\">{\"@context\":\"https:\\\/\\\/schema.org\",\"@graph\":[{\"@type\":\"Article\",\"@id\":\"https:\\\/\\\/www.stem.it\\\/fr\\\/reglementations\\\/rettmobil-2024-voici-comment-cela-sest-passe-au-stand-de-stem\\\/#article\",\"isPartOf\":{\"@id\":\"https:\\\/\\\/www.stem.it\\\/fr\\\/reglementations\\\/rettmobil-2024-voici-comment-cela-sest-passe-au-stand-de-stem\\\/\"},\"author\":{\"name\":\"webmarketing\",\"@id\":\"https:\\\/\\\/www.stem.it\\\/fr\\\/#\\\/schema\\\/person\\\/54405616b318f734b7a507fd4a0a5476\"},\"headline\":\"RETTmobil 2024 : voici comment cela s&rsquo;est pass\u00e9 au stand de STEM\",\"datePublished\":\"2024-05-31T10:00:00+00:00\",\"dateModified\":\"2024-05-31T13:04:11+00:00\",\"mainEntityOfPage\":{\"@id\":\"https:\\\/\\\/www.stem.it\\\/fr\\\/reglementations\\\/rettmobil-2024-voici-comment-cela-sest-passe-au-stand-de-stem\\\/\"},\"wordCount\":1229,\"image\":{\"@id\":\"https:\\\/\\\/www.stem.it\\\/fr\\\/reglementations\\\/rettmobil-2024-voici-comment-cela-sest-passe-au-stand-de-stem\\\/#primaryimage\"},\"thumbnailUrl\":\"https:\\\/\\\/www.stem.it\\\/wp-content\\\/uploads\\\/2024\\\/05\\\/RETTmobil-2024-Articolo-THE-EMS-BLOG-833x321-01-Copertina.jpg\",\"articleSection\":[\"R\u00e8glementations\"],\"inLanguage\":\"fr-FR\"},{\"@type\":\"WebPage\",\"@id\":\"https:\\\/\\\/www.stem.it\\\/fr\\\/reglementations\\\/rettmobil-2024-voici-comment-cela-sest-passe-au-stand-de-stem\\\/\",\"url\":\"https:\\\/\\\/www.stem.it\\\/fr\\\/reglementations\\\/rettmobil-2024-voici-comment-cela-sest-passe-au-stand-de-stem\\\/\",\"name\":\"RETTmobil 2024 : voici comment cela s'est pass\u00e9 au stand de STEM - Stem Ems\",\"isPartOf\":{\"@id\":\"https:\\\/\\\/www.stem.it\\\/fr\\\/#website\"},\"primaryImageOfPage\":{\"@id\":\"https:\\\/\\\/www.stem.it\\\/fr\\\/reglementations\\\/rettmobil-2024-voici-comment-cela-sest-passe-au-stand-de-stem\\\/#primaryimage\"},\"image\":{\"@id\":\"https:\\\/\\\/www.stem.it\\\/fr\\\/reglementations\\\/rettmobil-2024-voici-comment-cela-sest-passe-au-stand-de-stem\\\/#primaryimage\"},\"thumbnailUrl\":\"https:\\\/\\\/www.stem.it\\\/wp-content\\\/uploads\\\/2024\\\/05\\\/RETTmobil-2024-Articolo-THE-EMS-BLOG-833x321-01-Copertina.jpg\",\"datePublished\":\"2024-05-31T10:00:00+00:00\",\"dateModified\":\"2024-05-31T13:04:11+00:00\",\"author\":{\"@id\":\"https:\\\/\\\/www.stem.it\\\/fr\\\/#\\\/schema\\\/person\\\/54405616b318f734b7a507fd4a0a5476\"},\"breadcrumb\":{\"@id\":\"https:\\\/\\\/www.stem.it\\\/fr\\\/reglementations\\\/rettmobil-2024-voici-comment-cela-sest-passe-au-stand-de-stem\\\/#breadcrumb\"},\"inLanguage\":\"fr-FR\",\"potentialAction\":[{\"@type\":\"ReadAction\",\"target\":[\"https:\\\/\\\/www.stem.it\\\/fr\\\/reglementations\\\/rettmobil-2024-voici-comment-cela-sest-passe-au-stand-de-stem\\\/\"]}]},{\"@type\":\"ImageObject\",\"inLanguage\":\"fr-FR\",\"@id\":\"https:\\\/\\\/www.stem.it\\\/fr\\\/reglementations\\\/rettmobil-2024-voici-comment-cela-sest-passe-au-stand-de-stem\\\/#primaryimage\",\"url\":\"https:\\\/\\\/www.stem.it\\\/wp-content\\\/uploads\\\/2024\\\/05\\\/RETTmobil-2024-Articolo-THE-EMS-BLOG-833x321-01-Copertina.jpg\",\"contentUrl\":\"https:\\\/\\\/www.stem.it\\\/wp-content\\\/uploads\\\/2024\\\/05\\\/RETTmobil-2024-Articolo-THE-EMS-BLOG-833x321-01-Copertina.jpg\",\"width\":834,\"height\":322},{\"@type\":\"BreadcrumbList\",\"@id\":\"https:\\\/\\\/www.stem.it\\\/fr\\\/reglementations\\\/rettmobil-2024-voici-comment-cela-sest-passe-au-stand-de-stem\\\/#breadcrumb\",\"itemListElement\":[{\"@type\":\"ListItem\",\"position\":1,\"name\":\"Home\",\"item\":\"https:\\\/\\\/www.stem.it\\\/fr\\\/\"},{\"@type\":\"ListItem\",\"position\":2,\"name\":\"RETTmobil 2024 : voici comment cela s&#8217;est pass\u00e9 au stand de STEM\"}]},{\"@type\":\"WebSite\",\"@id\":\"https:\\\/\\\/www.stem.it\\\/fr\\\/#website\",\"url\":\"https:\\\/\\\/www.stem.it\\\/fr\\\/\",\"name\":\"Stem Ems\",\"description\":\"Prodotti di alta qualit\u00e0 per lavoro ed emergenza\",\"potentialAction\":[{\"@type\":\"SearchAction\",\"target\":{\"@type\":\"EntryPoint\",\"urlTemplate\":\"https:\\\/\\\/www.stem.it\\\/fr\\\/?s={search_term_string}\"},\"query-input\":{\"@type\":\"PropertyValueSpecification\",\"valueRequired\":true,\"valueName\":\"search_term_string\"}}],\"inLanguage\":\"fr-FR\"},{\"@type\":\"Person\",\"@id\":\"https:\\\/\\\/www.stem.it\\\/fr\\\/#\\\/schema\\\/person\\\/54405616b318f734b7a507fd4a0a5476\",\"name\":\"webmarketing\",\"image\":{\"@type\":\"ImageObject\",\"inLanguage\":\"fr-FR\",\"@id\":\"https:\\\/\\\/secure.gravatar.com\\\/avatar\\\/55ca24ab9f1b5382f5e97702f12eb1e8c2a749b22d7e6a79ade1e1fffae1338f?s=96&d=mm&r=g\",\"url\":\"https:\\\/\\\/secure.gravatar.com\\\/avatar\\\/55ca24ab9f1b5382f5e97702f12eb1e8c2a749b22d7e6a79ade1e1fffae1338f?s=96&d=mm&r=g\",\"contentUrl\":\"https:\\\/\\\/secure.gravatar.com\\\/avatar\\\/55ca24ab9f1b5382f5e97702f12eb1e8c2a749b22d7e6a79ade1e1fffae1338f?s=96&d=mm&r=g\",\"caption\":\"webmarketing\"}}]}<\/script>\n<!-- \/ Yoast SEO plugin. -->","yoast_head_json":{"title":"RETTmobil 2024 : voici comment cela s'est pass\u00e9 au stand de STEM - Stem Ems","robots":{"index":"index","follow":"follow","max-snippet":"max-snippet:-1","max-image-preview":"max-image-preview:large","max-video-preview":"max-video-preview:-1"},"canonical":"https:\/\/www.stem.it\/fr\/reglementations\/rettmobil-2024-voici-comment-cela-sest-passe-au-stand-de-stem\/","og_locale":"fr_FR","og_type":"article","og_title":"RETTmobil 2024 : voici comment cela s'est pass\u00e9 au stand de STEM - Stem Ems","og_description":"Avec plus de 30 000 visiteurs venus de 50 pays et 480 exposants, la 22\u00e8me \u00e9dition de RETTmobil, le salon europ\u00e9en leader du secours, de la s\u00e9curit\u00e9 et du transport [&hellip;]","og_url":"https:\/\/www.stem.it\/fr\/reglementations\/rettmobil-2024-voici-comment-cela-sest-passe-au-stand-de-stem\/","og_site_name":"Stem Ems","article_publisher":"https:\/\/www.facebook.com\/stememsemergencymedicalsystems\/","article_published_time":"2024-05-31T10:00:00+00:00","article_modified_time":"2024-05-31T13:04:11+00:00","og_image":[{"width":834,"height":322,"url":"https:\/\/www.stem.it\/wp-content\/uploads\/2024\/05\/RETTmobil-2024-Articolo-THE-EMS-BLOG-833x321-01-Copertina.jpg","type":"image\/jpeg"}],"author":"webmarketing","twitter_card":"summary_large_image","twitter_misc":{"\u00c9crit par":"webmarketing","Dur\u00e9e de lecture estim\u00e9e":"8 minutes"},"schema":{"@context":"https:\/\/schema.org","@graph":[{"@type":"Article","@id":"https:\/\/www.stem.it\/fr\/reglementations\/rettmobil-2024-voici-comment-cela-sest-passe-au-stand-de-stem\/#article","isPartOf":{"@id":"https:\/\/www.stem.it\/fr\/reglementations\/rettmobil-2024-voici-comment-cela-sest-passe-au-stand-de-stem\/"},"author":{"name":"webmarketing","@id":"https:\/\/www.stem.it\/fr\/#\/schema\/person\/54405616b318f734b7a507fd4a0a5476"},"headline":"RETTmobil 2024 : voici comment cela s&rsquo;est pass\u00e9 au stand de STEM","datePublished":"2024-05-31T10:00:00+00:00","dateModified":"2024-05-31T13:04:11+00:00","mainEntityOfPage":{"@id":"https:\/\/www.stem.it\/fr\/reglementations\/rettmobil-2024-voici-comment-cela-sest-passe-au-stand-de-stem\/"},"wordCount":1229,"image":{"@id":"https:\/\/www.stem.it\/fr\/reglementations\/rettmobil-2024-voici-comment-cela-sest-passe-au-stand-de-stem\/#primaryimage"},"thumbnailUrl":"https:\/\/www.stem.it\/wp-content\/uploads\/2024\/05\/RETTmobil-2024-Articolo-THE-EMS-BLOG-833x321-01-Copertina.jpg","articleSection":["R\u00e8glementations"],"inLanguage":"fr-FR"},{"@type":"WebPage","@id":"https:\/\/www.stem.it\/fr\/reglementations\/rettmobil-2024-voici-comment-cela-sest-passe-au-stand-de-stem\/","url":"https:\/\/www.stem.it\/fr\/reglementations\/rettmobil-2024-voici-comment-cela-sest-passe-au-stand-de-stem\/","name":"RETTmobil 2024 : voici comment cela s'est pass\u00e9 au stand de STEM - Stem Ems","isPartOf":{"@id":"https:\/\/www.stem.it\/fr\/#website"},"primaryImageOfPage":{"@id":"https:\/\/www.stem.it\/fr\/reglementations\/rettmobil-2024-voici-comment-cela-sest-passe-au-stand-de-stem\/#primaryimage"},"image":{"@id":"https:\/\/www.stem.it\/fr\/reglementations\/rettmobil-2024-voici-comment-cela-sest-passe-au-stand-de-stem\/#primaryimage"},"thumbnailUrl":"https:\/\/www.stem.it\/wp-content\/uploads\/2024\/05\/RETTmobil-2024-Articolo-THE-EMS-BLOG-833x321-01-Copertina.jpg","datePublished":"2024-05-31T10:00:00+00:00","dateModified":"2024-05-31T13:04:11+00:00","author":{"@id":"https:\/\/www.stem.it\/fr\/#\/schema\/person\/54405616b318f734b7a507fd4a0a5476"},"breadcrumb":{"@id":"https:\/\/www.stem.it\/fr\/reglementations\/rettmobil-2024-voici-comment-cela-sest-passe-au-stand-de-stem\/#breadcrumb"},"inLanguage":"fr-FR","potentialAction":[{"@type":"ReadAction","target":["https:\/\/www.stem.it\/fr\/reglementations\/rettmobil-2024-voici-comment-cela-sest-passe-au-stand-de-stem\/"]}]},{"@type":"ImageObject","inLanguage":"fr-FR","@id":"https:\/\/www.stem.it\/fr\/reglementations\/rettmobil-2024-voici-comment-cela-sest-passe-au-stand-de-stem\/#primaryimage","url":"https:\/\/www.stem.it\/wp-content\/uploads\/2024\/05\/RETTmobil-2024-Articolo-THE-EMS-BLOG-833x321-01-Copertina.jpg","contentUrl":"https:\/\/www.stem.it\/wp-content\/uploads\/2024\/05\/RETTmobil-2024-Articolo-THE-EMS-BLOG-833x321-01-Copertina.jpg","width":834,"height":322},{"@type":"BreadcrumbList","@id":"https:\/\/www.stem.it\/fr\/reglementations\/rettmobil-2024-voici-comment-cela-sest-passe-au-stand-de-stem\/#breadcrumb","itemListElement":[{"@type":"ListItem","position":1,"name":"Home","item":"https:\/\/www.stem.it\/fr\/"},{"@type":"ListItem","position":2,"name":"RETTmobil 2024 : voici comment cela s&#8217;est pass\u00e9 au stand de STEM"}]},{"@type":"WebSite","@id":"https:\/\/www.stem.it\/fr\/#website","url":"https:\/\/www.stem.it\/fr\/","name":"Stem Ems","description":"Prodotti di alta qualit\u00e0 per lavoro ed emergenza","potentialAction":[{"@type":"SearchAction","target":{"@type":"EntryPoint","urlTemplate":"https:\/\/www.stem.it\/fr\/?s={search_term_string}"},"query-input":{"@type":"PropertyValueSpecification","valueRequired":true,"valueName":"search_term_string"}}],"inLanguage":"fr-FR"},{"@type":"Person","@id":"https:\/\/www.stem.it\/fr\/#\/schema\/person\/54405616b318f734b7a507fd4a0a5476","name":"webmarketing","image":{"@type":"ImageObject","inLanguage":"fr-FR","@id":"https:\/\/secure.gravatar.com\/avatar\/55ca24ab9f1b5382f5e97702f12eb1e8c2a749b22d7e6a79ade1e1fffae1338f?s=96&d=mm&r=g","url":"https:\/\/secure.gravatar.com\/avatar\/55ca24ab9f1b5382f5e97702f12eb1e8c2a749b22d7e6a79ade1e1fffae1338f?s=96&d=mm&r=g","contentUrl":"https:\/\/secure.gravatar.com\/avatar\/55ca24ab9f1b5382f5e97702f12eb1e8c2a749b22d7e6a79ade1e1fffae1338f?s=96&d=mm&r=g","caption":"webmarketing"}}]}},"_links":{"self":[{"href":"https:\/\/www.stem.it\/fr\/wp-json\/wp\/v2\/posts\/40612","targetHints":{"allow":["GET"]}}],"collection":[{"href":"https:\/\/www.stem.it\/fr\/wp-json\/wp\/v2\/posts"}],"about":[{"href":"https:\/\/www.stem.it\/fr\/wp-json\/wp\/v2\/types\/post"}],"author":[{"embeddable":true,"href":"https:\/\/www.stem.it\/fr\/wp-json\/wp\/v2\/users\/12"}],"replies":[{"embeddable":true,"href":"https:\/\/www.stem.it\/fr\/wp-json\/wp\/v2\/comments?post=40612"}],"version-history":[{"count":3,"href":"https:\/\/www.stem.it\/fr\/wp-json\/wp\/v2\/posts\/40612\/revisions"}],"predecessor-version":[{"id":40766,"href":"https:\/\/www.stem.it\/fr\/wp-json\/wp\/v2\/posts\/40612\/revisions\/40766"}],"wp:featuredmedia":[{"embeddable":true,"href":"https:\/\/www.stem.it\/fr\/wp-json\/wp\/v2\/media\/40685"}],"wp:attachment":[{"href":"https:\/\/www.stem.it\/fr\/wp-json\/wp\/v2\/media?parent=40612"}],"wp:term":[{"taxonomy":"category","embeddable":true,"href":"https:\/\/www.stem.it\/fr\/wp-json\/wp\/v2\/categories?post=40612"},{"taxonomy":"post_tag","embeddable":true,"href":"https:\/\/www.stem.it\/fr\/wp-json\/wp\/v2\/tags?post=40612"}],"curies":[{"name":"wp","href":"https:\/\/api.w.org\/{rel}","templated":true}]}}