{"id":40452,"date":"2024-05-10T08:54:42","date_gmt":"2024-05-10T06:54:42","guid":{"rendered":"https:\/\/www.stem.it\/?p=40452"},"modified":"2024-05-10T09:07:46","modified_gmt":"2024-05-10T07:07:46","slug":"rettmobil-2024-stem-a-la-pointe-de-la-principale-foire-europeenne-des-services-medicaux-durgence","status":"publish","type":"post","link":"https:\/\/www.stem.it\/fr\/communaute-web\/rettmobil-2024-stem-a-la-pointe-de-la-principale-foire-europeenne-des-services-medicaux-durgence\/","title":{"rendered":"RETTMobil 2024 : STEM \u00e0 la pointe de la principale foire europ\u00e9enne des services m\u00e9dicaux d&rsquo;urgence"},"content":{"rendered":"\n<p>Du 15 au 17 mai, STEM participera \u00e0 RETTmobil 2024 \u00e0 Fulda, en Allemagne, l&rsquo;\u00e9v\u00e9nement europ\u00e9en de r\u00e9f\u00e9rence pour les services m\u00e9dicaux d&rsquo;urgence et la s\u00e9curit\u00e9. L&rsquo;entreprise italienne pr\u00e9sentera l&rsquo;\u00e9volution du Syst\u00e8me Spark, introduira le service innovant Global Service pour le support apr\u00e8s-vente, et pr\u00e9sentera officiellement la nouvelle branche op\u00e9rationnelle de STEM en Allemagne.<\/p>\n\n\n\n<p>Dans un monde en proie aux conflits internationaux, \u00e0 l&rsquo;instabilit\u00e9 politique et aux crises sociales, les services m\u00e9dicaux d&rsquo;urgence sont non seulement au centre de l&rsquo;attention m\u00e9diatique mais repr\u00e9sentent \u00e9galement un secteur cl\u00e9 o\u00f9 chaque pays doit garantir des interventions de plus en plus efficaces, rapides et hautement professionnelles. RETTmobil 2024 (www.rettmobil-international.com) est une occasion importante pour \u00e9valuer l&rsquo;\u00e9tat des services m\u00e9dicaux d&rsquo;urgence \u00e0 l&rsquo;international et explorer les solutions technologiques et les strat\u00e9gies propos\u00e9es par les professionnels du domaine. Maintenant \u00e0 sa 22\u00e8me \u00e9dition, l&rsquo;\u00e9v\u00e9nement ouvrira ses portes du 15 au 17 mai \u00e0 Fulda, en Allemagne, avec plus de 600 exposants attendus, y compris des entreprises, des experts secouristes et des consultants.<\/p>\n\n\n\n<p>Parmi les exposants et les invit\u00e9s, on compte \u00e9galement des personnalit\u00e9s \u00e9minentes venues de l&rsquo;ext\u00e9rieur de l&rsquo;Europe, comme des experts en gestion des urgences des \u00c9tats-Unis, des pionniers des technologies m\u00e9dicales d&rsquo;Asie et des sp\u00e9cialistes en secours d&rsquo;urgence d&rsquo;Australie, pr\u00eats \u00e0 montrer aux visiteurs les avanc\u00e9es de pointe dans le domaine m\u00e9dical.<\/p>\n\n\n\n<p><strong>STEM DEUTSCHLAND : la nouvelle mission de STEM en Allemagne<\/strong><\/p>\n\n\n\n<p>\u00c0 RETTmobil 2024, parmi les stands de l&rsquo;espace d&rsquo;exposition Trend Messe de Fulda, se trouve celui de STEM, le leader italien des services d&rsquo;urgence et de s\u00e9curit\u00e9. Cette ann\u00e9e, STEM profite de cet \u00e9v\u00e9nement europ\u00e9en prestigieux pour pr\u00e9senter plusieurs innovations importantes, en commen\u00e7ant par \u00ab\u00a0STEM DEUTSCHLAND\u00a0\u00bb, la nouvelle branche op\u00e9rationnelle lanc\u00e9e en Allemagne. Cette initiative marque un pas en avant significatif dans l&rsquo;engagement de STEM \u00e0 mieux servir ses clients sur le march\u00e9 allemand, en offrant des solutions et des produits sp\u00e9cifiquement adapt\u00e9s \u00e0 leurs besoins.<\/p>\n\n\n\n<p>Carlo Padrini, un professionnel exp\u00e9riment\u00e9 et connaissant bien le secteur, dirigera l&rsquo;\u00e9quipe de STEM DEUTSCHLAND dans les ann\u00e9es \u00e0 venir. Son r\u00f4le crucial sera de renforcer la pr\u00e9sence de STEM en Allemagne, d&rsquo;am\u00e9liorer les relations avec les clients locaux et de s&rsquo;assurer que les besoins r\u00e9els sur le terrain soient toujours au c\u0153ur des activit\u00e9s de STEM.<\/p>\n\n\n\n<figure class=\"wp-block-image size-full\"><img loading=\"lazy\" decoding=\"async\" width=\"834\" height=\"161\" src=\"https:\/\/www.stem.it\/wp-content\/uploads\/2024\/05\/Fiera-RETTmobil-2024-THE-EMS-BLOG-833x321-04-B-2.jpg\" alt=\"\" class=\"wp-image-40453\" srcset=\"https:\/\/www.stem.it\/wp-content\/uploads\/2024\/05\/Fiera-RETTmobil-2024-THE-EMS-BLOG-833x321-04-B-2.jpg 834w, https:\/\/www.stem.it\/wp-content\/uploads\/2024\/05\/Fiera-RETTmobil-2024-THE-EMS-BLOG-833x321-04-B-2-300x58.jpg 300w, https:\/\/www.stem.it\/wp-content\/uploads\/2024\/05\/Fiera-RETTmobil-2024-THE-EMS-BLOG-833x321-04-B-2-768x148.jpg 768w, https:\/\/www.stem.it\/wp-content\/uploads\/2024\/05\/Fiera-RETTmobil-2024-THE-EMS-BLOG-833x321-04-B-2-705x136.jpg 705w\" sizes=\"auto, (max-width: 834px) 100vw, 834px\" \/><\/figure>\n\n\n\n<p><strong>Le nouveau Syst\u00e8me Spark de STEM pour le transport m\u00e9dical<\/strong><\/p>\n\n\n\n<p>RETTmobil 2024 sera une excellente occasion de pr\u00e9senter les r\u00e9centes innovations de la gamme Syst\u00e8me Spark, une civi\u00e8re \u00e9lectrique robotis\u00e9e connue pour son int\u00e9gration compl\u00e8te avec divers supports de transport. En particulier, la civi\u00e8re bariatrique, introduite l&rsquo;ann\u00e9e derni\u00e8re en tant que prototype, sera pr\u00e9sent\u00e9e dans sa forme finale, repr\u00e9sentant un progr\u00e8s significatif pour r\u00e9pondre aux besoins \u00e9mergents du secteur de la sant\u00e9.<\/p>\n\n\n\n<p>Le Syst\u00e8me Spark est con\u00e7u pour s&rsquo;adapter \u00e0 divers besoins de transport m\u00e9dical, offrant des modules interchangeables pour une utilisation bariatrique, le bioconfinement, standard, et un futur module n\u00e9onatal avec incubateur. Le syst\u00e8me modulaire Spark peut \u00eatre facilement int\u00e9gr\u00e9 \u00e0 l&rsquo;un des trois supports de transport exclusifs pour ambulance, une caract\u00e9ristique unique qui distingue notre civi\u00e8re \u00e9lectrique sur le march\u00e9. De plus, tous les Syst\u00e8mes Spark sont \u00e9quip\u00e9s de la technologie Global Service, introduisant un concept innovant de service apr\u00e8s-vente \u00e9tendu \u00e0 tous les produits STEM, renfor\u00e7ant ainsi la position de l&rsquo;entreprise comme fournisseur de solutions m\u00e9dicales de pointe.<\/p>\n\n\n\n<p><strong>Autres innovations dans les \u00e9quipements manuels<\/strong><\/p>\n\n\n\n<p>Alors que le Syst\u00e8me Spark repr\u00e9sente une avanc\u00e9e significative dans l&rsquo;automatisation du transport m\u00e9dical, STEM continue d&rsquo;explorer et de d\u00e9velopper des solutions r\u00e9pondant \u00e0 divers besoins et sc\u00e9narios op\u00e9rationnels. L&rsquo;entreprise italienne envisage d&rsquo;introduire d&rsquo;autres innovations dans les \u00e9quipements manuels, pouvant inclure des am\u00e9liorations des civi\u00e8res autotransportables traditionnelles. Ces solutions visent \u00e0 compl\u00e9ter l&rsquo;offre d\u00e9j\u00e0 riche de STEM, en assurant que chaque produit respecte les normes \u00e9lev\u00e9es de qualit\u00e9 et d&rsquo;innovation de l&rsquo;entreprise. La pr\u00e9sence de ces nouveaux produits \u00e0 RETTmobil 2024 d\u00e9pendra de l&rsquo;ach\u00e8vement des d\u00e9veloppements en cours et de l&rsquo;obtention des normes requises au niveau europ\u00e9en.<\/p>\n\n\n\n<p><strong>Les innovations de STEM pour le march\u00e9 allemand<\/strong><\/p>\n\n\n\n<p>Pour le march\u00e9 allemand, STEM a introduit une innovation significative dans la gamme des marches pour le transport public. Les nouveaux mod\u00e8les de ces accessoires pr\u00e9sentent des perforations sp\u00e9ciales pour drainer la neige et la boue, am\u00e9liorant ainsi l&rsquo;adh\u00e9rence du syst\u00e8me m\u00eame dans des environnements particuli\u00e8rement difficiles. De plus, une nouvelle gamme de \u00ab\u00a0marches tiroir\u00a0\u00bb sera lanc\u00e9e, con\u00e7ue pour offrir des solutions ergonomiques et fiables suppl\u00e9mentaires aux professionnels de la sant\u00e9.<\/p>\n\n\n\n<figure class=\"wp-block-image size-full\"><img loading=\"lazy\" decoding=\"async\" width=\"834\" height=\"161\" src=\"https:\/\/www.stem.it\/wp-content\/uploads\/2024\/05\/Fiera-RETTmobil-2024-THE-EMS-BLOG-833x321-02-Copyright-2.jpg\" alt=\"\" class=\"wp-image-40465\" srcset=\"https:\/\/www.stem.it\/wp-content\/uploads\/2024\/05\/Fiera-RETTmobil-2024-THE-EMS-BLOG-833x321-02-Copyright-2.jpg 834w, https:\/\/www.stem.it\/wp-content\/uploads\/2024\/05\/Fiera-RETTmobil-2024-THE-EMS-BLOG-833x321-02-Copyright-2-300x58.jpg 300w, https:\/\/www.stem.it\/wp-content\/uploads\/2024\/05\/Fiera-RETTmobil-2024-THE-EMS-BLOG-833x321-02-Copyright-2-768x148.jpg 768w, https:\/\/www.stem.it\/wp-content\/uploads\/2024\/05\/Fiera-RETTmobil-2024-THE-EMS-BLOG-833x321-02-Copyright-2-705x136.jpg 705w\" sizes=\"auto, (max-width: 834px) 100vw, 834px\" \/><\/figure>\n\n\n\n<p><strong>Durabilit\u00e9 environnementale : une valeur cl\u00e9 de RETTMobil et de STEM<\/strong><\/p>\n\n\n\n<p>Au-del\u00e0 d&rsquo;\u00eatre la vitrine la plus importante pour les derni\u00e8res innovations dans le domaine m\u00e9dical, RETTmobil 2024 est \u00e9galement une sc\u00e8ne de choix pour d\u00e9montrer l&rsquo;engagement du secteur envers la durabilit\u00e9 environnementale. Cette ann\u00e9e, la foire a introduit plusieurs initiatives \u00e9cologiques et promu des politiques refl\u00e9tant l&rsquo;importance d&rsquo;une approche responsable dans les services m\u00e9dicaux d&rsquo;urgence. Cela inclut des programmes pour r\u00e9duire les d\u00e9chets g\u00e9n\u00e9r\u00e9s pendant l&rsquo;\u00e9v\u00e9nement, tant aux stands d&rsquo;exposition que dans les services de restauration. De plus, des incitations \u00e0 l&rsquo;utilisation d&rsquo;\u00e9nergies renouvelables par toutes les installations de la foire et l&rsquo;organisation d&rsquo;ateliers et de s\u00e9minaires d\u00e9di\u00e9s \u00e0 la durabilit\u00e9 et \u00e0 la mise en \u0153uvre de pratiques \u00e9cologiques sur les lieux de travail sont mises en avant.<\/p>\n\n\n\n<p>Enfin, les organisateurs de RETTmobil 2024 ont lanc\u00e9 une initiative pour compenser les \u00e9missions de CO2 associ\u00e9es \u00e0 l&rsquo;\u00e9v\u00e9nement en collaborant avec des projets de reforestation et de conservation de l&rsquo;environnement. Les valeurs de durabilit\u00e9 environnementale et de responsabilit\u00e9 sociale ont toujours \u00e9t\u00e9 bien interpr\u00e9t\u00e9es et incarn\u00e9es par STEM, qui participera activement \u00e0 toutes les initiatives promues lors de la foire allemande, partageant ses exp\u00e9riences et apprenant de nouvelles solutions pour am\u00e9liorer encore ses op\u00e9rations dans ces domaines.<\/p>\n\n\n\n<p><strong>Venez \u00e0 RETTMobil 2024 ? Vous \u00eates tous invit\u00e9s au stand de STEM !<\/strong><\/p>\n\n\n\n<p>Que vous soyez des professionnels ou des experts des services d&rsquo;urgence, de la s\u00e9curit\u00e9 et du transport m\u00e9dical, l&rsquo;\u00e9quipe de STEM invite tout le monde \u00e0 visiter le STAND 604 dans le Hall 6 \u00e0 RETTmobil 2024 pour d\u00e9couvrir comment les solutions de cette entreprise pionni\u00e8re peuvent optimiser efficacement votre travail dans un secteur aussi d\u00e9licat et de plus en plus strat\u00e9gique. Nous vous attendons avec impatience !<\/p>\n\n\n\n<figure class=\"wp-block-image size-full\"><img loading=\"lazy\" decoding=\"async\" width=\"834\" height=\"161\" src=\"https:\/\/www.stem.it\/wp-content\/uploads\/2024\/05\/Fiera-RETTmobil-2024-THE-EMS-BLOG-833x321-03-1.jpg\" alt=\"\" class=\"wp-image-40459\" srcset=\"https:\/\/www.stem.it\/wp-content\/uploads\/2024\/05\/Fiera-RETTmobil-2024-THE-EMS-BLOG-833x321-03-1.jpg 834w, https:\/\/www.stem.it\/wp-content\/uploads\/2024\/05\/Fiera-RETTmobil-2024-THE-EMS-BLOG-833x321-03-1-300x58.jpg 300w, https:\/\/www.stem.it\/wp-content\/uploads\/2024\/05\/Fiera-RETTmobil-2024-THE-EMS-BLOG-833x321-03-1-768x148.jpg 768w, https:\/\/www.stem.it\/wp-content\/uploads\/2024\/05\/Fiera-RETTmobil-2024-THE-EMS-BLOG-833x321-03-1-705x136.jpg 705w\" sizes=\"auto, (max-width: 834px) 100vw, 834px\" \/><\/figure>\n","protected":false},"excerpt":{"rendered":"<p>Du 15 au 17 mai, STEM participera \u00e0 RETTmobil 2024 \u00e0 Fulda, en Allemagne, l&rsquo;\u00e9v\u00e9nement europ\u00e9en de r\u00e9f\u00e9rence pour les services m\u00e9dicaux d&rsquo;urgence et la s\u00e9curit\u00e9. L&rsquo;entreprise italienne pr\u00e9sentera l&rsquo;\u00e9volution [&hellip;]<\/p>\n","protected":false},"author":12,"featured_media":40407,"comment_status":"closed","ping_status":"closed","sticky":false,"template":"","format":"standard","meta":{"footnotes":""},"categories":[236],"tags":[],"class_list":["post-40452","post","type-post","status-publish","format-standard","has-post-thumbnail","hentry","category-communaute-web"],"yoast_head":"<!-- This site is optimized with the Yoast SEO plugin v27.4 - https:\/\/yoast.com\/product\/yoast-seo-wordpress\/ -->\n<title>RETTMobil 2024 : STEM \u00e0 la pointe de la principale foire europ\u00e9enne des services m\u00e9dicaux d&#039;urgence - Stem Ems<\/title>\n<meta name=\"robots\" content=\"index, follow, max-snippet:-1, max-image-preview:large, max-video-preview:-1\" \/>\n<link rel=\"canonical\" href=\"https:\/\/www.stem.it\/fr\/communaute-web\/rettmobil-2024-stem-a-la-pointe-de-la-principale-foire-europeenne-des-services-medicaux-durgence\/\" \/>\n<meta property=\"og:locale\" content=\"fr_FR\" \/>\n<meta property=\"og:type\" content=\"article\" \/>\n<meta property=\"og:title\" content=\"RETTMobil 2024 : STEM \u00e0 la pointe de la principale foire europ\u00e9enne des services m\u00e9dicaux d&#039;urgence - Stem Ems\" \/>\n<meta property=\"og:description\" content=\"Du 15 au 17 mai, STEM participera \u00e0 RETTmobil 2024 \u00e0 Fulda, en Allemagne, l&rsquo;\u00e9v\u00e9nement europ\u00e9en de r\u00e9f\u00e9rence pour les services m\u00e9dicaux d&rsquo;urgence et la s\u00e9curit\u00e9. L&rsquo;entreprise italienne pr\u00e9sentera l&rsquo;\u00e9volution [&hellip;]\" \/>\n<meta property=\"og:url\" content=\"https:\/\/www.stem.it\/fr\/communaute-web\/rettmobil-2024-stem-a-la-pointe-de-la-principale-foire-europeenne-des-services-medicaux-durgence\/\" \/>\n<meta property=\"og:site_name\" content=\"Stem Ems\" \/>\n<meta property=\"article:publisher\" content=\"https:\/\/www.facebook.com\/stememsemergencymedicalsystems\/\" \/>\n<meta property=\"article:published_time\" content=\"2024-05-10T06:54:42+00:00\" \/>\n<meta property=\"article:modified_time\" content=\"2024-05-10T07:07:46+00:00\" \/>\n<meta property=\"og:image\" content=\"https:\/\/www.stem.it\/wp-content\/uploads\/2024\/05\/Fiera-RETTmobil-2024-THE-EMS-BLOG-833x321-01-Copyright-1.jpg\" \/>\n\t<meta property=\"og:image:width\" content=\"834\" \/>\n\t<meta property=\"og:image:height\" content=\"322\" \/>\n\t<meta property=\"og:image:type\" content=\"image\/jpeg\" \/>\n<meta name=\"author\" content=\"webmarketing\" \/>\n<meta name=\"twitter:card\" content=\"summary_large_image\" \/>\n<meta name=\"twitter:label1\" content=\"\u00c9crit par\" \/>\n\t<meta name=\"twitter:data1\" content=\"webmarketing\" \/>\n\t<meta name=\"twitter:label2\" content=\"Dur\u00e9e de lecture estim\u00e9e\" \/>\n\t<meta name=\"twitter:data2\" content=\"6 minutes\" \/>\n<script type=\"application\/ld+json\" class=\"yoast-schema-graph\">{\"@context\":\"https:\\\/\\\/schema.org\",\"@graph\":[{\"@type\":\"Article\",\"@id\":\"https:\\\/\\\/www.stem.it\\\/fr\\\/communaute-web\\\/rettmobil-2024-stem-a-la-pointe-de-la-principale-foire-europeenne-des-services-medicaux-durgence\\\/#article\",\"isPartOf\":{\"@id\":\"https:\\\/\\\/www.stem.it\\\/fr\\\/communaute-web\\\/rettmobil-2024-stem-a-la-pointe-de-la-principale-foire-europeenne-des-services-medicaux-durgence\\\/\"},\"author\":{\"name\":\"webmarketing\",\"@id\":\"https:\\\/\\\/www.stem.it\\\/fr\\\/#\\\/schema\\\/person\\\/54405616b318f734b7a507fd4a0a5476\"},\"headline\":\"RETTMobil 2024 : STEM \u00e0 la pointe de la principale foire europ\u00e9enne des services m\u00e9dicaux d&rsquo;urgence\",\"datePublished\":\"2024-05-10T06:54:42+00:00\",\"dateModified\":\"2024-05-10T07:07:46+00:00\",\"mainEntityOfPage\":{\"@id\":\"https:\\\/\\\/www.stem.it\\\/fr\\\/communaute-web\\\/rettmobil-2024-stem-a-la-pointe-de-la-principale-foire-europeenne-des-services-medicaux-durgence\\\/\"},\"wordCount\":1174,\"image\":{\"@id\":\"https:\\\/\\\/www.stem.it\\\/fr\\\/communaute-web\\\/rettmobil-2024-stem-a-la-pointe-de-la-principale-foire-europeenne-des-services-medicaux-durgence\\\/#primaryimage\"},\"thumbnailUrl\":\"https:\\\/\\\/www.stem.it\\\/wp-content\\\/uploads\\\/2024\\\/05\\\/Fiera-RETTmobil-2024-THE-EMS-BLOG-833x321-01-Copyright-1.jpg\",\"articleSection\":[\"Communaut\u00e9 Web\"],\"inLanguage\":\"fr-FR\"},{\"@type\":\"WebPage\",\"@id\":\"https:\\\/\\\/www.stem.it\\\/fr\\\/communaute-web\\\/rettmobil-2024-stem-a-la-pointe-de-la-principale-foire-europeenne-des-services-medicaux-durgence\\\/\",\"url\":\"https:\\\/\\\/www.stem.it\\\/fr\\\/communaute-web\\\/rettmobil-2024-stem-a-la-pointe-de-la-principale-foire-europeenne-des-services-medicaux-durgence\\\/\",\"name\":\"RETTMobil 2024 : STEM \u00e0 la pointe de la principale foire europ\u00e9enne des services m\u00e9dicaux d'urgence - Stem Ems\",\"isPartOf\":{\"@id\":\"https:\\\/\\\/www.stem.it\\\/fr\\\/#website\"},\"primaryImageOfPage\":{\"@id\":\"https:\\\/\\\/www.stem.it\\\/fr\\\/communaute-web\\\/rettmobil-2024-stem-a-la-pointe-de-la-principale-foire-europeenne-des-services-medicaux-durgence\\\/#primaryimage\"},\"image\":{\"@id\":\"https:\\\/\\\/www.stem.it\\\/fr\\\/communaute-web\\\/rettmobil-2024-stem-a-la-pointe-de-la-principale-foire-europeenne-des-services-medicaux-durgence\\\/#primaryimage\"},\"thumbnailUrl\":\"https:\\\/\\\/www.stem.it\\\/wp-content\\\/uploads\\\/2024\\\/05\\\/Fiera-RETTmobil-2024-THE-EMS-BLOG-833x321-01-Copyright-1.jpg\",\"datePublished\":\"2024-05-10T06:54:42+00:00\",\"dateModified\":\"2024-05-10T07:07:46+00:00\",\"author\":{\"@id\":\"https:\\\/\\\/www.stem.it\\\/fr\\\/#\\\/schema\\\/person\\\/54405616b318f734b7a507fd4a0a5476\"},\"breadcrumb\":{\"@id\":\"https:\\\/\\\/www.stem.it\\\/fr\\\/communaute-web\\\/rettmobil-2024-stem-a-la-pointe-de-la-principale-foire-europeenne-des-services-medicaux-durgence\\\/#breadcrumb\"},\"inLanguage\":\"fr-FR\",\"potentialAction\":[{\"@type\":\"ReadAction\",\"target\":[\"https:\\\/\\\/www.stem.it\\\/fr\\\/communaute-web\\\/rettmobil-2024-stem-a-la-pointe-de-la-principale-foire-europeenne-des-services-medicaux-durgence\\\/\"]}]},{\"@type\":\"ImageObject\",\"inLanguage\":\"fr-FR\",\"@id\":\"https:\\\/\\\/www.stem.it\\\/fr\\\/communaute-web\\\/rettmobil-2024-stem-a-la-pointe-de-la-principale-foire-europeenne-des-services-medicaux-durgence\\\/#primaryimage\",\"url\":\"https:\\\/\\\/www.stem.it\\\/wp-content\\\/uploads\\\/2024\\\/05\\\/Fiera-RETTmobil-2024-THE-EMS-BLOG-833x321-01-Copyright-1.jpg\",\"contentUrl\":\"https:\\\/\\\/www.stem.it\\\/wp-content\\\/uploads\\\/2024\\\/05\\\/Fiera-RETTmobil-2024-THE-EMS-BLOG-833x321-01-Copyright-1.jpg\",\"width\":834,\"height\":322},{\"@type\":\"BreadcrumbList\",\"@id\":\"https:\\\/\\\/www.stem.it\\\/fr\\\/communaute-web\\\/rettmobil-2024-stem-a-la-pointe-de-la-principale-foire-europeenne-des-services-medicaux-durgence\\\/#breadcrumb\",\"itemListElement\":[{\"@type\":\"ListItem\",\"position\":1,\"name\":\"Home\",\"item\":\"https:\\\/\\\/www.stem.it\\\/fr\\\/\"},{\"@type\":\"ListItem\",\"position\":2,\"name\":\"RETTMobil 2024 : STEM \u00e0 la pointe de la principale foire europ\u00e9enne des services m\u00e9dicaux d&#8217;urgence\"}]},{\"@type\":\"WebSite\",\"@id\":\"https:\\\/\\\/www.stem.it\\\/fr\\\/#website\",\"url\":\"https:\\\/\\\/www.stem.it\\\/fr\\\/\",\"name\":\"Stem Ems\",\"description\":\"Prodotti di alta qualit\u00e0 per lavoro ed emergenza\",\"potentialAction\":[{\"@type\":\"SearchAction\",\"target\":{\"@type\":\"EntryPoint\",\"urlTemplate\":\"https:\\\/\\\/www.stem.it\\\/fr\\\/?s={search_term_string}\"},\"query-input\":{\"@type\":\"PropertyValueSpecification\",\"valueRequired\":true,\"valueName\":\"search_term_string\"}}],\"inLanguage\":\"fr-FR\"},{\"@type\":\"Person\",\"@id\":\"https:\\\/\\\/www.stem.it\\\/fr\\\/#\\\/schema\\\/person\\\/54405616b318f734b7a507fd4a0a5476\",\"name\":\"webmarketing\",\"image\":{\"@type\":\"ImageObject\",\"inLanguage\":\"fr-FR\",\"@id\":\"https:\\\/\\\/secure.gravatar.com\\\/avatar\\\/55ca24ab9f1b5382f5e97702f12eb1e8c2a749b22d7e6a79ade1e1fffae1338f?s=96&d=mm&r=g\",\"url\":\"https:\\\/\\\/secure.gravatar.com\\\/avatar\\\/55ca24ab9f1b5382f5e97702f12eb1e8c2a749b22d7e6a79ade1e1fffae1338f?s=96&d=mm&r=g\",\"contentUrl\":\"https:\\\/\\\/secure.gravatar.com\\\/avatar\\\/55ca24ab9f1b5382f5e97702f12eb1e8c2a749b22d7e6a79ade1e1fffae1338f?s=96&d=mm&r=g\",\"caption\":\"webmarketing\"}}]}<\/script>\n<!-- \/ Yoast SEO plugin. -->","yoast_head_json":{"title":"RETTMobil 2024 : STEM \u00e0 la pointe de la principale foire europ\u00e9enne des services m\u00e9dicaux d'urgence - Stem Ems","robots":{"index":"index","follow":"follow","max-snippet":"max-snippet:-1","max-image-preview":"max-image-preview:large","max-video-preview":"max-video-preview:-1"},"canonical":"https:\/\/www.stem.it\/fr\/communaute-web\/rettmobil-2024-stem-a-la-pointe-de-la-principale-foire-europeenne-des-services-medicaux-durgence\/","og_locale":"fr_FR","og_type":"article","og_title":"RETTMobil 2024 : STEM \u00e0 la pointe de la principale foire europ\u00e9enne des services m\u00e9dicaux d'urgence - Stem Ems","og_description":"Du 15 au 17 mai, STEM participera \u00e0 RETTmobil 2024 \u00e0 Fulda, en Allemagne, l&rsquo;\u00e9v\u00e9nement europ\u00e9en de r\u00e9f\u00e9rence pour les services m\u00e9dicaux d&rsquo;urgence et la s\u00e9curit\u00e9. L&rsquo;entreprise italienne pr\u00e9sentera l&rsquo;\u00e9volution [&hellip;]","og_url":"https:\/\/www.stem.it\/fr\/communaute-web\/rettmobil-2024-stem-a-la-pointe-de-la-principale-foire-europeenne-des-services-medicaux-durgence\/","og_site_name":"Stem Ems","article_publisher":"https:\/\/www.facebook.com\/stememsemergencymedicalsystems\/","article_published_time":"2024-05-10T06:54:42+00:00","article_modified_time":"2024-05-10T07:07:46+00:00","og_image":[{"width":834,"height":322,"url":"https:\/\/www.stem.it\/wp-content\/uploads\/2024\/05\/Fiera-RETTmobil-2024-THE-EMS-BLOG-833x321-01-Copyright-1.jpg","type":"image\/jpeg"}],"author":"webmarketing","twitter_card":"summary_large_image","twitter_misc":{"\u00c9crit par":"webmarketing","Dur\u00e9e de lecture estim\u00e9e":"6 minutes"},"schema":{"@context":"https:\/\/schema.org","@graph":[{"@type":"Article","@id":"https:\/\/www.stem.it\/fr\/communaute-web\/rettmobil-2024-stem-a-la-pointe-de-la-principale-foire-europeenne-des-services-medicaux-durgence\/#article","isPartOf":{"@id":"https:\/\/www.stem.it\/fr\/communaute-web\/rettmobil-2024-stem-a-la-pointe-de-la-principale-foire-europeenne-des-services-medicaux-durgence\/"},"author":{"name":"webmarketing","@id":"https:\/\/www.stem.it\/fr\/#\/schema\/person\/54405616b318f734b7a507fd4a0a5476"},"headline":"RETTMobil 2024 : STEM \u00e0 la pointe de la principale foire europ\u00e9enne des services m\u00e9dicaux d&rsquo;urgence","datePublished":"2024-05-10T06:54:42+00:00","dateModified":"2024-05-10T07:07:46+00:00","mainEntityOfPage":{"@id":"https:\/\/www.stem.it\/fr\/communaute-web\/rettmobil-2024-stem-a-la-pointe-de-la-principale-foire-europeenne-des-services-medicaux-durgence\/"},"wordCount":1174,"image":{"@id":"https:\/\/www.stem.it\/fr\/communaute-web\/rettmobil-2024-stem-a-la-pointe-de-la-principale-foire-europeenne-des-services-medicaux-durgence\/#primaryimage"},"thumbnailUrl":"https:\/\/www.stem.it\/wp-content\/uploads\/2024\/05\/Fiera-RETTmobil-2024-THE-EMS-BLOG-833x321-01-Copyright-1.jpg","articleSection":["Communaut\u00e9 Web"],"inLanguage":"fr-FR"},{"@type":"WebPage","@id":"https:\/\/www.stem.it\/fr\/communaute-web\/rettmobil-2024-stem-a-la-pointe-de-la-principale-foire-europeenne-des-services-medicaux-durgence\/","url":"https:\/\/www.stem.it\/fr\/communaute-web\/rettmobil-2024-stem-a-la-pointe-de-la-principale-foire-europeenne-des-services-medicaux-durgence\/","name":"RETTMobil 2024 : STEM \u00e0 la pointe de la principale foire europ\u00e9enne des services m\u00e9dicaux d'urgence - Stem Ems","isPartOf":{"@id":"https:\/\/www.stem.it\/fr\/#website"},"primaryImageOfPage":{"@id":"https:\/\/www.stem.it\/fr\/communaute-web\/rettmobil-2024-stem-a-la-pointe-de-la-principale-foire-europeenne-des-services-medicaux-durgence\/#primaryimage"},"image":{"@id":"https:\/\/www.stem.it\/fr\/communaute-web\/rettmobil-2024-stem-a-la-pointe-de-la-principale-foire-europeenne-des-services-medicaux-durgence\/#primaryimage"},"thumbnailUrl":"https:\/\/www.stem.it\/wp-content\/uploads\/2024\/05\/Fiera-RETTmobil-2024-THE-EMS-BLOG-833x321-01-Copyright-1.jpg","datePublished":"2024-05-10T06:54:42+00:00","dateModified":"2024-05-10T07:07:46+00:00","author":{"@id":"https:\/\/www.stem.it\/fr\/#\/schema\/person\/54405616b318f734b7a507fd4a0a5476"},"breadcrumb":{"@id":"https:\/\/www.stem.it\/fr\/communaute-web\/rettmobil-2024-stem-a-la-pointe-de-la-principale-foire-europeenne-des-services-medicaux-durgence\/#breadcrumb"},"inLanguage":"fr-FR","potentialAction":[{"@type":"ReadAction","target":["https:\/\/www.stem.it\/fr\/communaute-web\/rettmobil-2024-stem-a-la-pointe-de-la-principale-foire-europeenne-des-services-medicaux-durgence\/"]}]},{"@type":"ImageObject","inLanguage":"fr-FR","@id":"https:\/\/www.stem.it\/fr\/communaute-web\/rettmobil-2024-stem-a-la-pointe-de-la-principale-foire-europeenne-des-services-medicaux-durgence\/#primaryimage","url":"https:\/\/www.stem.it\/wp-content\/uploads\/2024\/05\/Fiera-RETTmobil-2024-THE-EMS-BLOG-833x321-01-Copyright-1.jpg","contentUrl":"https:\/\/www.stem.it\/wp-content\/uploads\/2024\/05\/Fiera-RETTmobil-2024-THE-EMS-BLOG-833x321-01-Copyright-1.jpg","width":834,"height":322},{"@type":"BreadcrumbList","@id":"https:\/\/www.stem.it\/fr\/communaute-web\/rettmobil-2024-stem-a-la-pointe-de-la-principale-foire-europeenne-des-services-medicaux-durgence\/#breadcrumb","itemListElement":[{"@type":"ListItem","position":1,"name":"Home","item":"https:\/\/www.stem.it\/fr\/"},{"@type":"ListItem","position":2,"name":"RETTMobil 2024 : STEM \u00e0 la pointe de la principale foire europ\u00e9enne des services m\u00e9dicaux d&#8217;urgence"}]},{"@type":"WebSite","@id":"https:\/\/www.stem.it\/fr\/#website","url":"https:\/\/www.stem.it\/fr\/","name":"Stem Ems","description":"Prodotti di alta qualit\u00e0 per lavoro ed emergenza","potentialAction":[{"@type":"SearchAction","target":{"@type":"EntryPoint","urlTemplate":"https:\/\/www.stem.it\/fr\/?s={search_term_string}"},"query-input":{"@type":"PropertyValueSpecification","valueRequired":true,"valueName":"search_term_string"}}],"inLanguage":"fr-FR"},{"@type":"Person","@id":"https:\/\/www.stem.it\/fr\/#\/schema\/person\/54405616b318f734b7a507fd4a0a5476","name":"webmarketing","image":{"@type":"ImageObject","inLanguage":"fr-FR","@id":"https:\/\/secure.gravatar.com\/avatar\/55ca24ab9f1b5382f5e97702f12eb1e8c2a749b22d7e6a79ade1e1fffae1338f?s=96&d=mm&r=g","url":"https:\/\/secure.gravatar.com\/avatar\/55ca24ab9f1b5382f5e97702f12eb1e8c2a749b22d7e6a79ade1e1fffae1338f?s=96&d=mm&r=g","contentUrl":"https:\/\/secure.gravatar.com\/avatar\/55ca24ab9f1b5382f5e97702f12eb1e8c2a749b22d7e6a79ade1e1fffae1338f?s=96&d=mm&r=g","caption":"webmarketing"}}]}},"_links":{"self":[{"href":"https:\/\/www.stem.it\/fr\/wp-json\/wp\/v2\/posts\/40452","targetHints":{"allow":["GET"]}}],"collection":[{"href":"https:\/\/www.stem.it\/fr\/wp-json\/wp\/v2\/posts"}],"about":[{"href":"https:\/\/www.stem.it\/fr\/wp-json\/wp\/v2\/types\/post"}],"author":[{"embeddable":true,"href":"https:\/\/www.stem.it\/fr\/wp-json\/wp\/v2\/users\/12"}],"replies":[{"embeddable":true,"href":"https:\/\/www.stem.it\/fr\/wp-json\/wp\/v2\/comments?post=40452"}],"version-history":[{"count":1,"href":"https:\/\/www.stem.it\/fr\/wp-json\/wp\/v2\/posts\/40452\/revisions"}],"predecessor-version":[{"id":40471,"href":"https:\/\/www.stem.it\/fr\/wp-json\/wp\/v2\/posts\/40452\/revisions\/40471"}],"wp:featuredmedia":[{"embeddable":true,"href":"https:\/\/www.stem.it\/fr\/wp-json\/wp\/v2\/media\/40407"}],"wp:attachment":[{"href":"https:\/\/www.stem.it\/fr\/wp-json\/wp\/v2\/media?parent=40452"}],"wp:term":[{"taxonomy":"category","embeddable":true,"href":"https:\/\/www.stem.it\/fr\/wp-json\/wp\/v2\/categories?post=40452"},{"taxonomy":"post_tag","embeddable":true,"href":"https:\/\/www.stem.it\/fr\/wp-json\/wp\/v2\/tags?post=40452"}],"curies":[{"name":"wp","href":"https:\/\/api.w.org\/{rel}","templated":true}]}}