{"id":39651,"date":"2024-01-29T13:01:03","date_gmt":"2024-01-29T12:01:03","guid":{"rendered":"https:\/\/www.stem.it\/?p=39651"},"modified":"2024-01-29T13:02:08","modified_gmt":"2024-01-29T12:02:08","slug":"en-premiere-personne-avec-stem-au-salon-secours-expo-2024","status":"publish","type":"post","link":"https:\/\/www.stem.it\/fr\/communaute-web\/en-premiere-personne-avec-stem-au-salon-secours-expo-2024\/","title":{"rendered":"En Premi\u00e8re Personne avec STEM au Salon Secours Expo 2024"},"content":{"rendered":"\n<h2 class=\"wp-block-heading\">S\u00e9curit\u00e9 et Innovation en Avant-Plan<\/h2>\n\n\n\n<p>Avant de plonger dans la participation enthousiasmante de STEM \u00e0 la 8e \u00e9dition du Salon Secours Expo, prenons un moment pour comprendre la gen\u00e8se de cet \u00e9v\u00e9nement extraordinaire qui a fa\u00e7onn\u00e9 le monde des secours.<\/p>\n\n\n\n<h3 class=\"wp-block-heading\">Pr\u00e9sentation des Nouvelles Technologies STEM<\/h3>\n\n\n\n<p>Cette ann\u00e9e, STEM se pr\u00e9sente au Salon Secours Expo avec ses derni\u00e8res innovations con\u00e7ues pour \u00e9lever les normes de s\u00e9curit\u00e9 et d&rsquo;efficacit\u00e9 dans le transport m\u00e9dical. Les nouvelles technologies de pointe confirment l&rsquo;engagement constant de STEM \u00e0 offrir des solutions innovantes aux besoins changeants du secteur.<\/p>\n\n\n\n<h3 class=\"wp-block-heading\">Engagement envers la S\u00e9curit\u00e9 et l&rsquo;Excellence<\/h3>\n\n\n\n<p>Le Salon Secours Expo repr\u00e9sente bien plus qu&rsquo;une simple exposition de produits pour STEM. C&rsquo;est une occasion unique de partager des exp\u00e9riences, d&rsquo;apprendre des professionnels de la sant\u00e9 et de collaborer pour prot\u00e9ger et sauver des vies. La mission commune d&rsquo;am\u00e9liorer constamment les conditions de travail et l&rsquo;efficacit\u00e9 du transport des victimes trouve un espace privil\u00e9gi\u00e9 dans cet \u00e9v\u00e9nement.<\/p>\n\n\n\n<figure class=\"wp-block-image size-full\"><img loading=\"lazy\" decoding=\"async\" width=\"834\" height=\"161\" src=\"https:\/\/www.stem.it\/wp-content\/uploads\/2024\/01\/Fiera-SECOURS-EXPO-24-THE-EMS-BLOG-833x321-02.jpg\" alt=\"\" class=\"wp-image-39641\" srcset=\"https:\/\/www.stem.it\/wp-content\/uploads\/2024\/01\/Fiera-SECOURS-EXPO-24-THE-EMS-BLOG-833x321-02.jpg 834w, https:\/\/www.stem.it\/wp-content\/uploads\/2024\/01\/Fiera-SECOURS-EXPO-24-THE-EMS-BLOG-833x321-02-300x58.jpg 300w, https:\/\/www.stem.it\/wp-content\/uploads\/2024\/01\/Fiera-SECOURS-EXPO-24-THE-EMS-BLOG-833x321-02-768x148.jpg 768w, https:\/\/www.stem.it\/wp-content\/uploads\/2024\/01\/Fiera-SECOURS-EXPO-24-THE-EMS-BLOG-833x321-02-705x136.jpg 705w\" sizes=\"auto, (max-width: 834px) 100vw, 834px\" \/><\/figure>\n\n\n\n<h3 class=\"wp-block-heading\">La Gen\u00e8se de Secours Expo : L&rsquo;Inspiration de Nicolas Lefebvre pour Cr\u00e9er un Pont dans le Monde des Secours<\/h3>\n\n\n\n<p>Avant de continuer, il est essentiel de comprendre comment le Salon Secours Expo a d\u00e9but\u00e9 en 2015, gr\u00e2ce \u00e0 la vision et \u00e0 la d\u00e9termination de Nicolas Lefebvre. Son inspiration d\u00e9coule de la n\u00e9cessit\u00e9 de cr\u00e9er un point de rencontre crucial pour les professionnels des secours, un lieu o\u00f9 partager des connaissances, \u00e9largir les r\u00e9seaux professionnels et d\u00e9couvrir les derni\u00e8res innovations du secteur.<\/p>\n\n\n\n<p>Malgr\u00e9 les d\u00e9fis li\u00e9s \u00e0 la pand\u00e9mie en 2020, Nicolas a montr\u00e9 sa d\u00e9votion en adaptant le format traditionnel de l&rsquo;\u00e9v\u00e9nement et en le transformant en Secours Expo Live en 2021, une exp\u00e9rience num\u00e9rique qui a maintenu la continuit\u00e9 des \u00e9changes et des interactions dans le monde des secours.<\/p>\n\n\n\n<h3 class=\"wp-block-heading\">Contribution de STEM aux Congr\u00e8s et aux \u00c9changes de Connaissances<\/h3>\n\n\n\n<p>Nous participerons activement aux congr\u00e8s des ambulanciers et du Conseil fran\u00e7ais de r\u00e9animation cardio-pulmonaire, ainsi qu&rsquo;au congr\u00e8s EUSEM WINTER DAYS. Cela nous offrira l&rsquo;opportunit\u00e9 de prendre part \u00e0 des sessions et des ateliers ax\u00e9s sur les d\u00e9fis urgents en m\u00e9decine d&rsquo;urgence, favorisant un \u00e9change fructueux d&rsquo;id\u00e9es et apprenant des exp\u00e9riences des autres.<\/p>\n\n\n\n<h3 class=\"wp-block-heading\"><a href=\"https:\/\/www.secours-expo.com\/00-fr\/trophees-innovation-2023\/\"><em>Troph\u00e9es de l&rsquo;Innovation<\/em><\/a> : Mettons en Lumi\u00e8re l&rsquo;Excellence<\/h3>\n\n\n\n<p>Nous sommes particuli\u00e8rement fiers de participer aux Troph\u00e9es de l&rsquo;Innovation lors du salon. Ces prix reconnaissent les produits et services innovants qui am\u00e9liorent la productivit\u00e9, la performance ou la s\u00e9curit\u00e9 des intervenants d&rsquo;urgence. Consultez la<a href=\"https:\/\/www.secours-expo.com\/00-fr\/liste-innovations-2024\/\"> liste des participants<\/a> pour d\u00e9couvrir les excellences pr\u00e9sentes.<\/p>\n\n\n\n<h3 class=\"wp-block-heading\">Rencontre Directe avec STEM au Salon Secours Expo 2024<\/h3>\n\n\n\n<p>Avant de conclure, nous vous invitons \u00e0 nous rejoindre au <a href=\"https:\/\/www.stem.it\/fr\/event\/secours-expo-2024\/\">Parc des Expositions de la Porte de Versailles<\/a>, Hall 5.1, 1 Place de la Porte de Versailles, 75015 PARIS. Nous serons ravis de partager nos exp\u00e9riences, d&rsquo;\u00e9couter vos besoins et de contribuer ensemble \u00e0 fa\u00e7onner l&rsquo;avenir des secours m\u00e9dicaux. Notre passion pour la s\u00e9curit\u00e9 et l&rsquo;innovation nous guide, et nous sommes impatients de vous rencontrer au salon!<\/p>\n","protected":false},"excerpt":{"rendered":"<p>S\u00e9curit\u00e9 et Innovation en Avant-Plan Avant de plonger dans la participation enthousiasmante de STEM \u00e0 la 8e \u00e9dition du Salon Secours Expo, prenons un moment pour comprendre la gen\u00e8se de [&hellip;]<\/p>\n","protected":false},"author":12,"featured_media":39635,"comment_status":"closed","ping_status":"closed","sticky":false,"template":"","format":"standard","meta":{"footnotes":""},"categories":[236],"tags":[],"class_list":["post-39651","post","type-post","status-publish","format-standard","has-post-thumbnail","hentry","category-communaute-web"],"yoast_head":"<!-- This site is optimized with the Yoast SEO plugin v27.4 - https:\/\/yoast.com\/product\/yoast-seo-wordpress\/ -->\n<title>En Premi\u00e8re Personne avec STEM au Salon Secours Expo 2024 - Stem Ems<\/title>\n<meta name=\"description\" content=\"Secours Expo : Rejoignez-nous au Secours Expo avec STEM : partagez des exp\u00e9riences, apprenez des professionnels de la sant\u00e9 et collaborez pour am\u00e9liorer continuellement les conditions de travail et l&#039;efficacit\u00e9 du transport des victimes.\" \/>\n<meta name=\"robots\" content=\"index, follow, max-snippet:-1, max-image-preview:large, max-video-preview:-1\" \/>\n<link rel=\"canonical\" href=\"https:\/\/www.stem.it\/fr\/communaute-web\/en-premiere-personne-avec-stem-au-salon-secours-expo-2024\/\" \/>\n<meta property=\"og:locale\" content=\"fr_FR\" \/>\n<meta property=\"og:type\" content=\"article\" \/>\n<meta property=\"og:title\" content=\"En Premi\u00e8re Personne avec STEM au Salon Secours Expo 2024 - Stem Ems\" \/>\n<meta property=\"og:description\" content=\"Secours Expo : Rejoignez-nous au Secours Expo avec STEM : partagez des exp\u00e9riences, apprenez des professionnels de la sant\u00e9 et collaborez pour am\u00e9liorer continuellement les conditions de travail et l&#039;efficacit\u00e9 du transport des victimes.\" \/>\n<meta property=\"og:url\" content=\"https:\/\/www.stem.it\/fr\/communaute-web\/en-premiere-personne-avec-stem-au-salon-secours-expo-2024\/\" \/>\n<meta property=\"og:site_name\" content=\"Stem Ems\" \/>\n<meta property=\"article:publisher\" content=\"https:\/\/www.facebook.com\/stememsemergencymedicalsystems\/\" \/>\n<meta property=\"article:published_time\" content=\"2024-01-29T12:01:03+00:00\" \/>\n<meta property=\"article:modified_time\" content=\"2024-01-29T12:02:08+00:00\" \/>\n<meta property=\"og:image\" content=\"https:\/\/www.stem.it\/wp-content\/uploads\/2024\/01\/Fiera-SECOURS-EXPO-24-THE-EMS-BLOG-833x321-Copertina.jpg\" \/>\n\t<meta property=\"og:image:width\" content=\"834\" \/>\n\t<meta property=\"og:image:height\" content=\"322\" \/>\n\t<meta property=\"og:image:type\" content=\"image\/jpeg\" \/>\n<meta name=\"author\" content=\"webmarketing\" \/>\n<meta name=\"twitter:card\" content=\"summary_large_image\" \/>\n<meta name=\"twitter:label1\" content=\"\u00c9crit par\" \/>\n\t<meta name=\"twitter:data1\" content=\"webmarketing\" \/>\n\t<meta name=\"twitter:label2\" content=\"Dur\u00e9e de lecture estim\u00e9e\" \/>\n\t<meta name=\"twitter:data2\" content=\"3 minutes\" \/>\n<script type=\"application\/ld+json\" class=\"yoast-schema-graph\">{\"@context\":\"https:\\\/\\\/schema.org\",\"@graph\":[{\"@type\":\"Article\",\"@id\":\"https:\\\/\\\/www.stem.it\\\/fr\\\/communaute-web\\\/en-premiere-personne-avec-stem-au-salon-secours-expo-2024\\\/#article\",\"isPartOf\":{\"@id\":\"https:\\\/\\\/www.stem.it\\\/fr\\\/communaute-web\\\/en-premiere-personne-avec-stem-au-salon-secours-expo-2024\\\/\"},\"author\":{\"name\":\"webmarketing\",\"@id\":\"https:\\\/\\\/www.stem.it\\\/fr\\\/#\\\/schema\\\/person\\\/54405616b318f734b7a507fd4a0a5476\"},\"headline\":\"En Premi\u00e8re Personne avec STEM au Salon Secours Expo 2024\",\"datePublished\":\"2024-01-29T12:01:03+00:00\",\"dateModified\":\"2024-01-29T12:02:08+00:00\",\"mainEntityOfPage\":{\"@id\":\"https:\\\/\\\/www.stem.it\\\/fr\\\/communaute-web\\\/en-premiere-personne-avec-stem-au-salon-secours-expo-2024\\\/\"},\"wordCount\":548,\"image\":{\"@id\":\"https:\\\/\\\/www.stem.it\\\/fr\\\/communaute-web\\\/en-premiere-personne-avec-stem-au-salon-secours-expo-2024\\\/#primaryimage\"},\"thumbnailUrl\":\"https:\\\/\\\/www.stem.it\\\/wp-content\\\/uploads\\\/2024\\\/01\\\/Fiera-SECOURS-EXPO-24-THE-EMS-BLOG-833x321-Copertina.jpg\",\"articleSection\":[\"Communaut\u00e9 Web\"],\"inLanguage\":\"fr-FR\"},{\"@type\":\"WebPage\",\"@id\":\"https:\\\/\\\/www.stem.it\\\/fr\\\/communaute-web\\\/en-premiere-personne-avec-stem-au-salon-secours-expo-2024\\\/\",\"url\":\"https:\\\/\\\/www.stem.it\\\/fr\\\/communaute-web\\\/en-premiere-personne-avec-stem-au-salon-secours-expo-2024\\\/\",\"name\":\"En Premi\u00e8re Personne avec STEM au Salon Secours Expo 2024 - Stem Ems\",\"isPartOf\":{\"@id\":\"https:\\\/\\\/www.stem.it\\\/fr\\\/#website\"},\"primaryImageOfPage\":{\"@id\":\"https:\\\/\\\/www.stem.it\\\/fr\\\/communaute-web\\\/en-premiere-personne-avec-stem-au-salon-secours-expo-2024\\\/#primaryimage\"},\"image\":{\"@id\":\"https:\\\/\\\/www.stem.it\\\/fr\\\/communaute-web\\\/en-premiere-personne-avec-stem-au-salon-secours-expo-2024\\\/#primaryimage\"},\"thumbnailUrl\":\"https:\\\/\\\/www.stem.it\\\/wp-content\\\/uploads\\\/2024\\\/01\\\/Fiera-SECOURS-EXPO-24-THE-EMS-BLOG-833x321-Copertina.jpg\",\"datePublished\":\"2024-01-29T12:01:03+00:00\",\"dateModified\":\"2024-01-29T12:02:08+00:00\",\"author\":{\"@id\":\"https:\\\/\\\/www.stem.it\\\/fr\\\/#\\\/schema\\\/person\\\/54405616b318f734b7a507fd4a0a5476\"},\"description\":\"Secours Expo : Rejoignez-nous au Secours Expo avec STEM : partagez des exp\u00e9riences, apprenez des professionnels de la sant\u00e9 et collaborez pour am\u00e9liorer continuellement les conditions de travail et l'efficacit\u00e9 du transport des victimes.\",\"breadcrumb\":{\"@id\":\"https:\\\/\\\/www.stem.it\\\/fr\\\/communaute-web\\\/en-premiere-personne-avec-stem-au-salon-secours-expo-2024\\\/#breadcrumb\"},\"inLanguage\":\"fr-FR\",\"potentialAction\":[{\"@type\":\"ReadAction\",\"target\":[\"https:\\\/\\\/www.stem.it\\\/fr\\\/communaute-web\\\/en-premiere-personne-avec-stem-au-salon-secours-expo-2024\\\/\"]}]},{\"@type\":\"ImageObject\",\"inLanguage\":\"fr-FR\",\"@id\":\"https:\\\/\\\/www.stem.it\\\/fr\\\/communaute-web\\\/en-premiere-personne-avec-stem-au-salon-secours-expo-2024\\\/#primaryimage\",\"url\":\"https:\\\/\\\/www.stem.it\\\/wp-content\\\/uploads\\\/2024\\\/01\\\/Fiera-SECOURS-EXPO-24-THE-EMS-BLOG-833x321-Copertina.jpg\",\"contentUrl\":\"https:\\\/\\\/www.stem.it\\\/wp-content\\\/uploads\\\/2024\\\/01\\\/Fiera-SECOURS-EXPO-24-THE-EMS-BLOG-833x321-Copertina.jpg\",\"width\":834,\"height\":322},{\"@type\":\"BreadcrumbList\",\"@id\":\"https:\\\/\\\/www.stem.it\\\/fr\\\/communaute-web\\\/en-premiere-personne-avec-stem-au-salon-secours-expo-2024\\\/#breadcrumb\",\"itemListElement\":[{\"@type\":\"ListItem\",\"position\":1,\"name\":\"Home\",\"item\":\"https:\\\/\\\/www.stem.it\\\/fr\\\/\"},{\"@type\":\"ListItem\",\"position\":2,\"name\":\"En Premi\u00e8re Personne avec STEM au Salon Secours Expo 2024\"}]},{\"@type\":\"WebSite\",\"@id\":\"https:\\\/\\\/www.stem.it\\\/fr\\\/#website\",\"url\":\"https:\\\/\\\/www.stem.it\\\/fr\\\/\",\"name\":\"Stem Ems\",\"description\":\"Prodotti di alta qualit\u00e0 per lavoro ed emergenza\",\"potentialAction\":[{\"@type\":\"SearchAction\",\"target\":{\"@type\":\"EntryPoint\",\"urlTemplate\":\"https:\\\/\\\/www.stem.it\\\/fr\\\/?s={search_term_string}\"},\"query-input\":{\"@type\":\"PropertyValueSpecification\",\"valueRequired\":true,\"valueName\":\"search_term_string\"}}],\"inLanguage\":\"fr-FR\"},{\"@type\":\"Person\",\"@id\":\"https:\\\/\\\/www.stem.it\\\/fr\\\/#\\\/schema\\\/person\\\/54405616b318f734b7a507fd4a0a5476\",\"name\":\"webmarketing\",\"image\":{\"@type\":\"ImageObject\",\"inLanguage\":\"fr-FR\",\"@id\":\"https:\\\/\\\/secure.gravatar.com\\\/avatar\\\/55ca24ab9f1b5382f5e97702f12eb1e8c2a749b22d7e6a79ade1e1fffae1338f?s=96&d=mm&r=g\",\"url\":\"https:\\\/\\\/secure.gravatar.com\\\/avatar\\\/55ca24ab9f1b5382f5e97702f12eb1e8c2a749b22d7e6a79ade1e1fffae1338f?s=96&d=mm&r=g\",\"contentUrl\":\"https:\\\/\\\/secure.gravatar.com\\\/avatar\\\/55ca24ab9f1b5382f5e97702f12eb1e8c2a749b22d7e6a79ade1e1fffae1338f?s=96&d=mm&r=g\",\"caption\":\"webmarketing\"}}]}<\/script>\n<!-- \/ Yoast SEO plugin. -->","yoast_head_json":{"title":"En Premi\u00e8re Personne avec STEM au Salon Secours Expo 2024 - Stem Ems","description":"Secours Expo : Rejoignez-nous au Secours Expo avec STEM : partagez des exp\u00e9riences, apprenez des professionnels de la sant\u00e9 et collaborez pour am\u00e9liorer continuellement les conditions de travail et l'efficacit\u00e9 du transport des victimes.","robots":{"index":"index","follow":"follow","max-snippet":"max-snippet:-1","max-image-preview":"max-image-preview:large","max-video-preview":"max-video-preview:-1"},"canonical":"https:\/\/www.stem.it\/fr\/communaute-web\/en-premiere-personne-avec-stem-au-salon-secours-expo-2024\/","og_locale":"fr_FR","og_type":"article","og_title":"En Premi\u00e8re Personne avec STEM au Salon Secours Expo 2024 - Stem Ems","og_description":"Secours Expo : Rejoignez-nous au Secours Expo avec STEM : partagez des exp\u00e9riences, apprenez des professionnels de la sant\u00e9 et collaborez pour am\u00e9liorer continuellement les conditions de travail et l'efficacit\u00e9 du transport des victimes.","og_url":"https:\/\/www.stem.it\/fr\/communaute-web\/en-premiere-personne-avec-stem-au-salon-secours-expo-2024\/","og_site_name":"Stem Ems","article_publisher":"https:\/\/www.facebook.com\/stememsemergencymedicalsystems\/","article_published_time":"2024-01-29T12:01:03+00:00","article_modified_time":"2024-01-29T12:02:08+00:00","og_image":[{"width":834,"height":322,"url":"https:\/\/www.stem.it\/wp-content\/uploads\/2024\/01\/Fiera-SECOURS-EXPO-24-THE-EMS-BLOG-833x321-Copertina.jpg","type":"image\/jpeg"}],"author":"webmarketing","twitter_card":"summary_large_image","twitter_misc":{"\u00c9crit par":"webmarketing","Dur\u00e9e de lecture estim\u00e9e":"3 minutes"},"schema":{"@context":"https:\/\/schema.org","@graph":[{"@type":"Article","@id":"https:\/\/www.stem.it\/fr\/communaute-web\/en-premiere-personne-avec-stem-au-salon-secours-expo-2024\/#article","isPartOf":{"@id":"https:\/\/www.stem.it\/fr\/communaute-web\/en-premiere-personne-avec-stem-au-salon-secours-expo-2024\/"},"author":{"name":"webmarketing","@id":"https:\/\/www.stem.it\/fr\/#\/schema\/person\/54405616b318f734b7a507fd4a0a5476"},"headline":"En Premi\u00e8re Personne avec STEM au Salon Secours Expo 2024","datePublished":"2024-01-29T12:01:03+00:00","dateModified":"2024-01-29T12:02:08+00:00","mainEntityOfPage":{"@id":"https:\/\/www.stem.it\/fr\/communaute-web\/en-premiere-personne-avec-stem-au-salon-secours-expo-2024\/"},"wordCount":548,"image":{"@id":"https:\/\/www.stem.it\/fr\/communaute-web\/en-premiere-personne-avec-stem-au-salon-secours-expo-2024\/#primaryimage"},"thumbnailUrl":"https:\/\/www.stem.it\/wp-content\/uploads\/2024\/01\/Fiera-SECOURS-EXPO-24-THE-EMS-BLOG-833x321-Copertina.jpg","articleSection":["Communaut\u00e9 Web"],"inLanguage":"fr-FR"},{"@type":"WebPage","@id":"https:\/\/www.stem.it\/fr\/communaute-web\/en-premiere-personne-avec-stem-au-salon-secours-expo-2024\/","url":"https:\/\/www.stem.it\/fr\/communaute-web\/en-premiere-personne-avec-stem-au-salon-secours-expo-2024\/","name":"En Premi\u00e8re Personne avec STEM au Salon Secours Expo 2024 - Stem Ems","isPartOf":{"@id":"https:\/\/www.stem.it\/fr\/#website"},"primaryImageOfPage":{"@id":"https:\/\/www.stem.it\/fr\/communaute-web\/en-premiere-personne-avec-stem-au-salon-secours-expo-2024\/#primaryimage"},"image":{"@id":"https:\/\/www.stem.it\/fr\/communaute-web\/en-premiere-personne-avec-stem-au-salon-secours-expo-2024\/#primaryimage"},"thumbnailUrl":"https:\/\/www.stem.it\/wp-content\/uploads\/2024\/01\/Fiera-SECOURS-EXPO-24-THE-EMS-BLOG-833x321-Copertina.jpg","datePublished":"2024-01-29T12:01:03+00:00","dateModified":"2024-01-29T12:02:08+00:00","author":{"@id":"https:\/\/www.stem.it\/fr\/#\/schema\/person\/54405616b318f734b7a507fd4a0a5476"},"description":"Secours Expo : Rejoignez-nous au Secours Expo avec STEM : partagez des exp\u00e9riences, apprenez des professionnels de la sant\u00e9 et collaborez pour am\u00e9liorer continuellement les conditions de travail et l'efficacit\u00e9 du transport des victimes.","breadcrumb":{"@id":"https:\/\/www.stem.it\/fr\/communaute-web\/en-premiere-personne-avec-stem-au-salon-secours-expo-2024\/#breadcrumb"},"inLanguage":"fr-FR","potentialAction":[{"@type":"ReadAction","target":["https:\/\/www.stem.it\/fr\/communaute-web\/en-premiere-personne-avec-stem-au-salon-secours-expo-2024\/"]}]},{"@type":"ImageObject","inLanguage":"fr-FR","@id":"https:\/\/www.stem.it\/fr\/communaute-web\/en-premiere-personne-avec-stem-au-salon-secours-expo-2024\/#primaryimage","url":"https:\/\/www.stem.it\/wp-content\/uploads\/2024\/01\/Fiera-SECOURS-EXPO-24-THE-EMS-BLOG-833x321-Copertina.jpg","contentUrl":"https:\/\/www.stem.it\/wp-content\/uploads\/2024\/01\/Fiera-SECOURS-EXPO-24-THE-EMS-BLOG-833x321-Copertina.jpg","width":834,"height":322},{"@type":"BreadcrumbList","@id":"https:\/\/www.stem.it\/fr\/communaute-web\/en-premiere-personne-avec-stem-au-salon-secours-expo-2024\/#breadcrumb","itemListElement":[{"@type":"ListItem","position":1,"name":"Home","item":"https:\/\/www.stem.it\/fr\/"},{"@type":"ListItem","position":2,"name":"En Premi\u00e8re Personne avec STEM au Salon Secours Expo 2024"}]},{"@type":"WebSite","@id":"https:\/\/www.stem.it\/fr\/#website","url":"https:\/\/www.stem.it\/fr\/","name":"Stem Ems","description":"Prodotti di alta qualit\u00e0 per lavoro ed emergenza","potentialAction":[{"@type":"SearchAction","target":{"@type":"EntryPoint","urlTemplate":"https:\/\/www.stem.it\/fr\/?s={search_term_string}"},"query-input":{"@type":"PropertyValueSpecification","valueRequired":true,"valueName":"search_term_string"}}],"inLanguage":"fr-FR"},{"@type":"Person","@id":"https:\/\/www.stem.it\/fr\/#\/schema\/person\/54405616b318f734b7a507fd4a0a5476","name":"webmarketing","image":{"@type":"ImageObject","inLanguage":"fr-FR","@id":"https:\/\/secure.gravatar.com\/avatar\/55ca24ab9f1b5382f5e97702f12eb1e8c2a749b22d7e6a79ade1e1fffae1338f?s=96&d=mm&r=g","url":"https:\/\/secure.gravatar.com\/avatar\/55ca24ab9f1b5382f5e97702f12eb1e8c2a749b22d7e6a79ade1e1fffae1338f?s=96&d=mm&r=g","contentUrl":"https:\/\/secure.gravatar.com\/avatar\/55ca24ab9f1b5382f5e97702f12eb1e8c2a749b22d7e6a79ade1e1fffae1338f?s=96&d=mm&r=g","caption":"webmarketing"}}]}},"_links":{"self":[{"href":"https:\/\/www.stem.it\/fr\/wp-json\/wp\/v2\/posts\/39651","targetHints":{"allow":["GET"]}}],"collection":[{"href":"https:\/\/www.stem.it\/fr\/wp-json\/wp\/v2\/posts"}],"about":[{"href":"https:\/\/www.stem.it\/fr\/wp-json\/wp\/v2\/types\/post"}],"author":[{"embeddable":true,"href":"https:\/\/www.stem.it\/fr\/wp-json\/wp\/v2\/users\/12"}],"replies":[{"embeddable":true,"href":"https:\/\/www.stem.it\/fr\/wp-json\/wp\/v2\/comments?post=39651"}],"version-history":[{"count":2,"href":"https:\/\/www.stem.it\/fr\/wp-json\/wp\/v2\/posts\/39651\/revisions"}],"predecessor-version":[{"id":39653,"href":"https:\/\/www.stem.it\/fr\/wp-json\/wp\/v2\/posts\/39651\/revisions\/39653"}],"wp:featuredmedia":[{"embeddable":true,"href":"https:\/\/www.stem.it\/fr\/wp-json\/wp\/v2\/media\/39635"}],"wp:attachment":[{"href":"https:\/\/www.stem.it\/fr\/wp-json\/wp\/v2\/media?parent=39651"}],"wp:term":[{"taxonomy":"category","embeddable":true,"href":"https:\/\/www.stem.it\/fr\/wp-json\/wp\/v2\/categories?post=39651"},{"taxonomy":"post_tag","embeddable":true,"href":"https:\/\/www.stem.it\/fr\/wp-json\/wp\/v2\/tags?post=39651"}],"curies":[{"name":"wp","href":"https:\/\/api.w.org\/{rel}","templated":true}]}}