{"id":34567,"date":"2023-03-06T14:55:22","date_gmt":"2023-03-06T13:55:22","guid":{"rendered":"https:\/\/www.stem.it\/?p=34567"},"modified":"2023-03-08T10:10:52","modified_gmt":"2023-03-08T09:10:52","slug":"ambulance-electrique-et-transition-ecologique","status":"publish","type":"post","link":"https:\/\/www.stem.it\/fr\/normative\/ambulance-electrique-et-transition-ecologique\/","title":{"rendered":"Ambulance \u00e9lectrique : les v\u00e9hicules propres en faveur de la transition \u00e9cologique"},"content":{"rendered":"<\/p>\n\n<style type=\"text\/css\" data-created_by=\"avia_inline_auto\" id=\"style-css-av-lav86i1o-e593bbf800490e1f540a5790ba337822\">\n.avia-image-container.av-lav86i1o-e593bbf800490e1f540a5790ba337822 img.avia_image{\nbox-shadow:none;\n}\n.avia-image-container.av-lav86i1o-e593bbf800490e1f540a5790ba337822 .av-image-caption-overlay-center{\ncolor:#ffffff;\n}\n<\/style>\n<div  class='avia-image-container av-lav86i1o-e593bbf800490e1f540a5790ba337822 av-styling- avia-align-center  avia-builder-el-0  el_before_av_textblock  avia-builder-el-first '   itemprop=\"image\" itemscope=\"itemscope\" itemtype=\"https:\/\/schema.org\/ImageObject\" ><div class=\"avia-image-container-inner\"><div class=\"avia-image-overlay-wrap\"><img decoding=\"async\" fetchpriority=\"high\" class='wp-image-34570 avia-img-lazy-loading-not-34570 avia_image ' src=\"https:\/\/www.stem.it\/wp-content\/uploads\/2023\/02\/Ambulanza-Elettrica-THE-EMS-BLOG-833x321-1.jpg\" alt='Ambulance \u00e9lectrique : les v\u00e9hicules propres en faveur de la transition \u00e9cologique' title='Ambulance \u00e9lectrique : les v\u00e9hicules propres en faveur de la transition \u00e9cologique'  height=\"321\" width=\"833\"  itemprop=\"thumbnailUrl\" srcset=\"https:\/\/www.stem.it\/wp-content\/uploads\/2023\/02\/Ambulanza-Elettrica-THE-EMS-BLOG-833x321-1.jpg 833w, https:\/\/www.stem.it\/wp-content\/uploads\/2023\/02\/Ambulanza-Elettrica-THE-EMS-BLOG-833x321-1-300x116.jpg 300w, https:\/\/www.stem.it\/wp-content\/uploads\/2023\/02\/Ambulanza-Elettrica-THE-EMS-BLOG-833x321-1-768x296.jpg 768w, https:\/\/www.stem.it\/wp-content\/uploads\/2023\/02\/Ambulanza-Elettrica-THE-EMS-BLOG-833x321-1-705x272.jpg 705w\" sizes=\"(max-width: 833px) 100vw, 833px\" \/><\/div><\/div><\/div>\n<section  class='av_textblock_section av-lav85a0t-3ba56440c75f2fc315de432236476462 '   itemscope=\"itemscope\" itemtype=\"https:\/\/schema.org\/BlogPosting\" itemprop=\"blogPost\" ><div class='avia_textblock'  itemprop=\"text\" ><h1><strong>Ambulance \u00e9lectrique : les v\u00e9hicules propres en faveur de la transition \u00e9cologique <\/strong><\/h1>\n<p>Ambulance \u00e9lectrique et la transition \u00e9cologique. L\u2019arriv\u00e9 des v\u00e9hicules \u00e9lectriques dans le monde du transport sanitaire en plusieurs pays est d\u00e9j\u00e0 d\u2019actualit\u00e9, m\u00eame si restent encore des perplexit\u00e9s au niveau des utilisateurs. Niveau normes les organisations europ\u00e9ennes ne sont pas encore align\u00e9es et rien n\u2019est encore fig\u00e9 concernant les v\u00e9hicules sp\u00e9ciaux. Comme il est possible de constater par la norme EN 1789. Dans le texte aucune clarification concerne les ambulances \u00e9lectriques, nonobstant en plusieurs Pays europ\u00e9ens circulent ce type de v\u00e9hicules.<\/p>\n<p>Il s\u2019agirait de v\u00e9hicules plus compacts et \u00e9cologiques, mais avec un cout initial bien plus \u00e9lev\u00e9. Probablement ce type d\u2019ambulance ne serait pas adapt\u00e9 pour toute utilisation, comme par exemple seraient exclus les services de r\u00e9animation et de secours aux victimes (SAMU \u2013 SDIS). Pour les transports sur des longs parcours il faut ainsi consid\u00e9rer de nombreux aspects. En premier le facteur li\u00e9 aux dur\u00e9es des interventions qui changeront en fonction d\u2019utilisation d\u2019un v\u00e9hicule \u00e9lectrique. L\u2019ambulance \u00e9lectrique n\u00e9cessite d\u2019une recharge des batteries, action qui pourrait accroire le temps de parcours. En plus le personnel doit disposer des connaissances ad\u00e9quates en fonction du type de transport devant \u00eatre effectu\u00e9. Les op\u00e9rateurs doivent imp\u00e9rativement savoir l\u2019endroit o\u00f9 se trouvent les stations de recharge pour \u00e9viter toute situation impr\u00e9vue. En particulier le conducteur ambulancier doit \u00e9galement bien savoir adapter le style de conduite. L\u2019autonomie des batteries des v\u00e9hicules \u00e9lectriques varie en fonction du type parcours, du type de v\u00e9hicule et surtout de la vitesse. Il faut donc imp\u00e9rativement apprendre de nouvelles habitudes et accroire ses propres connaissances avec de la bonne pratique <em>sur mesure.<\/em><\/p>\n<p>Voici des exemples d\u2019ambulances \u00e9lectriques en Europe e non seulement.<\/p>\n<h2><strong>Ambulance \u00e9lectrique et transition \u00e9cologique en Engleterre: le dossier NHS<\/strong><\/h2>\n<p>Le service sanitaire britannique (<a href=\"https:\/\/www.nhs.uk\/\">NHS<\/a>) \u00a0a inaugur\u00e9 une nouvelle flotte de v\u00e9hicules \u00e9lectriques destin\u00e9e au support de la sant\u00e9 mentale. On parle de <a href=\"https:\/\/electrek.co\/2022\/08\/31\/england-investing-ev-ambulance-fleet-dedicated-mental-health-crises\/\">21 ambulances EV \u00e0 z\u00e9ro \u00e9missions<\/a>. L\u2019NHS d\u00e9j\u00e0 en <a href=\"https:\/\/www.electrive.com\/2021\/08\/09\/nhs-procures-fleet-of-electric-ambulances\/\">2021\u00a0<\/a> avait en programme un projet qui visait \u00e0 l\u2019acquisition de v\u00e9hicules totalement \u00e9lectriques. L\u2019id\u00e9e \u00e9tait celle de mettre en place une solution \u00e9cologique qui aurait donn\u00e9 place \u00e0 une centaine de postes de travail. Les v\u00e9hicules sur les quels l\u2019administration publique a investi sont l\u00e9gers et <em>de simple utilisation <\/em>pour les volontaires et paramedics, outre \u00e0 disposer d\u2019une technologie d\u2019avant-garde. L\u2019utilisation de ces premi\u00e8res ambulances <em>\u00e9cologiques<\/em> est un \u00e9l\u00e9ment visant \u00e0 attendre l\u2019objectif que le gouvernement britannique s\u2019est donn\u00e9 pour arriver en 2040 avec la totalit\u00e9 de la flotte du service sanitaire britannique (NHS) constitu\u00e9e uniquement par des v\u00e9hicules \u00e0 z\u00e9ro \u00e9mission.<\/p>\n<h2><strong>Ambulance \u00e9lectrique et transition \u00e9cologique en Europe: la solution Profile<\/strong><\/h2>\n<p><a href=\"https:\/\/profilevehicles.com\/en\/\">Profile Vehicles<\/a>, tout comme d\u2019autres, travaille pour trouver une solution contre la pollution avec sa version \u00e9lectrique d\u2019un v\u00e9hicule pour le transport de patients. Depuis le printemps 2022 <a href=\"https:\/\/profilevehicles.com\/en\/eadvanz-in-europe\/\">eAdvanz \u00a0<\/a>fait une tourn\u00e9e de d\u00e9monstration en diff\u00e9rents pays d\u2019Europe\u00a0: Hollande, Danemark, Autriche, Suisse, Su\u00e8de et Estonie, ont \u00e9t\u00e9 chacune des \u00e9tapes principales. Le v\u00e9hicule eAdvanz a eu un grand succ\u00e8s et sa production a d\u00e9j\u00e0 \u00e9t\u00e9 lanc\u00e9e. La premi\u00e8re ambulance sign\u00e9e Profile Vehicles a d\u00e9j\u00e0 \u00e9t\u00e9 vendue en Su\u00e8de aux Samariten Ambulans AB.<\/p>\n<p>Le v\u00e9hicule propos\u00e9 dispose d\u2019une autonomie d\u2019environ 300 km (d\u00e9clar\u00e9s). En cas de n\u00e9cessit\u00e9 il est \u00e9galement possible utiliser l\u2019option \u201crecharge rapide\u201d avec laquelle en seulement 15 minutes le v\u00e9hicule peut disposer d\u2019une autonomie de 100 km.<\/p>\n<h2><strong>Ambulance \u00e9lectrique et transition \u00e9cologique: la parole d\u2019un conducteur ambulancier<\/strong><\/h2>\n<p>Simone Filippini, responsable de la Croix Rouge de Treviglio (Bergame, Italie), raconte \u00e0 la r\u00e9daction de \u00a0\u201cThe Ems Blog\u201d quel est son point de vue sur les v\u00e9hicules \u00e9lectriques pour le secours.<\/p>\n<p>\u201cL\u2019utilisation des ambulances \u00e9lectriques serait plut\u00f4t adapt\u00e9e pour les transferts secondaires, mais certainement pas pour les interventions d\u2019urgence et de premiers secours. Il faut se rappeler que les autonomies d\u00e9clar\u00e9es sont d\u00e9finies sur la base d\u2019une utilisation quasiment \u00e0 des vitesses constantes \u201d. \u00a0confirmer la difficult\u00e9 d\u2019utilisation d\u2019ambulances \u00e9lectriques dans les services du 118 est la pr\u00e9occupation des secouristes ne soit pas aussi performant en situation de stress. Simone trouve sans doute \u201cparfait\u201d l\u2019utilisation d\u2019un v\u00e9hicule \u00e9lectrique pour des services secondaires, o\u00f9 la distance en km \u00e0 parcourir est d\u00e9j\u00e0 connue d\u2019avance et surtout il y a le temps pour recharger le v\u00e9hicule, car ce sont de services sur \u00ab\u00a0r\u00e9servation\u00a0\u00bb.<\/p>\n<h3><strong>Recyclage des composants \u00e9lectriques<\/strong><\/h3>\n<p>Selon une recherche publi\u00e9e sur l\u2019<a href=\"https:\/\/www.sciencedirect.com\/science\/article\/pii\/S2666202721000161\">International Journal of Thermofluids<\/a>, en 2023 il y aura 125 millions de v\u00e9hicules \u00e9lectriques sur la plan\u00e8te. En termes d\u2019\u00e9missions il s\u2019agit de chiffres qui \u00e9voquent une tr\u00e8s bonne am\u00e9lioration. Semble r\u00e9elle la possibilit\u00e9 de contraster la pollution avec l\u2019introduction de nouvelles technologies dans la vie d\u2019un grand nombre de personnes. La question est par contre : sommes-nous \u00e9quip\u00e9s pour le recyclage des composants \u00e9lectriques ? Certaines \u00e9tudes r\u00e9v\u00e8lent que \u00e0 ce jour uniquement le 5% du lithium est r\u00e9cup\u00e9r\u00e9. Le risque de stocker de d\u00e9chets nuisibles est r\u00e9el. Pour que ce tournant d\u2019\u00e9conomie circulaire devienne concret il est n\u00e9cessaire que les technologies de recyclage fassent un pas en avant. Si nous n\u2019avan\u00e7ons pas sur le recyclage, tous les efforts et les investissements pr\u00e9c\u00e9dents seront malheureusement inutiles.<\/p>\n<p>Les exemples propos\u00e9s sont uniquement certains des multiples exemples des entreprises qui ont fait un pas en avant vers l\u2019\u00e9lectrique tout en regardant vers un futur \u00e9cologique.<\/p>\n<\/div><\/section>\n<div  class='flex_column av-19ydxbb-8c5a7f4f8292ee9d4c6eca235e72afa7 av_one_fourth  avia-builder-el-2  el_after_av_textblock  el_before_av_one_half  first flex_column_div  column-top-margin'     ><\/div>\n<div  class='flex_column av-lb208hy5-28bd42f1a56ddc72f88431613090d925 av_one_half  avia-builder-el-3  el_after_av_one_fourth  el_before_av_one_fourth  flex_column_div avia-link-column av-column-link  column-top-margin'    data-link-column-url=\"https:\/\/www.stem.it\/fr\/about\/\"   ><a class=\"av-screen-reader-only\" href=https:\/\/www.stem.it\/fr\/about\/  title=\"About\">Suivre un lien ajout\u00e9 manuellement<\/a><section  class='av_textblock_section av-lb201bj0-fbef9047c82a9618934d582cd0ae07fe '   itemscope=\"itemscope\" itemtype=\"https:\/\/schema.org\/BlogPosting\" itemprop=\"blogPost\" ><div class='avia_textblock'  itemprop=\"text\" ><h4 class=\"av_bottone av_bottone_verde\">D\u00e9couvrez Stem<\/h4>\n<\/div><\/section><\/div><div  class='flex_column av-tuwq87-c34cc6cdc61fe5bc02652ab64ce81d8f av_one_fourth  avia-builder-el-5  el_after_av_one_half  avia-builder-el-last  flex_column_div  column-top-margin'     ><\/div><\/p>\n","protected":false},"excerpt":{"rendered":"<p>En Italie, chaque ann\u00e9e presque 30.000 personnes sont victimes d\u2019accidents sur les pistes de ski. \u00a0Parmi celles-ci presque 1.500 n\u00e9cessitent une prise en charge par les secouristes, et\/ ou d\u2019une hospitalisation. Sans compter en moyenne, 20 accidents mortels enregistr\u00e9s par an sur la neige.<\/p>\n","protected":false},"author":12,"featured_media":34570,"comment_status":"closed","ping_status":"closed","sticky":false,"template":"","format":"standard","meta":{"footnotes":""},"categories":[245,232,1,248,249,233],"tags":[],"class_list":["post-34567","post","type-post","status-publish","format-standard","has-post-thumbnail","hentry","category-emergency-tech","category-il-mondo-del-soccorso","category-normative","category-notfalltechnologien","category-tecnologias-de-emergencia","category-tecnologie-per-lemergenza"],"yoast_head":"<!-- This site is optimized with the Yoast SEO plugin v27.4 - https:\/\/yoast.com\/product\/yoast-seo-wordpress\/ -->\n<title>Ambulance \u00e9lectrique et transition \u00e9cologique - The Ems Blog<\/title>\n<meta name=\"description\" content=\"Ambulance \u00e9lectrique et transition \u00e9cologique. L\u2019arriv\u00e9 des v\u00e9hicules \u00e9lectriques dans le monde du transport sanitaire est d\u00e9j\u00e0 d\u2019actualit\u00e9.\" \/>\n<meta name=\"robots\" content=\"index, follow, max-snippet:-1, max-image-preview:large, max-video-preview:-1\" \/>\n<link rel=\"canonical\" href=\"https:\/\/www.stem.it\/fr\/normative\/ambulance-electrique-et-transition-ecologique\/\" \/>\n<meta property=\"og:locale\" content=\"fr_FR\" \/>\n<meta property=\"og:type\" content=\"article\" \/>\n<meta property=\"og:title\" content=\"Ambulance \u00e9lectrique et transition \u00e9cologique - The Ems Blog\" \/>\n<meta property=\"og:description\" content=\"Ambulance \u00e9lectrique et transition \u00e9cologique. L\u2019arriv\u00e9 des v\u00e9hicules \u00e9lectriques dans le monde du transport sanitaire est d\u00e9j\u00e0 d\u2019actualit\u00e9.\" \/>\n<meta property=\"og:url\" content=\"https:\/\/www.stem.it\/fr\/normative\/ambulance-electrique-et-transition-ecologique\/\" \/>\n<meta property=\"og:site_name\" content=\"Stem Ems\" \/>\n<meta property=\"article:publisher\" content=\"https:\/\/www.facebook.com\/stememsemergencymedicalsystems\/\" \/>\n<meta property=\"article:published_time\" content=\"2023-03-06T13:55:22+00:00\" \/>\n<meta property=\"article:modified_time\" content=\"2023-03-08T09:10:52+00:00\" \/>\n<meta property=\"og:image\" content=\"https:\/\/www.stem.it\/wp-content\/uploads\/2023\/02\/Ambulanza-Elettrica-THE-EMS-BLOG-833x321-1.jpg\" \/>\n\t<meta property=\"og:image:width\" content=\"833\" \/>\n\t<meta property=\"og:image:height\" content=\"321\" \/>\n\t<meta property=\"og:image:type\" content=\"image\/jpeg\" \/>\n<meta name=\"author\" content=\"webmarketing\" \/>\n<meta name=\"twitter:card\" content=\"summary_large_image\" \/>\n<meta name=\"twitter:label1\" content=\"\u00c9crit par\" \/>\n\t<meta name=\"twitter:data1\" content=\"webmarketing\" \/>\n\t<meta name=\"twitter:label2\" content=\"Dur\u00e9e de lecture estim\u00e9e\" \/>\n\t<meta name=\"twitter:data2\" content=\"7 minutes\" \/>\n<script type=\"application\/ld+json\" class=\"yoast-schema-graph\">{\"@context\":\"https:\\\/\\\/schema.org\",\"@graph\":[{\"@type\":\"Article\",\"@id\":\"https:\\\/\\\/www.stem.it\\\/fr\\\/normative\\\/ambulance-electrique-et-transition-ecologique\\\/#article\",\"isPartOf\":{\"@id\":\"https:\\\/\\\/www.stem.it\\\/fr\\\/normative\\\/ambulance-electrique-et-transition-ecologique\\\/\"},\"author\":{\"name\":\"webmarketing\",\"@id\":\"https:\\\/\\\/www.stem.it\\\/fr\\\/#\\\/schema\\\/person\\\/54405616b318f734b7a507fd4a0a5476\"},\"headline\":\"Ambulance \u00e9lectrique : les v\u00e9hicules propres en faveur de la transition \u00e9cologique\",\"datePublished\":\"2023-03-06T13:55:22+00:00\",\"dateModified\":\"2023-03-08T09:10:52+00:00\",\"mainEntityOfPage\":{\"@id\":\"https:\\\/\\\/www.stem.it\\\/fr\\\/normative\\\/ambulance-electrique-et-transition-ecologique\\\/\"},\"wordCount\":1657,\"image\":{\"@id\":\"https:\\\/\\\/www.stem.it\\\/fr\\\/normative\\\/ambulance-electrique-et-transition-ecologique\\\/#primaryimage\"},\"thumbnailUrl\":\"https:\\\/\\\/www.stem.it\\\/wp-content\\\/uploads\\\/2023\\\/02\\\/Ambulanza-Elettrica-THE-EMS-BLOG-833x321-1.jpg\",\"articleSection\":[\"Emergency Tech\",\"Il mondo del soccorso\",\"Normative\",\"Notfalltechnologien\",\"Tecnolog\u00edas de emergencia\",\"Tecnologie per l\u2019emergenza\"],\"inLanguage\":\"fr-FR\"},{\"@type\":\"WebPage\",\"@id\":\"https:\\\/\\\/www.stem.it\\\/fr\\\/normative\\\/ambulance-electrique-et-transition-ecologique\\\/\",\"url\":\"https:\\\/\\\/www.stem.it\\\/fr\\\/normative\\\/ambulance-electrique-et-transition-ecologique\\\/\",\"name\":\"Ambulance \u00e9lectrique et transition \u00e9cologique - The Ems Blog\",\"isPartOf\":{\"@id\":\"https:\\\/\\\/www.stem.it\\\/fr\\\/#website\"},\"primaryImageOfPage\":{\"@id\":\"https:\\\/\\\/www.stem.it\\\/fr\\\/normative\\\/ambulance-electrique-et-transition-ecologique\\\/#primaryimage\"},\"image\":{\"@id\":\"https:\\\/\\\/www.stem.it\\\/fr\\\/normative\\\/ambulance-electrique-et-transition-ecologique\\\/#primaryimage\"},\"thumbnailUrl\":\"https:\\\/\\\/www.stem.it\\\/wp-content\\\/uploads\\\/2023\\\/02\\\/Ambulanza-Elettrica-THE-EMS-BLOG-833x321-1.jpg\",\"datePublished\":\"2023-03-06T13:55:22+00:00\",\"dateModified\":\"2023-03-08T09:10:52+00:00\",\"author\":{\"@id\":\"https:\\\/\\\/www.stem.it\\\/fr\\\/#\\\/schema\\\/person\\\/54405616b318f734b7a507fd4a0a5476\"},\"description\":\"Ambulance \u00e9lectrique et transition \u00e9cologique. L\u2019arriv\u00e9 des v\u00e9hicules \u00e9lectriques dans le monde du transport sanitaire est d\u00e9j\u00e0 d\u2019actualit\u00e9.\",\"breadcrumb\":{\"@id\":\"https:\\\/\\\/www.stem.it\\\/fr\\\/normative\\\/ambulance-electrique-et-transition-ecologique\\\/#breadcrumb\"},\"inLanguage\":\"fr-FR\",\"potentialAction\":[{\"@type\":\"ReadAction\",\"target\":[\"https:\\\/\\\/www.stem.it\\\/fr\\\/normative\\\/ambulance-electrique-et-transition-ecologique\\\/\"]}]},{\"@type\":\"ImageObject\",\"inLanguage\":\"fr-FR\",\"@id\":\"https:\\\/\\\/www.stem.it\\\/fr\\\/normative\\\/ambulance-electrique-et-transition-ecologique\\\/#primaryimage\",\"url\":\"https:\\\/\\\/www.stem.it\\\/wp-content\\\/uploads\\\/2023\\\/02\\\/Ambulanza-Elettrica-THE-EMS-BLOG-833x321-1.jpg\",\"contentUrl\":\"https:\\\/\\\/www.stem.it\\\/wp-content\\\/uploads\\\/2023\\\/02\\\/Ambulanza-Elettrica-THE-EMS-BLOG-833x321-1.jpg\",\"width\":833,\"height\":321,\"caption\":\"Ambulanza elettrica\"},{\"@type\":\"BreadcrumbList\",\"@id\":\"https:\\\/\\\/www.stem.it\\\/fr\\\/normative\\\/ambulance-electrique-et-transition-ecologique\\\/#breadcrumb\",\"itemListElement\":[{\"@type\":\"ListItem\",\"position\":1,\"name\":\"Home\",\"item\":\"https:\\\/\\\/www.stem.it\\\/fr\\\/\"},{\"@type\":\"ListItem\",\"position\":2,\"name\":\"Ambulance \u00e9lectrique : les v\u00e9hicules propres en faveur de la transition \u00e9cologique\"}]},{\"@type\":\"WebSite\",\"@id\":\"https:\\\/\\\/www.stem.it\\\/fr\\\/#website\",\"url\":\"https:\\\/\\\/www.stem.it\\\/fr\\\/\",\"name\":\"Stem Ems\",\"description\":\"Prodotti di alta qualit\u00e0 per lavoro ed emergenza\",\"potentialAction\":[{\"@type\":\"SearchAction\",\"target\":{\"@type\":\"EntryPoint\",\"urlTemplate\":\"https:\\\/\\\/www.stem.it\\\/fr\\\/?s={search_term_string}\"},\"query-input\":{\"@type\":\"PropertyValueSpecification\",\"valueRequired\":true,\"valueName\":\"search_term_string\"}}],\"inLanguage\":\"fr-FR\"},{\"@type\":\"Person\",\"@id\":\"https:\\\/\\\/www.stem.it\\\/fr\\\/#\\\/schema\\\/person\\\/54405616b318f734b7a507fd4a0a5476\",\"name\":\"webmarketing\",\"image\":{\"@type\":\"ImageObject\",\"inLanguage\":\"fr-FR\",\"@id\":\"https:\\\/\\\/secure.gravatar.com\\\/avatar\\\/55ca24ab9f1b5382f5e97702f12eb1e8c2a749b22d7e6a79ade1e1fffae1338f?s=96&d=mm&r=g\",\"url\":\"https:\\\/\\\/secure.gravatar.com\\\/avatar\\\/55ca24ab9f1b5382f5e97702f12eb1e8c2a749b22d7e6a79ade1e1fffae1338f?s=96&d=mm&r=g\",\"contentUrl\":\"https:\\\/\\\/secure.gravatar.com\\\/avatar\\\/55ca24ab9f1b5382f5e97702f12eb1e8c2a749b22d7e6a79ade1e1fffae1338f?s=96&d=mm&r=g\",\"caption\":\"webmarketing\"}}]}<\/script>\n<!-- \/ Yoast SEO plugin. -->","yoast_head_json":{"title":"Ambulance \u00e9lectrique et transition \u00e9cologique - The Ems Blog","description":"Ambulance \u00e9lectrique et transition \u00e9cologique. L\u2019arriv\u00e9 des v\u00e9hicules \u00e9lectriques dans le monde du transport sanitaire est d\u00e9j\u00e0 d\u2019actualit\u00e9.","robots":{"index":"index","follow":"follow","max-snippet":"max-snippet:-1","max-image-preview":"max-image-preview:large","max-video-preview":"max-video-preview:-1"},"canonical":"https:\/\/www.stem.it\/fr\/normative\/ambulance-electrique-et-transition-ecologique\/","og_locale":"fr_FR","og_type":"article","og_title":"Ambulance \u00e9lectrique et transition \u00e9cologique - The Ems Blog","og_description":"Ambulance \u00e9lectrique et transition \u00e9cologique. L\u2019arriv\u00e9 des v\u00e9hicules \u00e9lectriques dans le monde du transport sanitaire est d\u00e9j\u00e0 d\u2019actualit\u00e9.","og_url":"https:\/\/www.stem.it\/fr\/normative\/ambulance-electrique-et-transition-ecologique\/","og_site_name":"Stem Ems","article_publisher":"https:\/\/www.facebook.com\/stememsemergencymedicalsystems\/","article_published_time":"2023-03-06T13:55:22+00:00","article_modified_time":"2023-03-08T09:10:52+00:00","og_image":[{"width":833,"height":321,"url":"https:\/\/www.stem.it\/wp-content\/uploads\/2023\/02\/Ambulanza-Elettrica-THE-EMS-BLOG-833x321-1.jpg","type":"image\/jpeg"}],"author":"webmarketing","twitter_card":"summary_large_image","twitter_misc":{"\u00c9crit par":"webmarketing","Dur\u00e9e de lecture estim\u00e9e":"7 minutes"},"schema":{"@context":"https:\/\/schema.org","@graph":[{"@type":"Article","@id":"https:\/\/www.stem.it\/fr\/normative\/ambulance-electrique-et-transition-ecologique\/#article","isPartOf":{"@id":"https:\/\/www.stem.it\/fr\/normative\/ambulance-electrique-et-transition-ecologique\/"},"author":{"name":"webmarketing","@id":"https:\/\/www.stem.it\/fr\/#\/schema\/person\/54405616b318f734b7a507fd4a0a5476"},"headline":"Ambulance \u00e9lectrique : les v\u00e9hicules propres en faveur de la transition \u00e9cologique","datePublished":"2023-03-06T13:55:22+00:00","dateModified":"2023-03-08T09:10:52+00:00","mainEntityOfPage":{"@id":"https:\/\/www.stem.it\/fr\/normative\/ambulance-electrique-et-transition-ecologique\/"},"wordCount":1657,"image":{"@id":"https:\/\/www.stem.it\/fr\/normative\/ambulance-electrique-et-transition-ecologique\/#primaryimage"},"thumbnailUrl":"https:\/\/www.stem.it\/wp-content\/uploads\/2023\/02\/Ambulanza-Elettrica-THE-EMS-BLOG-833x321-1.jpg","articleSection":["Emergency Tech","Il mondo del soccorso","Normative","Notfalltechnologien","Tecnolog\u00edas de emergencia","Tecnologie per l\u2019emergenza"],"inLanguage":"fr-FR"},{"@type":"WebPage","@id":"https:\/\/www.stem.it\/fr\/normative\/ambulance-electrique-et-transition-ecologique\/","url":"https:\/\/www.stem.it\/fr\/normative\/ambulance-electrique-et-transition-ecologique\/","name":"Ambulance \u00e9lectrique et transition \u00e9cologique - The Ems Blog","isPartOf":{"@id":"https:\/\/www.stem.it\/fr\/#website"},"primaryImageOfPage":{"@id":"https:\/\/www.stem.it\/fr\/normative\/ambulance-electrique-et-transition-ecologique\/#primaryimage"},"image":{"@id":"https:\/\/www.stem.it\/fr\/normative\/ambulance-electrique-et-transition-ecologique\/#primaryimage"},"thumbnailUrl":"https:\/\/www.stem.it\/wp-content\/uploads\/2023\/02\/Ambulanza-Elettrica-THE-EMS-BLOG-833x321-1.jpg","datePublished":"2023-03-06T13:55:22+00:00","dateModified":"2023-03-08T09:10:52+00:00","author":{"@id":"https:\/\/www.stem.it\/fr\/#\/schema\/person\/54405616b318f734b7a507fd4a0a5476"},"description":"Ambulance \u00e9lectrique et transition \u00e9cologique. L\u2019arriv\u00e9 des v\u00e9hicules \u00e9lectriques dans le monde du transport sanitaire est d\u00e9j\u00e0 d\u2019actualit\u00e9.","breadcrumb":{"@id":"https:\/\/www.stem.it\/fr\/normative\/ambulance-electrique-et-transition-ecologique\/#breadcrumb"},"inLanguage":"fr-FR","potentialAction":[{"@type":"ReadAction","target":["https:\/\/www.stem.it\/fr\/normative\/ambulance-electrique-et-transition-ecologique\/"]}]},{"@type":"ImageObject","inLanguage":"fr-FR","@id":"https:\/\/www.stem.it\/fr\/normative\/ambulance-electrique-et-transition-ecologique\/#primaryimage","url":"https:\/\/www.stem.it\/wp-content\/uploads\/2023\/02\/Ambulanza-Elettrica-THE-EMS-BLOG-833x321-1.jpg","contentUrl":"https:\/\/www.stem.it\/wp-content\/uploads\/2023\/02\/Ambulanza-Elettrica-THE-EMS-BLOG-833x321-1.jpg","width":833,"height":321,"caption":"Ambulanza elettrica"},{"@type":"BreadcrumbList","@id":"https:\/\/www.stem.it\/fr\/normative\/ambulance-electrique-et-transition-ecologique\/#breadcrumb","itemListElement":[{"@type":"ListItem","position":1,"name":"Home","item":"https:\/\/www.stem.it\/fr\/"},{"@type":"ListItem","position":2,"name":"Ambulance \u00e9lectrique : les v\u00e9hicules propres en faveur de la transition \u00e9cologique"}]},{"@type":"WebSite","@id":"https:\/\/www.stem.it\/fr\/#website","url":"https:\/\/www.stem.it\/fr\/","name":"Stem Ems","description":"Prodotti di alta qualit\u00e0 per lavoro ed emergenza","potentialAction":[{"@type":"SearchAction","target":{"@type":"EntryPoint","urlTemplate":"https:\/\/www.stem.it\/fr\/?s={search_term_string}"},"query-input":{"@type":"PropertyValueSpecification","valueRequired":true,"valueName":"search_term_string"}}],"inLanguage":"fr-FR"},{"@type":"Person","@id":"https:\/\/www.stem.it\/fr\/#\/schema\/person\/54405616b318f734b7a507fd4a0a5476","name":"webmarketing","image":{"@type":"ImageObject","inLanguage":"fr-FR","@id":"https:\/\/secure.gravatar.com\/avatar\/55ca24ab9f1b5382f5e97702f12eb1e8c2a749b22d7e6a79ade1e1fffae1338f?s=96&d=mm&r=g","url":"https:\/\/secure.gravatar.com\/avatar\/55ca24ab9f1b5382f5e97702f12eb1e8c2a749b22d7e6a79ade1e1fffae1338f?s=96&d=mm&r=g","contentUrl":"https:\/\/secure.gravatar.com\/avatar\/55ca24ab9f1b5382f5e97702f12eb1e8c2a749b22d7e6a79ade1e1fffae1338f?s=96&d=mm&r=g","caption":"webmarketing"}}]}},"_links":{"self":[{"href":"https:\/\/www.stem.it\/fr\/wp-json\/wp\/v2\/posts\/34567","targetHints":{"allow":["GET"]}}],"collection":[{"href":"https:\/\/www.stem.it\/fr\/wp-json\/wp\/v2\/posts"}],"about":[{"href":"https:\/\/www.stem.it\/fr\/wp-json\/wp\/v2\/types\/post"}],"author":[{"embeddable":true,"href":"https:\/\/www.stem.it\/fr\/wp-json\/wp\/v2\/users\/12"}],"replies":[{"embeddable":true,"href":"https:\/\/www.stem.it\/fr\/wp-json\/wp\/v2\/comments?post=34567"}],"version-history":[{"count":3,"href":"https:\/\/www.stem.it\/fr\/wp-json\/wp\/v2\/posts\/34567\/revisions"}],"predecessor-version":[{"id":35017,"href":"https:\/\/www.stem.it\/fr\/wp-json\/wp\/v2\/posts\/34567\/revisions\/35017"}],"wp:featuredmedia":[{"embeddable":true,"href":"https:\/\/www.stem.it\/fr\/wp-json\/wp\/v2\/media\/34570"}],"wp:attachment":[{"href":"https:\/\/www.stem.it\/fr\/wp-json\/wp\/v2\/media?parent=34567"}],"wp:term":[{"taxonomy":"category","embeddable":true,"href":"https:\/\/www.stem.it\/fr\/wp-json\/wp\/v2\/categories?post=34567"},{"taxonomy":"post_tag","embeddable":true,"href":"https:\/\/www.stem.it\/fr\/wp-json\/wp\/v2\/tags?post=34567"}],"curies":[{"name":"wp","href":"https:\/\/api.w.org\/{rel}","templated":true}]}}