{"id":19813,"date":"2021-11-26T09:06:29","date_gmt":"2021-11-26T08:06:29","guid":{"rendered":"https:\/\/www.stem.it\/?p=19813"},"modified":"2021-11-26T09:07:11","modified_gmt":"2021-11-26T08:07:11","slug":"tables-porte-brancard-utilisees-en-europe","status":"publish","type":"post","link":"https:\/\/www.stem.it\/fr\/communaute-web\/tables-porte-brancard-utilisees-en-europe\/","title":{"rendered":"Les tables porte-brancard plus utilis\u00e9es en Europe"},"content":{"rendered":"\n<p>Chaque pays europ\u00e9en a \u00ab&nbsp;son&nbsp;\u00bb propre mod\u00e8le de base pour ce qu\u2019il concerne <strong>le plateau et la table porte-brancard en ambulance<\/strong>, devant \u00eatre utilis\u00e9 de mani\u00e8re pr\u00e9f\u00e9rentielle pour les secours.<\/p>\n\n\n\n<p>La solution adopt\u00e9e est le r\u00e9sultat d\u2019un mix d\u2019\u00e9l\u00e9ments:<\/p>\n\n\n\n<ul class=\"wp-block-list\"><li>tradition;<\/li><li>organisation des secours;<\/li><li>formation du personnel;<\/li><li>pr\u00e9disposition \u00e0 l\u2019innovation technologique;<\/li><li>budget.<\/li><\/ul>\n\n\n\n<p>Il n&rsquo;y a pas de solution id\u00e9ale, car, en fait, chaque syst\u00e8me-pays est bas\u00e9 sur la pr\u00e9valence d&rsquo;\u00e9l\u00e9ments diff\u00e9rents par rapport aux autres.<\/p>\n\n\n\n<h2 class=\"wp-block-heading\">Un sc\u00e9nario diff\u00e9renci\u00e9 et dynamique<\/h2>\n\n\n\n<p>D&rsquo;un rapide excursus, nous remarquons que <strong>l&rsquo;Italie<\/strong> et la <strong>France<\/strong> pr\u00e9f\u00e8rent toujours les tables porte-brancard \u00e0 commande manuelle.<br>En <strong>Allemagne<\/strong>, en revanche, ils optent principalement pour des tables porte-brancard \u00e9lectriques, un choix qui a d\u00e9j\u00e0 \u00e9t\u00e9 enti\u00e8rement fait par les <strong>Pays-Bas<\/strong>.<br>Les <strong>pays d&rsquo;Europe de l&rsquo;Est<\/strong> se tournent vers l&rsquo;exp\u00e9rience allemande, \u00e0 laquelle ils empruntent l&rsquo;organisation de l&rsquo;urgence sanitaire et se pr\u00e9parent donc \u00e0 une transformation des brancards manuels en brancards \u00e9lectriques, m\u00eame \u00e0 fort contenu technologique.<\/p>\n\n\n\n<p>Les donn\u00e9es issues de l&rsquo;exp\u00e9rience de Stem Technology sont r\u00e9v\u00e9latrices de la situation dans les diff\u00e9rents pays europ\u00e9ens. Concr\u00e8tement, en <strong>Italie<\/strong>, dans les 2400 organisations territoriales de secours, les mod\u00e8les les plus r\u00e9pandus sont le MODU-1-TR et MODU-2-TR, c&rsquo;est-\u00e0-dire des supports \u00e0 simple ou double compartiment et translation lat\u00e9rale de 300 mm. L\u2019actionnement de la translation se fait par p\u00e9dale.<\/p>\n\n\n\n<p>En <strong>France<\/strong>, en revanche, c&rsquo;est le mod\u00e8le R-3L qui est privil\u00e9gi\u00e9, qui se distingue par ses <strong>diverses fonctions et sa facilit\u00e9 d\u2019utilisation<\/strong> ; il dispose \u00e9galement d&rsquo;un syst\u00e8me de s\u00e9curit\u00e9 qui permet de d\u00e9charger le brancard m\u00eame en absence d&rsquo;alimentation \u00e9lectrique, comme pour la totalit\u00e9s des tables porte-brancard Stem de type \u00e9lectrom\u00e9canique.<\/p>\n\n\n\n<p>En <strong>Allemagne<\/strong>, en revanche, le syst\u00e8me \u00e9lectrique MEC-EL est le plus r\u00e9pandu, bien que derni\u00e8rement le march\u00e9 commence \u00e0 s&rsquo;orienter vers la version \u00e9volu\u00e9e Compact-EL, une table porte-brancard <strong>avec double compartiment<\/strong> pour loger un plan dur et une civi\u00e8re cuill\u00e8re. La commande de l&rsquo;inclinaison du plateau sortant permet de <strong>r\u00e9gler la hauteur de chargement<\/strong> ; le <strong>d\u00e9blocage<\/strong> <strong>\u00e0 p\u00e9dale pour translation lat\u00e9rale<\/strong> permet de positionner la table porte-brancard dans n&rsquo;importe quelle position.<\/p>\n\n\n\n<h2 class=\"wp-block-heading\">La tendance vers les tables porte-brancard amorties<\/h2>\n\n\n\n<p>Il y a un int\u00e9r\u00eat croissant pour <strong>les tables porte-brancard plus avanc\u00e9s<\/strong> qui ont dans la fonction amortie, ce plus d&rsquo;innovation d\u00e9sormais indispensable pour diff\u00e9rentes typologies de patients, tels que les patients <strong>polytraumatis\u00e9s<\/strong>, pour lesquels la r\u00e9duction au minimum des vibrations et des secousses, dues aux d\u00e9sormais nombreux ralentisseurs pr\u00e9sents dans les voies urbaines, qui est essentiel pour un meilleur parcours clinique.<\/p>\n\n\n\n<p><strong>L&rsquo;exp\u00e9rience d&rsquo;un patient <\/strong>qui, suite \u00e0 un accident de la route, a d\u00fb subir une oxyg\u00e9noth\u00e9rapie en caisson hyperbare pour la r\u00e9cup\u00e9ration d&rsquo;un membre est \u00e9clairante. Le transfert de la salle impliquait deux voyages en ambulance chaque jour. Le patient a subi de nombreuses s\u00e9ances et a exp\u00e9riment\u00e9 le transport aussi bien sur une table porte-brancard rigide que sur une table porte-brancard amortie. Dans le second cas, la quantit\u00e9 de vibrations transmises au membre compromis \u00e9tait consid\u00e9rablement inf\u00e9rieure, avec un b\u00e9n\u00e9fice important de la th\u00e9rapie elle-m\u00eame.<\/p>\n\n\n\n<figure class=\"wp-block-embed is-type-video is-provider-youtube wp-block-embed-youtube wp-embed-aspect-16-9 wp-has-aspect-ratio\"><div class=\"wp-block-embed__wrapper\">\n<div class='avia-iframe-wrap'><iframe loading=\"lazy\" title=\"T\u00e9moignage de Davide sur l\u2019importance de la table porte-brancard amortie | Stem Technology\" width=\"1500\" height=\"844\" src=\"https:\/\/www.youtube.com\/embed\/nvmprlO1-wo?feature=oembed\" frameborder=\"0\" allow=\"accelerometer; autoplay; clipboard-write; encrypted-media; gyroscope; picture-in-picture\" allowfullscreen><\/iframe><\/div>\n<\/div><\/figure>\n\n\n\n<h2 class=\"wp-block-heading\">Tables porte-brancard \u00e9lectriques: quel est la tendance du march\u00e9<\/h2>\n\n\n\n<p>Parmi les tables porte-brancard \u00e9lectriques, le march\u00e9 se concentre sur la gamme de haute performance, propos\u00e9e par deux mod\u00e8les notamment : OPTIMUS-PESP-TR et EDEN<\/p>\n\n\n\n<p>Le support EDEN, gr\u00e2ce au syst\u00e8me d&rsquo;amortissement hydropneumatique, permet de r\u00e9duire les vibrations, \u00e9liminant les \u00e9pisodes de cin\u00e9tose qui causent une g\u00eane au patient. De plus, EDEN r\u00e8gle automatiquement la suspension de 0 kg \u00e0 400 kg et s&rsquo;adapte donc \u00e0 tout type de patient, m\u00eame les enfants.<\/p>\n\n\n\n<p>Stem a men\u00e9 des \u00e9tudes et des tests en collaboration avec l&rsquo;Universit\u00e9 de Padoue pour mesurer l&rsquo;efficacit\u00e9 et les b\u00e9n\u00e9fices de ce type de table porte-brancard, bas\u00e9 sur la norme ISO 2631-1 concernant l&rsquo;impact des vibrations sur le corps humain transmises au patient lors du transport en ambulance. Il a \u00e9t\u00e9 constat\u00e9 que les vibrations verticales \u00e0 basse fr\u00e9quence, les plus nuisibles, sont r\u00e9duites de 50 %. EDEN est donc adapt\u00e9 \u00e0 tous les types de transport : patients ayant subi un infarctus, polytraumatis\u00e9s, intub\u00e9s, nourrissons et p\u00e9diatriques.<\/p>\n\n\n\n<figure class=\"wp-block-embed is-type-video is-provider-youtube wp-block-embed-youtube wp-embed-aspect-16-9 wp-has-aspect-ratio\"><div class=\"wp-block-embed__wrapper\">\n<div class='avia-iframe-wrap'><iframe loading=\"lazy\" title=\"Support de brancard amorti avec inclinaison r\u00e9glable mod. EDEN\" width=\"1500\" height=\"844\" src=\"https:\/\/www.youtube.com\/embed\/a2aXKMUM-q0?feature=oembed\" frameborder=\"0\" allow=\"accelerometer; autoplay; clipboard-write; encrypted-media; gyroscope; picture-in-picture\" allowfullscreen><\/iframe><\/div>\n<\/div><\/figure>\n\n\n\n<h2 class=\"wp-block-heading\">L\u2019attention vers l\u2019op\u00e9rateur et vers la s\u00e9curit\u00e9: le syst\u00e8me d\u2019aide au chargement<\/h2>\n\n\n\n<p>Enfin, il ne faut pas oublier l&rsquo;importance d&rsquo;un syst\u00e8me de chargement qui facilite le chargement et le d\u00e9chargement du brancard, car ces op\u00e9rations peuvent parfois provoquer des troubles musculosquelettiques aux op\u00e9rateurs.<\/p>\n\n\n\n<p>Un syst\u00e8me \u00e0 commande \u00e9lectrique tel que SHERPA qui, \u00e0 l\u2019aide d\u2019une sangle \u00e0 d\u00e9verrouillage rapide, tire ou lib\u00e8re le brancard de la table porte-brancard, \u00e9liminant ainsi l&rsquo;effort de chargement, m\u00eame dans le cas de transports bariatriques. C&rsquo;est aussi la garantie qu&rsquo;aucun accident ne se produira lors du d\u00e9chargement : la sangle de s\u00e9curit\u00e9 \u00ab maintient \u00bb le brancard jusqu&rsquo;\u00e0 ce qu&rsquo;il soit compl\u00e8tement pos\u00e9 au sol.<br>L&rsquo;\u00e9volution de la technologie dans ce cas favorise une approche de plus grande empathie de la part du professionnel de la sant\u00e9. Lib\u00e9r\u00e9 des contraintes m\u00e9caniques et avec moins de soucis, le brancardier a plus de temps \u00e0 consacrer \u00e0 l&rsquo;accompagnement \u00e9motionnel et psychologique du patient et de ses proches, notamment en cas des soins \u00e0 domicile.<\/p>\n\n\n\n<p>A partir de ce regard sur les choix des services d&rsquo;urgence et de secours en Europe, on d\u00e9duit une tendance \u00e0 <strong>la polyvalence des v\u00e9hicules d&rsquo;urgence<\/strong>, avec l&rsquo;utilisation de diff\u00e9rents mod\u00e8les de tables porte-brancard dans le parc d&rsquo;ambulances disponibles.<\/p>\n","protected":false},"excerpt":{"rendered":"<p>Chaque pays europ\u00e9en a \u00ab&nbsp;son&nbsp;\u00bb propre mod\u00e8le de base pour ce qu\u2019il concerne le plateau et la table porte-brancard en ambulance, devant \u00eatre utilis\u00e9 de mani\u00e8re pr\u00e9f\u00e9rentielle pour les secours. [&hellip;]<\/p>\n","protected":false},"author":8,"featured_media":19762,"comment_status":"closed","ping_status":"closed","sticky":false,"template":"","format":"standard","meta":{"footnotes":""},"categories":[236],"tags":[],"class_list":["post-19813","post","type-post","status-publish","format-standard","has-post-thumbnail","hentry","category-communaute-web"],"yoast_head":"<!-- This site is optimized with the Yoast SEO plugin v27.4 - https:\/\/yoast.com\/product\/yoast-seo-wordpress\/ -->\n<title>Quels sont les mod\u00e8les de table porte-brancard utilis\u00e9s en Europe | The Ems Blog<\/title>\n<meta name=\"description\" content=\"Chaque pays europ\u00e9en utilise diff\u00e9rents mod\u00e8les de table porte-brancard pour les ambulances. Une analyse sur l&#039;orientation du march\u00e9 europ\u00e9en pays par pays.\" \/>\n<meta name=\"robots\" content=\"index, follow, max-snippet:-1, max-image-preview:large, max-video-preview:-1\" \/>\n<link rel=\"canonical\" href=\"https:\/\/www.stem.it\/fr\/communaute-web\/tables-porte-brancard-utilisees-en-europe\/\" \/>\n<meta property=\"og:locale\" content=\"fr_FR\" \/>\n<meta property=\"og:type\" content=\"article\" \/>\n<meta property=\"og:title\" content=\"Quels sont les mod\u00e8les de table porte-brancard utilis\u00e9s en Europe | The Ems Blog\" \/>\n<meta property=\"og:description\" content=\"Chaque pays europ\u00e9en utilise diff\u00e9rents mod\u00e8les de table porte-brancard pour les ambulances. Une analyse sur l&#039;orientation du march\u00e9 europ\u00e9en pays par pays.\" \/>\n<meta property=\"og:url\" content=\"https:\/\/www.stem.it\/fr\/communaute-web\/tables-porte-brancard-utilisees-en-europe\/\" \/>\n<meta property=\"og:site_name\" content=\"Stem Ems\" \/>\n<meta property=\"article:publisher\" content=\"https:\/\/www.facebook.com\/stememsemergencymedicalsystems\/\" \/>\n<meta property=\"article:published_time\" content=\"2021-11-26T08:06:29+00:00\" \/>\n<meta property=\"article:modified_time\" content=\"2021-11-26T08:07:11+00:00\" \/>\n<meta property=\"og:image\" content=\"https:\/\/www.stem.it\/wp-content\/uploads\/2021\/11\/supporti-barella-uso-europa-stem-technology-1-scaled.jpg\" \/>\n\t<meta property=\"og:image:width\" content=\"2560\" \/>\n\t<meta property=\"og:image:height\" content=\"987\" \/>\n\t<meta property=\"og:image:type\" content=\"image\/jpeg\" \/>\n<meta name=\"author\" content=\"kedos\" \/>\n<meta name=\"twitter:card\" content=\"summary_large_image\" \/>\n<meta name=\"twitter:label1\" content=\"\u00c9crit par\" \/>\n\t<meta name=\"twitter:data1\" content=\"kedos\" \/>\n\t<meta name=\"twitter:label2\" content=\"Dur\u00e9e de lecture estim\u00e9e\" \/>\n\t<meta name=\"twitter:data2\" content=\"4 minutes\" \/>\n<script type=\"application\/ld+json\" class=\"yoast-schema-graph\">{\"@context\":\"https:\\\/\\\/schema.org\",\"@graph\":[{\"@type\":\"Article\",\"@id\":\"https:\\\/\\\/www.stem.it\\\/fr\\\/communaute-web\\\/tables-porte-brancard-utilisees-en-europe\\\/#article\",\"isPartOf\":{\"@id\":\"https:\\\/\\\/www.stem.it\\\/fr\\\/communaute-web\\\/tables-porte-brancard-utilisees-en-europe\\\/\"},\"author\":{\"name\":\"kedos\",\"@id\":\"https:\\\/\\\/www.stem.it\\\/fr\\\/#\\\/schema\\\/person\\\/ed2c0dbb7ccf5e46288b8b9446421bd9\"},\"headline\":\"Les tables porte-brancard plus utilis\u00e9es en Europe\",\"datePublished\":\"2021-11-26T08:06:29+00:00\",\"dateModified\":\"2021-11-26T08:07:11+00:00\",\"mainEntityOfPage\":{\"@id\":\"https:\\\/\\\/www.stem.it\\\/fr\\\/communaute-web\\\/tables-porte-brancard-utilisees-en-europe\\\/\"},\"wordCount\":1023,\"image\":{\"@id\":\"https:\\\/\\\/www.stem.it\\\/fr\\\/communaute-web\\\/tables-porte-brancard-utilisees-en-europe\\\/#primaryimage\"},\"thumbnailUrl\":\"https:\\\/\\\/www.stem.it\\\/wp-content\\\/uploads\\\/2021\\\/11\\\/supporti-barella-uso-europa-stem-technology-1-scaled.jpg\",\"articleSection\":[\"Communaut\u00e9 Web\"],\"inLanguage\":\"fr-FR\"},{\"@type\":\"WebPage\",\"@id\":\"https:\\\/\\\/www.stem.it\\\/fr\\\/communaute-web\\\/tables-porte-brancard-utilisees-en-europe\\\/\",\"url\":\"https:\\\/\\\/www.stem.it\\\/fr\\\/communaute-web\\\/tables-porte-brancard-utilisees-en-europe\\\/\",\"name\":\"Quels sont les mod\u00e8les de table porte-brancard utilis\u00e9s en Europe | The Ems Blog\",\"isPartOf\":{\"@id\":\"https:\\\/\\\/www.stem.it\\\/fr\\\/#website\"},\"primaryImageOfPage\":{\"@id\":\"https:\\\/\\\/www.stem.it\\\/fr\\\/communaute-web\\\/tables-porte-brancard-utilisees-en-europe\\\/#primaryimage\"},\"image\":{\"@id\":\"https:\\\/\\\/www.stem.it\\\/fr\\\/communaute-web\\\/tables-porte-brancard-utilisees-en-europe\\\/#primaryimage\"},\"thumbnailUrl\":\"https:\\\/\\\/www.stem.it\\\/wp-content\\\/uploads\\\/2021\\\/11\\\/supporti-barella-uso-europa-stem-technology-1-scaled.jpg\",\"datePublished\":\"2021-11-26T08:06:29+00:00\",\"dateModified\":\"2021-11-26T08:07:11+00:00\",\"author\":{\"@id\":\"https:\\\/\\\/www.stem.it\\\/fr\\\/#\\\/schema\\\/person\\\/ed2c0dbb7ccf5e46288b8b9446421bd9\"},\"description\":\"Chaque pays europ\u00e9en utilise diff\u00e9rents mod\u00e8les de table porte-brancard pour les ambulances. Une analyse sur l'orientation du march\u00e9 europ\u00e9en pays par pays.\",\"breadcrumb\":{\"@id\":\"https:\\\/\\\/www.stem.it\\\/fr\\\/communaute-web\\\/tables-porte-brancard-utilisees-en-europe\\\/#breadcrumb\"},\"inLanguage\":\"fr-FR\",\"potentialAction\":[{\"@type\":\"ReadAction\",\"target\":[\"https:\\\/\\\/www.stem.it\\\/fr\\\/communaute-web\\\/tables-porte-brancard-utilisees-en-europe\\\/\"]}]},{\"@type\":\"ImageObject\",\"inLanguage\":\"fr-FR\",\"@id\":\"https:\\\/\\\/www.stem.it\\\/fr\\\/communaute-web\\\/tables-porte-brancard-utilisees-en-europe\\\/#primaryimage\",\"url\":\"https:\\\/\\\/www.stem.it\\\/wp-content\\\/uploads\\\/2021\\\/11\\\/supporti-barella-uso-europa-stem-technology-1-scaled.jpg\",\"contentUrl\":\"https:\\\/\\\/www.stem.it\\\/wp-content\\\/uploads\\\/2021\\\/11\\\/supporti-barella-uso-europa-stem-technology-1-scaled.jpg\",\"width\":2560,\"height\":987,\"caption\":\"supporti barella in europa\"},{\"@type\":\"BreadcrumbList\",\"@id\":\"https:\\\/\\\/www.stem.it\\\/fr\\\/communaute-web\\\/tables-porte-brancard-utilisees-en-europe\\\/#breadcrumb\",\"itemListElement\":[{\"@type\":\"ListItem\",\"position\":1,\"name\":\"Home\",\"item\":\"https:\\\/\\\/www.stem.it\\\/fr\\\/\"},{\"@type\":\"ListItem\",\"position\":2,\"name\":\"Les tables porte-brancard plus utilis\u00e9es en Europe\"}]},{\"@type\":\"WebSite\",\"@id\":\"https:\\\/\\\/www.stem.it\\\/fr\\\/#website\",\"url\":\"https:\\\/\\\/www.stem.it\\\/fr\\\/\",\"name\":\"Stem Ems\",\"description\":\"Prodotti di alta qualit\u00e0 per lavoro ed emergenza\",\"potentialAction\":[{\"@type\":\"SearchAction\",\"target\":{\"@type\":\"EntryPoint\",\"urlTemplate\":\"https:\\\/\\\/www.stem.it\\\/fr\\\/?s={search_term_string}\"},\"query-input\":{\"@type\":\"PropertyValueSpecification\",\"valueRequired\":true,\"valueName\":\"search_term_string\"}}],\"inLanguage\":\"fr-FR\"},{\"@type\":\"Person\",\"@id\":\"https:\\\/\\\/www.stem.it\\\/fr\\\/#\\\/schema\\\/person\\\/ed2c0dbb7ccf5e46288b8b9446421bd9\",\"name\":\"kedos\",\"image\":{\"@type\":\"ImageObject\",\"inLanguage\":\"fr-FR\",\"@id\":\"https:\\\/\\\/secure.gravatar.com\\\/avatar\\\/0cf0f65013daf2393366816b80bc771016138b1dd74bf1051026fa00b412f21f?s=96&d=mm&r=g\",\"url\":\"https:\\\/\\\/secure.gravatar.com\\\/avatar\\\/0cf0f65013daf2393366816b80bc771016138b1dd74bf1051026fa00b412f21f?s=96&d=mm&r=g\",\"contentUrl\":\"https:\\\/\\\/secure.gravatar.com\\\/avatar\\\/0cf0f65013daf2393366816b80bc771016138b1dd74bf1051026fa00b412f21f?s=96&d=mm&r=g\",\"caption\":\"kedos\"}}]}<\/script>\n<!-- \/ Yoast SEO plugin. -->","yoast_head_json":{"title":"Quels sont les mod\u00e8les de table porte-brancard utilis\u00e9s en Europe | The Ems Blog","description":"Chaque pays europ\u00e9en utilise diff\u00e9rents mod\u00e8les de table porte-brancard pour les ambulances. Une analyse sur l'orientation du march\u00e9 europ\u00e9en pays par pays.","robots":{"index":"index","follow":"follow","max-snippet":"max-snippet:-1","max-image-preview":"max-image-preview:large","max-video-preview":"max-video-preview:-1"},"canonical":"https:\/\/www.stem.it\/fr\/communaute-web\/tables-porte-brancard-utilisees-en-europe\/","og_locale":"fr_FR","og_type":"article","og_title":"Quels sont les mod\u00e8les de table porte-brancard utilis\u00e9s en Europe | The Ems Blog","og_description":"Chaque pays europ\u00e9en utilise diff\u00e9rents mod\u00e8les de table porte-brancard pour les ambulances. Une analyse sur l'orientation du march\u00e9 europ\u00e9en pays par pays.","og_url":"https:\/\/www.stem.it\/fr\/communaute-web\/tables-porte-brancard-utilisees-en-europe\/","og_site_name":"Stem Ems","article_publisher":"https:\/\/www.facebook.com\/stememsemergencymedicalsystems\/","article_published_time":"2021-11-26T08:06:29+00:00","article_modified_time":"2021-11-26T08:07:11+00:00","og_image":[{"width":2560,"height":987,"url":"https:\/\/www.stem.it\/wp-content\/uploads\/2021\/11\/supporti-barella-uso-europa-stem-technology-1-scaled.jpg","type":"image\/jpeg"}],"author":"kedos","twitter_card":"summary_large_image","twitter_misc":{"\u00c9crit par":"kedos","Dur\u00e9e de lecture estim\u00e9e":"4 minutes"},"schema":{"@context":"https:\/\/schema.org","@graph":[{"@type":"Article","@id":"https:\/\/www.stem.it\/fr\/communaute-web\/tables-porte-brancard-utilisees-en-europe\/#article","isPartOf":{"@id":"https:\/\/www.stem.it\/fr\/communaute-web\/tables-porte-brancard-utilisees-en-europe\/"},"author":{"name":"kedos","@id":"https:\/\/www.stem.it\/fr\/#\/schema\/person\/ed2c0dbb7ccf5e46288b8b9446421bd9"},"headline":"Les tables porte-brancard plus utilis\u00e9es en Europe","datePublished":"2021-11-26T08:06:29+00:00","dateModified":"2021-11-26T08:07:11+00:00","mainEntityOfPage":{"@id":"https:\/\/www.stem.it\/fr\/communaute-web\/tables-porte-brancard-utilisees-en-europe\/"},"wordCount":1023,"image":{"@id":"https:\/\/www.stem.it\/fr\/communaute-web\/tables-porte-brancard-utilisees-en-europe\/#primaryimage"},"thumbnailUrl":"https:\/\/www.stem.it\/wp-content\/uploads\/2021\/11\/supporti-barella-uso-europa-stem-technology-1-scaled.jpg","articleSection":["Communaut\u00e9 Web"],"inLanguage":"fr-FR"},{"@type":"WebPage","@id":"https:\/\/www.stem.it\/fr\/communaute-web\/tables-porte-brancard-utilisees-en-europe\/","url":"https:\/\/www.stem.it\/fr\/communaute-web\/tables-porte-brancard-utilisees-en-europe\/","name":"Quels sont les mod\u00e8les de table porte-brancard utilis\u00e9s en Europe | The Ems Blog","isPartOf":{"@id":"https:\/\/www.stem.it\/fr\/#website"},"primaryImageOfPage":{"@id":"https:\/\/www.stem.it\/fr\/communaute-web\/tables-porte-brancard-utilisees-en-europe\/#primaryimage"},"image":{"@id":"https:\/\/www.stem.it\/fr\/communaute-web\/tables-porte-brancard-utilisees-en-europe\/#primaryimage"},"thumbnailUrl":"https:\/\/www.stem.it\/wp-content\/uploads\/2021\/11\/supporti-barella-uso-europa-stem-technology-1-scaled.jpg","datePublished":"2021-11-26T08:06:29+00:00","dateModified":"2021-11-26T08:07:11+00:00","author":{"@id":"https:\/\/www.stem.it\/fr\/#\/schema\/person\/ed2c0dbb7ccf5e46288b8b9446421bd9"},"description":"Chaque pays europ\u00e9en utilise diff\u00e9rents mod\u00e8les de table porte-brancard pour les ambulances. Une analyse sur l'orientation du march\u00e9 europ\u00e9en pays par pays.","breadcrumb":{"@id":"https:\/\/www.stem.it\/fr\/communaute-web\/tables-porte-brancard-utilisees-en-europe\/#breadcrumb"},"inLanguage":"fr-FR","potentialAction":[{"@type":"ReadAction","target":["https:\/\/www.stem.it\/fr\/communaute-web\/tables-porte-brancard-utilisees-en-europe\/"]}]},{"@type":"ImageObject","inLanguage":"fr-FR","@id":"https:\/\/www.stem.it\/fr\/communaute-web\/tables-porte-brancard-utilisees-en-europe\/#primaryimage","url":"https:\/\/www.stem.it\/wp-content\/uploads\/2021\/11\/supporti-barella-uso-europa-stem-technology-1-scaled.jpg","contentUrl":"https:\/\/www.stem.it\/wp-content\/uploads\/2021\/11\/supporti-barella-uso-europa-stem-technology-1-scaled.jpg","width":2560,"height":987,"caption":"supporti barella in europa"},{"@type":"BreadcrumbList","@id":"https:\/\/www.stem.it\/fr\/communaute-web\/tables-porte-brancard-utilisees-en-europe\/#breadcrumb","itemListElement":[{"@type":"ListItem","position":1,"name":"Home","item":"https:\/\/www.stem.it\/fr\/"},{"@type":"ListItem","position":2,"name":"Les tables porte-brancard plus utilis\u00e9es en Europe"}]},{"@type":"WebSite","@id":"https:\/\/www.stem.it\/fr\/#website","url":"https:\/\/www.stem.it\/fr\/","name":"Stem Ems","description":"Prodotti di alta qualit\u00e0 per lavoro ed emergenza","potentialAction":[{"@type":"SearchAction","target":{"@type":"EntryPoint","urlTemplate":"https:\/\/www.stem.it\/fr\/?s={search_term_string}"},"query-input":{"@type":"PropertyValueSpecification","valueRequired":true,"valueName":"search_term_string"}}],"inLanguage":"fr-FR"},{"@type":"Person","@id":"https:\/\/www.stem.it\/fr\/#\/schema\/person\/ed2c0dbb7ccf5e46288b8b9446421bd9","name":"kedos","image":{"@type":"ImageObject","inLanguage":"fr-FR","@id":"https:\/\/secure.gravatar.com\/avatar\/0cf0f65013daf2393366816b80bc771016138b1dd74bf1051026fa00b412f21f?s=96&d=mm&r=g","url":"https:\/\/secure.gravatar.com\/avatar\/0cf0f65013daf2393366816b80bc771016138b1dd74bf1051026fa00b412f21f?s=96&d=mm&r=g","contentUrl":"https:\/\/secure.gravatar.com\/avatar\/0cf0f65013daf2393366816b80bc771016138b1dd74bf1051026fa00b412f21f?s=96&d=mm&r=g","caption":"kedos"}}]}},"_links":{"self":[{"href":"https:\/\/www.stem.it\/fr\/wp-json\/wp\/v2\/posts\/19813","targetHints":{"allow":["GET"]}}],"collection":[{"href":"https:\/\/www.stem.it\/fr\/wp-json\/wp\/v2\/posts"}],"about":[{"href":"https:\/\/www.stem.it\/fr\/wp-json\/wp\/v2\/types\/post"}],"author":[{"embeddable":true,"href":"https:\/\/www.stem.it\/fr\/wp-json\/wp\/v2\/users\/8"}],"replies":[{"embeddable":true,"href":"https:\/\/www.stem.it\/fr\/wp-json\/wp\/v2\/comments?post=19813"}],"version-history":[{"count":2,"href":"https:\/\/www.stem.it\/fr\/wp-json\/wp\/v2\/posts\/19813\/revisions"}],"predecessor-version":[{"id":19824,"href":"https:\/\/www.stem.it\/fr\/wp-json\/wp\/v2\/posts\/19813\/revisions\/19824"}],"wp:featuredmedia":[{"embeddable":true,"href":"https:\/\/www.stem.it\/fr\/wp-json\/wp\/v2\/media\/19762"}],"wp:attachment":[{"href":"https:\/\/www.stem.it\/fr\/wp-json\/wp\/v2\/media?parent=19813"}],"wp:term":[{"taxonomy":"category","embeddable":true,"href":"https:\/\/www.stem.it\/fr\/wp-json\/wp\/v2\/categories?post=19813"},{"taxonomy":"post_tag","embeddable":true,"href":"https:\/\/www.stem.it\/fr\/wp-json\/wp\/v2\/tags?post=19813"}],"curies":[{"name":"wp","href":"https:\/\/api.w.org\/{rel}","templated":true}]}}