{"id":12801,"date":"2021-01-27T17:21:18","date_gmt":"2021-01-27T16:21:18","guid":{"rendered":"https:\/\/www.stem.it\/?p=12801"},"modified":"2021-07-27T10:09:34","modified_gmt":"2021-07-27T08:09:34","slug":"transport-bebes-prematures","status":"publish","type":"post","link":"https:\/\/www.stem.it\/fr\/technologies-pour-le-secourisme\/transport-bebes-prematures\/","title":{"rendered":"B\u00e9b\u00e9s pr\u00e9matur\u00e9s et le transport n\u00e9onatal: Une question vitale"},"content":{"rendered":"\n<p>Dans le monde <strong>1 b\u00e9b\u00e9 sur 10 nait pr\u00e9matur\u00e9ment<\/strong>, en Italie les informations recens\u00e9es par le gouvernement (en 2019) d\u00e9montrent qu\u2019environ <strong>32.000 b\u00e9b\u00e9s naissent pr\u00e9matur\u00e9ment<\/strong>, le <a href=\"http:\/\/www.salute.gov.it\/portale\/news\/p3_2_1_1_1.jsp?lingua=italiano&amp;menu=notizie&amp;p=dalministero&amp;id=3965#:~:text=Ministero%20della%20Salute&amp;text=Il%207%25%20del%20totale%20dei,gestazionale%20(dati%20Cedap%202016\" target=\"_blank\" rel=\"noreferrer noopener nofollow\">7% des naissances totales dans notre Pays<\/a>. Ces donn\u00e9es sont importantes pour comprendre le fait que la pr\u00e9maturit\u00e9 est un aspect devant \u00eatre consid\u00e9r\u00e9 et en m\u00eame temps un grand d\u00e9fi pour la n\u00e9onatalogie, qui doit appliquer des solutions technologiques et humaines de tr\u00e8s haut niveau.<br>La naissance pr\u00e9matur\u00e9e est un \u00e9v\u00e9nement impr\u00e9visible et si l\u2019on consid\u00e8re qu\u2019en Italie de nombreux services maternit\u00e9 ont \u00e9t\u00e9 ferm\u00e9s, c\u2019est \u00e9vident que les secouristes et les \u00e9quipements en dotation font la diff\u00e9rence. La professionnalit\u00e9, la comp\u00e9tence et les \u00e9quipements d\u00e9di\u00e9s sont obligatoires.<br>Les ambulances utilis\u00e9es pour effectuer des transports de couveuses doivent \u00eatre \u00e9quip\u00e9es de mani\u00e8re ad\u00e9quate. C\u2019est ce qu\u2019affirment assid\u00fbment les <strong>ambulanciers associ\u00e9s \u00e0 l\u2019AASI<\/strong> (Associazione Autisti Soccorritori Italiani), en occasion de la <strong>journ\u00e9e mondiale de la Pr\u00e9maturit\u00e9<\/strong> (17 novembre).<\/p>\n\n\n\n<h2 class=\"wp-block-heading\">Les tables porte-brancard amorties<\/h2>\n\n\n\n<p><br>Devient fondamental assurer aux b\u00e9b\u00e9s pr\u00e9matur\u00e9s une modalit\u00e9 de transport plus \u201cdouce\u201d et \u201csensible\u201d. Le v\u00e9hicule, dans ce cas, joue un r\u00f4le tr\u00e8s important : la table porte-brancard doit assurer le confort et la s\u00e9curit\u00e9 du b\u00e9b\u00e9, chose que, compte tenu de la structure du v\u00e9hicule et les conditions de la route (dos d\u2019\u00e2nes, trous, etc.) il n\u2019est toujours pas facile de garantir ces conditions.<\/p>\n\n\n\n<p>Nous parlons des <strong>tables porte-brancard amortis<\/strong>, dispositifs qui ne sont pas suffisamment connus et pr\u00e9sents sur les v\u00e9hicules de secours. Ce type de dispositif permet de r\u00e9duire sensiblement les effets des vibrations et des secousses engendr\u00e9es par les routes endommag\u00e9es, en rendant optimal le transport de patients, en particulier des pr\u00e9matur\u00e9s et des polytraumatis\u00e9s.<\/p>\n\n\n\n<figure class=\"wp-block-embed is-type-video is-provider-youtube wp-block-embed-youtube wp-embed-aspect-16-9 wp-has-aspect-ratio\"><div class=\"wp-block-embed__wrapper\">\n<div class='avia-iframe-wrap'><iframe loading=\"lazy\" title=\"Donn\u00e9es cliniques sur l\u2019utilisation de tables porte-brancard amorties en transport p\u00e9diatrique\" width=\"1500\" height=\"844\" src=\"https:\/\/www.youtube.com\/embed\/R3XNDfiAzu4?list=PLQveCnwY0CYiWxLWPuA0hB3uY_zgFYQay\" frameborder=\"0\" allow=\"accelerometer; autoplay; clipboard-write; encrypted-media; gyroscope; picture-in-picture\" allowfullscreen><\/iframe><\/div>\n<\/div><\/figure>\n\n\n\n<h2 class=\"wp-block-heading\">AASI, deux p\u00e9titions pr\u00e9sent\u00e9es au Gouvernement<\/h2>\n\n\n\n<p><br>Dans ce contexte s\u2019ins\u00e8rent les deux <strong>p\u00e9titions parlementaires<\/strong> avanc\u00e9es par l\u2019<strong>AASI, Associazione Autisti Soccorritori Italiani<\/strong>, durant la <strong>Journ\u00e9e Mondiale de la Pr\u00e9maturit\u00e9<\/strong> (17 novembre). L\u2019objectif est celui de rendre obligatoire l\u2019installation des tables porte-brancard amorties pour couveuse, pour offrir un transport n\u00e9onatal s\u00fbr, efficace et ad\u00e9quat.<br>Une \u00e9volution vers la solution d\u2019un besoin urgent et, qui aujourd\u2019hui, ne peut plus \u00eatre retard\u00e9.<\/p>\n\n\n\n<h2 class=\"wp-block-heading\">STEN by Stem<\/h2>\n\n\n\n<p><br>Lors d\u2019un transport sensible, comme le STEN (Service de Transport d\u2019Urgence N\u00e9onatale), une bonne dotation de l\u2019ambulance repr\u00e9sente un aspect important et d\u00e9cisif . Pour cette raison Stem en 1988 a introduit, pour la premi\u00e8re fois au monde, la <strong>table porte-brancard amortie<\/strong> capable d\u2019absorber les vibrations produites par les v\u00e9hicules de secours durant le transport. Une solution r\u00e9volutionnaire, perfectionn\u00e9e tout \u00e0 long de ces derniers 32 ans et qui a donc permis d\u2019assurer le maximum du confort et de la s\u00e9curit\u00e9 lors du transport n\u00e9onatal, tout en recevant la gratitude de la part des familles des petits patients et des op\u00e9rateurs sanitaires.<\/p>\n\n\n\n<p>Cliquez <a href=\"https:\/\/www.stem.it\/fr\/tables-porte-brancard-pour-ambulances\/\" target=\"_blank\" rel=\"noreferrer noopener\">ici<\/a> pour d\u00e9couvrir nos tables porte-brancard amortis.<\/p>\n","protected":false},"excerpt":{"rendered":"<p>Dans le monde 1 b\u00e9b\u00e9 sur 10 nait pr\u00e9matur\u00e9ment, en Italie les informations recens\u00e9es par le gouvernement (en 2019) d\u00e9montrent qu\u2019environ 32.000 b\u00e9b\u00e9s naissent pr\u00e9matur\u00e9ment, le 7% des naissances totales [&hellip;]<\/p>\n","protected":false},"author":8,"featured_media":12796,"comment_status":"closed","ping_status":"closed","sticky":false,"template":"","format":"standard","meta":{"footnotes":""},"categories":[247],"tags":[],"class_list":["post-12801","post","type-post","status-publish","format-standard","has-post-thumbnail","hentry","category-technologies-pour-le-secourisme"],"yoast_head":"<!-- This site is optimized with the Yoast SEO plugin v27.4 - https:\/\/yoast.com\/product\/yoast-seo-wordpress\/ -->\n<title>B\u00e9b\u00e9s pr\u00e9matur\u00e9s et le transport n\u00e9onatal | Stem Technology<\/title>\n<meta name=\"description\" content=\"Transportez les pr\u00e9matur\u00e9s en toute s\u00e9curit\u00e9 gr\u00e2ce \u00e0 nos tables porte-brancard amorties: r\u00e9duction de vibrations et secousses garanties.\" \/>\n<meta name=\"robots\" content=\"index, follow, max-snippet:-1, max-image-preview:large, max-video-preview:-1\" \/>\n<link rel=\"canonical\" href=\"https:\/\/www.stem.it\/fr\/technologies-pour-le-secourisme\/transport-bebes-prematures\/\" \/>\n<meta property=\"og:locale\" content=\"fr_FR\" \/>\n<meta property=\"og:type\" content=\"article\" \/>\n<meta property=\"og:title\" content=\"B\u00e9b\u00e9s pr\u00e9matur\u00e9s et le transport n\u00e9onatal | Stem Technology\" \/>\n<meta property=\"og:description\" content=\"Transportez les pr\u00e9matur\u00e9s en toute s\u00e9curit\u00e9 gr\u00e2ce \u00e0 nos tables porte-brancard amorties: r\u00e9duction de vibrations et secousses garanties.\" \/>\n<meta property=\"og:url\" content=\"https:\/\/www.stem.it\/fr\/technologies-pour-le-secourisme\/transport-bebes-prematures\/\" \/>\n<meta property=\"og:site_name\" content=\"Stem Ems\" \/>\n<meta property=\"article:publisher\" content=\"https:\/\/www.facebook.com\/stememsemergencymedicalsystems\/\" \/>\n<meta property=\"article:published_time\" content=\"2021-01-27T16:21:18+00:00\" \/>\n<meta property=\"article:modified_time\" content=\"2021-07-27T08:09:34+00:00\" \/>\n<meta property=\"og:image\" content=\"https:\/\/www.stem.it\/wp-content\/uploads\/2021\/01\/Stem-trasporto-neonatale.jpg\" \/>\n\t<meta property=\"og:image:width\" content=\"833\" \/>\n\t<meta property=\"og:image:height\" content=\"321\" \/>\n\t<meta property=\"og:image:type\" content=\"image\/jpeg\" \/>\n<meta name=\"author\" content=\"kedos\" \/>\n<meta name=\"twitter:card\" content=\"summary_large_image\" \/>\n<meta name=\"twitter:label1\" content=\"\u00c9crit par\" \/>\n\t<meta name=\"twitter:data1\" content=\"kedos\" \/>\n\t<meta name=\"twitter:label2\" content=\"Dur\u00e9e de lecture estim\u00e9e\" \/>\n\t<meta name=\"twitter:data2\" content=\"3 minutes\" \/>\n<script type=\"application\/ld+json\" class=\"yoast-schema-graph\">{\"@context\":\"https:\\\/\\\/schema.org\",\"@graph\":[{\"@type\":\"Article\",\"@id\":\"https:\\\/\\\/www.stem.it\\\/fr\\\/technologies-pour-le-secourisme\\\/transport-bebes-prematures\\\/#article\",\"isPartOf\":{\"@id\":\"https:\\\/\\\/www.stem.it\\\/fr\\\/technologies-pour-le-secourisme\\\/transport-bebes-prematures\\\/\"},\"author\":{\"name\":\"kedos\",\"@id\":\"https:\\\/\\\/www.stem.it\\\/fr\\\/#\\\/schema\\\/person\\\/ed2c0dbb7ccf5e46288b8b9446421bd9\"},\"headline\":\"B\u00e9b\u00e9s pr\u00e9matur\u00e9s et le transport n\u00e9onatal: Une question vitale\",\"datePublished\":\"2021-01-27T16:21:18+00:00\",\"dateModified\":\"2021-07-27T08:09:34+00:00\",\"mainEntityOfPage\":{\"@id\":\"https:\\\/\\\/www.stem.it\\\/fr\\\/technologies-pour-le-secourisme\\\/transport-bebes-prematures\\\/\"},\"wordCount\":570,\"image\":{\"@id\":\"https:\\\/\\\/www.stem.it\\\/fr\\\/technologies-pour-le-secourisme\\\/transport-bebes-prematures\\\/#primaryimage\"},\"thumbnailUrl\":\"https:\\\/\\\/www.stem.it\\\/wp-content\\\/uploads\\\/2021\\\/01\\\/Stem-trasporto-neonatale.jpg\",\"articleSection\":[\"Technologies pour le secourisme\"],\"inLanguage\":\"fr-FR\"},{\"@type\":\"WebPage\",\"@id\":\"https:\\\/\\\/www.stem.it\\\/fr\\\/technologies-pour-le-secourisme\\\/transport-bebes-prematures\\\/\",\"url\":\"https:\\\/\\\/www.stem.it\\\/fr\\\/technologies-pour-le-secourisme\\\/transport-bebes-prematures\\\/\",\"name\":\"B\u00e9b\u00e9s pr\u00e9matur\u00e9s et le transport n\u00e9onatal | Stem Technology\",\"isPartOf\":{\"@id\":\"https:\\\/\\\/www.stem.it\\\/fr\\\/#website\"},\"primaryImageOfPage\":{\"@id\":\"https:\\\/\\\/www.stem.it\\\/fr\\\/technologies-pour-le-secourisme\\\/transport-bebes-prematures\\\/#primaryimage\"},\"image\":{\"@id\":\"https:\\\/\\\/www.stem.it\\\/fr\\\/technologies-pour-le-secourisme\\\/transport-bebes-prematures\\\/#primaryimage\"},\"thumbnailUrl\":\"https:\\\/\\\/www.stem.it\\\/wp-content\\\/uploads\\\/2021\\\/01\\\/Stem-trasporto-neonatale.jpg\",\"datePublished\":\"2021-01-27T16:21:18+00:00\",\"dateModified\":\"2021-07-27T08:09:34+00:00\",\"author\":{\"@id\":\"https:\\\/\\\/www.stem.it\\\/fr\\\/#\\\/schema\\\/person\\\/ed2c0dbb7ccf5e46288b8b9446421bd9\"},\"description\":\"Transportez les pr\u00e9matur\u00e9s en toute s\u00e9curit\u00e9 gr\u00e2ce \u00e0 nos tables porte-brancard amorties: r\u00e9duction de vibrations et secousses garanties.\",\"breadcrumb\":{\"@id\":\"https:\\\/\\\/www.stem.it\\\/fr\\\/technologies-pour-le-secourisme\\\/transport-bebes-prematures\\\/#breadcrumb\"},\"inLanguage\":\"fr-FR\",\"potentialAction\":[{\"@type\":\"ReadAction\",\"target\":[\"https:\\\/\\\/www.stem.it\\\/fr\\\/technologies-pour-le-secourisme\\\/transport-bebes-prematures\\\/\"]}]},{\"@type\":\"ImageObject\",\"inLanguage\":\"fr-FR\",\"@id\":\"https:\\\/\\\/www.stem.it\\\/fr\\\/technologies-pour-le-secourisme\\\/transport-bebes-prematures\\\/#primaryimage\",\"url\":\"https:\\\/\\\/www.stem.it\\\/wp-content\\\/uploads\\\/2021\\\/01\\\/Stem-trasporto-neonatale.jpg\",\"contentUrl\":\"https:\\\/\\\/www.stem.it\\\/wp-content\\\/uploads\\\/2021\\\/01\\\/Stem-trasporto-neonatale.jpg\",\"width\":833,\"height\":321,\"caption\":\"Trasporto bambini prematuri Stem\"},{\"@type\":\"BreadcrumbList\",\"@id\":\"https:\\\/\\\/www.stem.it\\\/fr\\\/technologies-pour-le-secourisme\\\/transport-bebes-prematures\\\/#breadcrumb\",\"itemListElement\":[{\"@type\":\"ListItem\",\"position\":1,\"name\":\"Home\",\"item\":\"https:\\\/\\\/www.stem.it\\\/fr\\\/\"},{\"@type\":\"ListItem\",\"position\":2,\"name\":\"B\u00e9b\u00e9s pr\u00e9matur\u00e9s et le transport n\u00e9onatal: Une question vitale\"}]},{\"@type\":\"WebSite\",\"@id\":\"https:\\\/\\\/www.stem.it\\\/fr\\\/#website\",\"url\":\"https:\\\/\\\/www.stem.it\\\/fr\\\/\",\"name\":\"Stem Ems\",\"description\":\"Prodotti di alta qualit\u00e0 per lavoro ed emergenza\",\"potentialAction\":[{\"@type\":\"SearchAction\",\"target\":{\"@type\":\"EntryPoint\",\"urlTemplate\":\"https:\\\/\\\/www.stem.it\\\/fr\\\/?s={search_term_string}\"},\"query-input\":{\"@type\":\"PropertyValueSpecification\",\"valueRequired\":true,\"valueName\":\"search_term_string\"}}],\"inLanguage\":\"fr-FR\"},{\"@type\":\"Person\",\"@id\":\"https:\\\/\\\/www.stem.it\\\/fr\\\/#\\\/schema\\\/person\\\/ed2c0dbb7ccf5e46288b8b9446421bd9\",\"name\":\"kedos\",\"image\":{\"@type\":\"ImageObject\",\"inLanguage\":\"fr-FR\",\"@id\":\"https:\\\/\\\/secure.gravatar.com\\\/avatar\\\/0cf0f65013daf2393366816b80bc771016138b1dd74bf1051026fa00b412f21f?s=96&d=mm&r=g\",\"url\":\"https:\\\/\\\/secure.gravatar.com\\\/avatar\\\/0cf0f65013daf2393366816b80bc771016138b1dd74bf1051026fa00b412f21f?s=96&d=mm&r=g\",\"contentUrl\":\"https:\\\/\\\/secure.gravatar.com\\\/avatar\\\/0cf0f65013daf2393366816b80bc771016138b1dd74bf1051026fa00b412f21f?s=96&d=mm&r=g\",\"caption\":\"kedos\"}}]}<\/script>\n<!-- \/ Yoast SEO plugin. -->","yoast_head_json":{"title":"B\u00e9b\u00e9s pr\u00e9matur\u00e9s et le transport n\u00e9onatal | Stem Technology","description":"Transportez les pr\u00e9matur\u00e9s en toute s\u00e9curit\u00e9 gr\u00e2ce \u00e0 nos tables porte-brancard amorties: r\u00e9duction de vibrations et secousses garanties.","robots":{"index":"index","follow":"follow","max-snippet":"max-snippet:-1","max-image-preview":"max-image-preview:large","max-video-preview":"max-video-preview:-1"},"canonical":"https:\/\/www.stem.it\/fr\/technologies-pour-le-secourisme\/transport-bebes-prematures\/","og_locale":"fr_FR","og_type":"article","og_title":"B\u00e9b\u00e9s pr\u00e9matur\u00e9s et le transport n\u00e9onatal | Stem Technology","og_description":"Transportez les pr\u00e9matur\u00e9s en toute s\u00e9curit\u00e9 gr\u00e2ce \u00e0 nos tables porte-brancard amorties: r\u00e9duction de vibrations et secousses garanties.","og_url":"https:\/\/www.stem.it\/fr\/technologies-pour-le-secourisme\/transport-bebes-prematures\/","og_site_name":"Stem Ems","article_publisher":"https:\/\/www.facebook.com\/stememsemergencymedicalsystems\/","article_published_time":"2021-01-27T16:21:18+00:00","article_modified_time":"2021-07-27T08:09:34+00:00","og_image":[{"width":833,"height":321,"url":"https:\/\/www.stem.it\/wp-content\/uploads\/2021\/01\/Stem-trasporto-neonatale.jpg","type":"image\/jpeg"}],"author":"kedos","twitter_card":"summary_large_image","twitter_misc":{"\u00c9crit par":"kedos","Dur\u00e9e de lecture estim\u00e9e":"3 minutes"},"schema":{"@context":"https:\/\/schema.org","@graph":[{"@type":"Article","@id":"https:\/\/www.stem.it\/fr\/technologies-pour-le-secourisme\/transport-bebes-prematures\/#article","isPartOf":{"@id":"https:\/\/www.stem.it\/fr\/technologies-pour-le-secourisme\/transport-bebes-prematures\/"},"author":{"name":"kedos","@id":"https:\/\/www.stem.it\/fr\/#\/schema\/person\/ed2c0dbb7ccf5e46288b8b9446421bd9"},"headline":"B\u00e9b\u00e9s pr\u00e9matur\u00e9s et le transport n\u00e9onatal: Une question vitale","datePublished":"2021-01-27T16:21:18+00:00","dateModified":"2021-07-27T08:09:34+00:00","mainEntityOfPage":{"@id":"https:\/\/www.stem.it\/fr\/technologies-pour-le-secourisme\/transport-bebes-prematures\/"},"wordCount":570,"image":{"@id":"https:\/\/www.stem.it\/fr\/technologies-pour-le-secourisme\/transport-bebes-prematures\/#primaryimage"},"thumbnailUrl":"https:\/\/www.stem.it\/wp-content\/uploads\/2021\/01\/Stem-trasporto-neonatale.jpg","articleSection":["Technologies pour le secourisme"],"inLanguage":"fr-FR"},{"@type":"WebPage","@id":"https:\/\/www.stem.it\/fr\/technologies-pour-le-secourisme\/transport-bebes-prematures\/","url":"https:\/\/www.stem.it\/fr\/technologies-pour-le-secourisme\/transport-bebes-prematures\/","name":"B\u00e9b\u00e9s pr\u00e9matur\u00e9s et le transport n\u00e9onatal | Stem Technology","isPartOf":{"@id":"https:\/\/www.stem.it\/fr\/#website"},"primaryImageOfPage":{"@id":"https:\/\/www.stem.it\/fr\/technologies-pour-le-secourisme\/transport-bebes-prematures\/#primaryimage"},"image":{"@id":"https:\/\/www.stem.it\/fr\/technologies-pour-le-secourisme\/transport-bebes-prematures\/#primaryimage"},"thumbnailUrl":"https:\/\/www.stem.it\/wp-content\/uploads\/2021\/01\/Stem-trasporto-neonatale.jpg","datePublished":"2021-01-27T16:21:18+00:00","dateModified":"2021-07-27T08:09:34+00:00","author":{"@id":"https:\/\/www.stem.it\/fr\/#\/schema\/person\/ed2c0dbb7ccf5e46288b8b9446421bd9"},"description":"Transportez les pr\u00e9matur\u00e9s en toute s\u00e9curit\u00e9 gr\u00e2ce \u00e0 nos tables porte-brancard amorties: r\u00e9duction de vibrations et secousses garanties.","breadcrumb":{"@id":"https:\/\/www.stem.it\/fr\/technologies-pour-le-secourisme\/transport-bebes-prematures\/#breadcrumb"},"inLanguage":"fr-FR","potentialAction":[{"@type":"ReadAction","target":["https:\/\/www.stem.it\/fr\/technologies-pour-le-secourisme\/transport-bebes-prematures\/"]}]},{"@type":"ImageObject","inLanguage":"fr-FR","@id":"https:\/\/www.stem.it\/fr\/technologies-pour-le-secourisme\/transport-bebes-prematures\/#primaryimage","url":"https:\/\/www.stem.it\/wp-content\/uploads\/2021\/01\/Stem-trasporto-neonatale.jpg","contentUrl":"https:\/\/www.stem.it\/wp-content\/uploads\/2021\/01\/Stem-trasporto-neonatale.jpg","width":833,"height":321,"caption":"Trasporto bambini prematuri Stem"},{"@type":"BreadcrumbList","@id":"https:\/\/www.stem.it\/fr\/technologies-pour-le-secourisme\/transport-bebes-prematures\/#breadcrumb","itemListElement":[{"@type":"ListItem","position":1,"name":"Home","item":"https:\/\/www.stem.it\/fr\/"},{"@type":"ListItem","position":2,"name":"B\u00e9b\u00e9s pr\u00e9matur\u00e9s et le transport n\u00e9onatal: Une question vitale"}]},{"@type":"WebSite","@id":"https:\/\/www.stem.it\/fr\/#website","url":"https:\/\/www.stem.it\/fr\/","name":"Stem Ems","description":"Prodotti di alta qualit\u00e0 per lavoro ed emergenza","potentialAction":[{"@type":"SearchAction","target":{"@type":"EntryPoint","urlTemplate":"https:\/\/www.stem.it\/fr\/?s={search_term_string}"},"query-input":{"@type":"PropertyValueSpecification","valueRequired":true,"valueName":"search_term_string"}}],"inLanguage":"fr-FR"},{"@type":"Person","@id":"https:\/\/www.stem.it\/fr\/#\/schema\/person\/ed2c0dbb7ccf5e46288b8b9446421bd9","name":"kedos","image":{"@type":"ImageObject","inLanguage":"fr-FR","@id":"https:\/\/secure.gravatar.com\/avatar\/0cf0f65013daf2393366816b80bc771016138b1dd74bf1051026fa00b412f21f?s=96&d=mm&r=g","url":"https:\/\/secure.gravatar.com\/avatar\/0cf0f65013daf2393366816b80bc771016138b1dd74bf1051026fa00b412f21f?s=96&d=mm&r=g","contentUrl":"https:\/\/secure.gravatar.com\/avatar\/0cf0f65013daf2393366816b80bc771016138b1dd74bf1051026fa00b412f21f?s=96&d=mm&r=g","caption":"kedos"}}]}},"_links":{"self":[{"href":"https:\/\/www.stem.it\/fr\/wp-json\/wp\/v2\/posts\/12801","targetHints":{"allow":["GET"]}}],"collection":[{"href":"https:\/\/www.stem.it\/fr\/wp-json\/wp\/v2\/posts"}],"about":[{"href":"https:\/\/www.stem.it\/fr\/wp-json\/wp\/v2\/types\/post"}],"author":[{"embeddable":true,"href":"https:\/\/www.stem.it\/fr\/wp-json\/wp\/v2\/users\/8"}],"replies":[{"embeddable":true,"href":"https:\/\/www.stem.it\/fr\/wp-json\/wp\/v2\/comments?post=12801"}],"version-history":[{"count":4,"href":"https:\/\/www.stem.it\/fr\/wp-json\/wp\/v2\/posts\/12801\/revisions"}],"predecessor-version":[{"id":12834,"href":"https:\/\/www.stem.it\/fr\/wp-json\/wp\/v2\/posts\/12801\/revisions\/12834"}],"wp:featuredmedia":[{"embeddable":true,"href":"https:\/\/www.stem.it\/fr\/wp-json\/wp\/v2\/media\/12796"}],"wp:attachment":[{"href":"https:\/\/www.stem.it\/fr\/wp-json\/wp\/v2\/media?parent=12801"}],"wp:term":[{"taxonomy":"category","embeddable":true,"href":"https:\/\/www.stem.it\/fr\/wp-json\/wp\/v2\/categories?post=12801"},{"taxonomy":"post_tag","embeddable":true,"href":"https:\/\/www.stem.it\/fr\/wp-json\/wp\/v2\/tags?post=12801"}],"curies":[{"name":"wp","href":"https:\/\/api.w.org\/{rel}","templated":true}]}}