{"id":42947,"date":"2024-10-16T08:00:10","date_gmt":"2024-10-16T06:00:10","guid":{"rendered":"https:\/\/www.stem.it\/?p=42947"},"modified":"2024-10-16T09:47:22","modified_gmt":"2024-10-16T07:47:22","slug":"jornadas-municipales-sobre-catastrofes","status":"publish","type":"post","link":"https:\/\/www.stem.it\/es\/comunidad\/jornadas-municipales-sobre-catastrofes\/","title":{"rendered":"Jornadas Municipales sobre Cat\u00e1strofes"},"content":{"rendered":"\n<p><a id=\"_msocom_1\"><\/a>El mundo de la prevenci\u00f3n y gesti\u00f3n de cat\u00e1strofes no conoce fronteras. La seguridad y el rescate son temas de relevancia global, con una atenci\u00f3n creciente por parte de gobiernos y organizaciones en todo el mundo. En Europa, un ejemplo concreto de este compromiso son las Jornadas Municipales sobre Cat\u00e1strofes. Organizadas por <strong>SAMUR-Protecci\u00f3n Civil<\/strong>, se han convertido en un evento de referencia para profesionales y voluntarios que operan en emergencias extrahospitalarias en Espa\u00f1a y en los pa\u00edses vecinos, as\u00ed como en una cita imperdible para empresas como Stem, cuyos productos est\u00e1n orientados al campo de la emergencia sanitaria y la seguridad.<\/p>\n\n\n\n<p>La edici\u00f3n de este a\u00f1o promete ser especialmente relevante, ya que acoger\u00e1 una simulaci\u00f3n a gran escala destinada a poner a prueba y mejorar las capacidades de respuesta ante emergencias urbanas. \u00a1Prep\u00e1rate para una cita imperdible los d\u00edas <strong>25 y 26 de octubre<\/strong> de <strong>2024 en Madrid<\/strong>!<\/p>\n\n\n\n<h2 class=\"wp-block-heading\"><strong>\u00bfQu\u00e9 es SAMUR-Protecci\u00f3n Civil?<\/strong><\/h2>\n\n\n\n<p><strong>En 1989, el Ayuntamiento de Madrid reconoci\u00f3 la necesidad de un servicio de emergencias prehospitalarias en la ciudad. <\/strong>A trav\u00e9s de la Concejal\u00eda de Sanidad, se cre\u00f3 un equipo para dise\u00f1ar y desarrollar un servicio de vanguardia. Partiendo del antiguo Parque Municipal de Ambulancias, activo desde 1875, se dise\u00f1aron nuevas ambulancias, se cre\u00f3 un centro avanzado de telecomunicaciones y se mejor\u00f3 la selecci\u00f3n y formaci\u00f3n del personal.<\/p>\n\n\n\n<p><strong>En 1991, naci\u00f3 como proyecto piloto el <\/strong><a href=\"https:\/\/www.madrid.es\/portales\/munimadrid\/es\/CamposdeFutbol\/SAMUR-Proteccion-Civil-English?vgnextfmt=default&amp;vgnextoid=0e34549866e8b310VgnVCM1000000b205a0aRCRD&amp;vgnextchannel=d85056bc5268b010VgnVCM2000000c205a0aRCRD&amp;idCapitulo=6690373\" target=\"_blank\" rel=\"noreferrer noopener\"><strong>SAMUR<\/strong><\/a><strong> <\/strong>(Servicio de Asistencia Municipal de Urgencia y Rescate). Este servicio abandon\u00f3 el enfoque tradicional de <a href=\"https:\/\/medest118.com\/2012\/11\/12\/scoop-and-run-o-stay-and-play-nel-trauma-preospedaliero\/\" target=\"_blank\" rel=\"noreferrer noopener\">\u00abscoop and run\u00bb<\/a> <strong>a favor de la asistencia m\u00e9dica inmediata in situ y el transporte asistido.<\/strong> Adem\u00e1s, el Servicio asumi\u00f3 responsabilidades en la gesti\u00f3n sanitaria y la resoluci\u00f3n de posibles desastres que pudieran ocurrir en la ciudad.<\/p>\n\n\n\n<p>En 1992, el servicio se convirti\u00f3 oficialmente en una secci\u00f3n de transporte sanitario. En <strong>1995, fue ampliado con nuevas responsabilidades, convirti\u00e9ndose en SAMUR-Protecci\u00f3n Civil<\/strong>, con un enfoque tambi\u00e9n en la <strong>formaci\u00f3n de m\u00e1s de 5.000 personas<\/strong> al a\u00f1o en primeros auxilios y en la cobertura de servicios de prevenci\u00f3n.<\/p>\n\n\n\n<p>Hoy en d\u00eda, SAMUR-Protecci\u00f3n Civil se destaca por su <strong>rapidez de intervenci\u00f3n<\/strong> y la adopci\u00f3n de <strong>tecnolog\u00edas avanzadas<\/strong> en el sector de la protecci\u00f3n civil. La entidad ha participado en numerosas intervenciones tanto a nivel nacional como internacional, contribuyendo a salvar vidas y gestionar situaciones cr\u00edticas con profesionalismo y competencia.<\/p>\n\n\n\n<figure class=\"wp-block-image size-full\"><img loading=\"lazy\" decoding=\"async\" width=\"834\" height=\"322\" src=\"https:\/\/www.stem.it\/wp-content\/uploads\/2024\/10\/Giornata-municiaple-delle-catastrofi-SPAGNA-THE-EMS-BLOG-833x321-02.jpg\" alt=\"Cat\u00e1strofes-the-ems-blog\" class=\"wp-image-42891\" srcset=\"https:\/\/www.stem.it\/wp-content\/uploads\/2024\/10\/Giornata-municiaple-delle-catastrofi-SPAGNA-THE-EMS-BLOG-833x321-02.jpg 834w, https:\/\/www.stem.it\/wp-content\/uploads\/2024\/10\/Giornata-municiaple-delle-catastrofi-SPAGNA-THE-EMS-BLOG-833x321-02-300x116.jpg 300w, https:\/\/www.stem.it\/wp-content\/uploads\/2024\/10\/Giornata-municiaple-delle-catastrofi-SPAGNA-THE-EMS-BLOG-833x321-02-768x297.jpg 768w, https:\/\/www.stem.it\/wp-content\/uploads\/2024\/10\/Giornata-municiaple-delle-catastrofi-SPAGNA-THE-EMS-BLOG-833x321-02-705x272.jpg 705w\" sizes=\"auto, (max-width: 834px) 100vw, 834px\" \/><\/figure>\n\n\n\n<h2 class=\"wp-block-heading\">\u00bfQu\u00e9 esperar de las jornadas muncipales sobre cat\u00e1strofes?<\/h2>\n\n\n\n<p>Seg\u00fan informa <a href=\"https:\/\/emergenciasmadrid.com\/jornadas-municipales-sobre-catastrofes\/\" target=\"_blank\" rel=\"noreferrer noopener\">Madrid InfoEmer<\/a>, las Jornadas Municipales sobre Cat\u00e1strofes, organizadas por primera vez en 1992, <strong>re\u00fanen a expertos, operadores y entusiastas del sector para abordar temas cruciales en la gesti\u00f3n de cat\u00e1strofes.<\/strong> El tema de este a\u00f1o ser\u00e1 \u00ab<strong>Madrid en el coraz\u00f3n de la solidaridad internacional<\/strong>\u00ab. Aqu\u00ed los puntos m\u00e1s destacados del evento:<\/p>\n\n\n\n<ul class=\"wp-block-list\">\n<li><strong>Conferencias Cient\u00edficas<\/strong>: Ponentes de renombre internacional compartir\u00e1n experiencias y estrategias en la gesti\u00f3n de emergencias, analizando estudios de casos e innovaciones. Estar\u00e1n presentes expertos de nueve pa\u00edses de la Uni\u00f3n Europea, ofreciendo una visi\u00f3n global de los desaf\u00edos que enfrenta el sector. Este foro cient\u00edfico se llevar\u00e1 a cabo en el <a href=\"https:\/\/www.google.com\/maps\/place\/Integral+Training+Center+Safety+and+Emergency\/@44.761088,10.1679104,14z\/data=!3m1!4b1!4m6!3m5!1s0xd41880517d5d0c9:0xd29e462f9e35b4bb!8m2!3d40.4026888!4d-3.7516024!16s%2Fg%2F1pwfc_kvf?entry=ttu&amp;g_ep=EgoyMDI0MTAwOS4wIKXMDSoASAFQAw%3D%3D\" target=\"_blank\" rel=\"noreferrer noopener\">Centro de Formaci\u00f3n en Seguridad y Emergencias<\/a> (CIFSE) del Ayuntamiento de Madrid, el <strong>viernes 25 de octubre a partir de las 10:00 horas<\/strong>. \u00a0<\/li>\n<\/ul>\n\n\n\n<ul class=\"wp-block-list\">\n<li><strong>Talleres pr\u00e1cticos: <\/strong>Los participantes podr\u00e1n perfeccionar sus competencias en escenarios realistas, a trav\u00e9s de laboratorios operativos que proporcionar\u00e1n herramientas \u00fatiles para enfrentar situaciones de crisis.<\/li>\n<\/ul>\n\n\n\n<ul class=\"wp-block-list\">\n<li><strong>Simulaci\u00f3n de emergencia:<\/strong> Un momento clave ser\u00e1 el gran simulador en la <a href=\"https:\/\/www.google.com\/maps\/place\/Base+A%C3%A9rea+de+Cuatro+Vientos\/@44.761088,10.1679104,14z\/data=!3m1!4b1!4m6!3m5!1s0xd418857d23b8f35:0x575cf2b5b6b529f5!8m2!3d40.3773834!4d-3.7838285!16s%2Fg%2F1z44bgr96?entry=ttu&amp;g_ep=EgoyMDI0MTAwOS4wIKXMDSoASAFQAw%3D%3D\" target=\"_blank\" rel=\"noreferrer noopener\">base a\u00e9rea de Cuatro Vientos<\/a>, que recrear\u00e1 una situaci\u00f3n de emergencia para poner a prueba las capacidades de reacci\u00f3n de los participantes. <strong>M\u00e1s de 600 personas y equipos de emergencia de toda Espa\u00f1a y de pa\u00edses internacionales participar\u00e1n en esta simulaci\u00f3n<\/strong>.<\/li>\n<\/ul>\n\n\n\n<figure class=\"wp-block-image size-full\"><img loading=\"lazy\" decoding=\"async\" width=\"834\" height=\"322\" src=\"https:\/\/www.stem.it\/wp-content\/uploads\/2024\/10\/Giornata-municiaple-delle-catastrofi-SPAGNA-THE-EMS-BLOG-833x321-03.jpg\" alt=\"Simulaci\u00f3n-de-emergencia\" class=\"wp-image-42897\" srcset=\"https:\/\/www.stem.it\/wp-content\/uploads\/2024\/10\/Giornata-municiaple-delle-catastrofi-SPAGNA-THE-EMS-BLOG-833x321-03.jpg 834w, https:\/\/www.stem.it\/wp-content\/uploads\/2024\/10\/Giornata-municiaple-delle-catastrofi-SPAGNA-THE-EMS-BLOG-833x321-03-300x116.jpg 300w, https:\/\/www.stem.it\/wp-content\/uploads\/2024\/10\/Giornata-municiaple-delle-catastrofi-SPAGNA-THE-EMS-BLOG-833x321-03-768x297.jpg 768w, https:\/\/www.stem.it\/wp-content\/uploads\/2024\/10\/Giornata-municiaple-delle-catastrofi-SPAGNA-THE-EMS-BLOG-833x321-03-705x272.jpg 705w\" sizes=\"auto, (max-width: 834px) 100vw, 834px\" \/><\/figure>\n\n\n\n<p>Este ejercicio no solo permitir\u00e1 aplicar los conocimientos adquiridos, sino tambi\u00e9n evaluar los procedimientos existentes e identificar posibles \u00e1reas de mejora. <strong>La macro-simulaci\u00f3n comenzar\u00e1 el s\u00e1bado 26 de octubre a partir de las 18:00 horas.<\/strong><\/p>\n\n\n\n<ul class=\"wp-block-list\">\n<li><strong>Exposiciones comerciales e institucionales: <\/strong>Empresas l\u00edderes en el sector de la protecci\u00f3n civil presentar\u00e1n sus innovaciones tecnol\u00f3gicas, que van desde equipos de rescate hasta tecnolog\u00edas de comunicaci\u00f3n. Tambi\u00e9n habr\u00e1 una exposici\u00f3n institucional donde se presentar\u00e1n los medios de las fuerzas de seguridad, bomberos, fuerzas armadas y otros grupos involucrados en la gesti\u00f3n de emergencias.<br><br><\/li>\n<\/ul>\n\n\n\n<h2 class=\"wp-block-heading\"><strong><br>Simulaci\u00f3n a gran escala<\/strong><\/h2>\n\n\n\n<p>Uno de los elementos clave de las Jornadas Municipales es la <strong>simulaci\u00f3n pr\u00e1ctica<\/strong>. Esta ha evolucionado significativamente a lo largo de los a\u00f1os, tanto en los temas abordados como en los enfoques para tratar las emergencias. Si miramos a la edici\u00f3n de 2010, el enfoque estaba principalmente en la <strong>respuesta a incendios<\/strong> <strong>forestales<\/strong>, un tema particularmente relevante en Espa\u00f1a. Ese a\u00f1o, la atenci\u00f3n se centraba en la <strong>prevenci\u00f3n<\/strong> y <strong>optimizaci\u00f3n de los tiempos de intervenci\u00f3n<\/strong>, sentando las bases para futuras ediciones cada vez m\u00e1s orientadas al uso de tecnolog\u00edas.<\/p>\n\n\n\n<figure class=\"wp-block-image size-full\"><img loading=\"lazy\" decoding=\"async\" width=\"834\" height=\"322\" src=\"https:\/\/www.stem.it\/wp-content\/uploads\/2024\/10\/Giornata-municiaple-delle-catastrofi-SPAGNA-THE-EMS-BLOG-833x321-04.jpg\" alt=\"bomberos-simulaci\u00f3n-de-cat\u00e1strofes\" class=\"wp-image-42903\" srcset=\"https:\/\/www.stem.it\/wp-content\/uploads\/2024\/10\/Giornata-municiaple-delle-catastrofi-SPAGNA-THE-EMS-BLOG-833x321-04.jpg 834w, https:\/\/www.stem.it\/wp-content\/uploads\/2024\/10\/Giornata-municiaple-delle-catastrofi-SPAGNA-THE-EMS-BLOG-833x321-04-300x116.jpg 300w, https:\/\/www.stem.it\/wp-content\/uploads\/2024\/10\/Giornata-municiaple-delle-catastrofi-SPAGNA-THE-EMS-BLOG-833x321-04-768x297.jpg 768w, https:\/\/www.stem.it\/wp-content\/uploads\/2024\/10\/Giornata-municiaple-delle-catastrofi-SPAGNA-THE-EMS-BLOG-833x321-04-705x272.jpg 705w\" sizes=\"auto, (max-width: 834px) 100vw, 834px\" \/><\/figure>\n\n\n\n<h3 class=\"wp-block-heading\"><strong>2015-2017<\/strong><\/h3>\n\n\n\n<p>Un avance significativo ocurri\u00f3 en 2015 con la <strong>simulaci\u00f3n de un terremoto<\/strong> en pleno contexto urbano, que involucr\u00f3 a m\u00e1s de 500 operadores. Esta edici\u00f3n marc\u00f3 un punto crucial, probando por primera vez la cooperaci\u00f3n entre diferentes cuerpos de emergencia en situaciones de crisis complejas y allanando el camino para una revisi\u00f3n de los protocolos operativos. <\/p>\n\n\n\n<p>En 2017, la atenci\u00f3n se traslad\u00f3 a la <strong>importancia de los ciudadanos en las operaciones de rescate<\/strong>. El p\u00fablico qued\u00f3 sorprendido al encontrarse activamente involucrado en el cuidado de los pacientes. Esto ocurri\u00f3 al responder a la solicitud de ayuda de los equipos m\u00e9dicos, desbordados por el elevado n\u00famero de heridos. Desde ese momento, SAMUR transform\u00f3 el rol tradicionalmente pasivo de los ciudadanos en un agente activo de la protecci\u00f3n civil, mejorando as\u00ed la cadena de supervivencia.<\/p>\n\n\n\n<p>El ejercicio inclu\u00eda un escenario muy complejo donde la coordinaci\u00f3n entre los equipos se volvi\u00f3 especialmente importante, cuando la aparici\u00f3n de un <strong>presunto terrorista<\/strong> atrincherado con varios rehenes desencaden\u00f3 la intervenci\u00f3n policial. <strong>La evacuaci\u00f3n de 45 personas<\/strong> a los hospitales 12 de Octubre, G\u00f3mez Ulla y La Paz fue una forma de <strong>poner a prueba la capacidad de reacci\u00f3n y rendimiento de estos centros hospitalarios ante una situaci\u00f3n real.<\/strong><\/p>\n\n\n\n<p><a id=\"_msocom_1\"><\/a><\/p>\n\n\n\n<figure class=\"wp-block-image size-full\"><img loading=\"lazy\" decoding=\"async\" width=\"834\" height=\"322\" src=\"https:\/\/www.stem.it\/wp-content\/uploads\/2024\/10\/Giornata-municiaple-delle-catastrofi-SPAGNA-THE-EMS-BLOG-833x321-05.jpg\" alt=\"samur-Protecci\u00f3n-Civil\" class=\"wp-image-42909\" srcset=\"https:\/\/www.stem.it\/wp-content\/uploads\/2024\/10\/Giornata-municiaple-delle-catastrofi-SPAGNA-THE-EMS-BLOG-833x321-05.jpg 834w, https:\/\/www.stem.it\/wp-content\/uploads\/2024\/10\/Giornata-municiaple-delle-catastrofi-SPAGNA-THE-EMS-BLOG-833x321-05-300x116.jpg 300w, https:\/\/www.stem.it\/wp-content\/uploads\/2024\/10\/Giornata-municiaple-delle-catastrofi-SPAGNA-THE-EMS-BLOG-833x321-05-768x297.jpg 768w, https:\/\/www.stem.it\/wp-content\/uploads\/2024\/10\/Giornata-municiaple-delle-catastrofi-SPAGNA-THE-EMS-BLOG-833x321-05-705x272.jpg 705w\" sizes=\"auto, (max-width: 834px) 100vw, 834px\" \/><\/figure>\n\n\n\n<h3 class=\"wp-block-heading\"><strong>2022 &#8211; Disaster Days<\/strong><\/h3>\n\n\n\n<p>Finalmente, en 2022, en plena era post-pandemia, las jornadas se centraron en las emergencias sanitarias. Las simulaciones de pandemias a gran escala destacaron lo mucho que hab\u00eda cambiado la percepci\u00f3n del riesgo global en comparaci\u00f3n con ediciones anteriores. Ese mismo a\u00f1o se celebraron los \u00ab<strong>Disaster Days<\/strong>\u00ab, donde el <a href=\"https:\/\/www.eldebate.com\/espana\/madrid\/20221029\/geo-realizan-espectacular-simulacro-catastrofe-tiroteos-explosiones_69514.html\" target=\"_blank\" rel=\"noreferrer noopener\">Grupo de Operaciones Especiales (GEO)<\/a> protagoniz\u00f3 <strong>persecuciones, tiroteos y explosiones en tres escenarios<\/strong>: un hotel, un autob\u00fas y un supermercado.<\/p>\n\n\n\n<p>En pocos minutos, el personal sanitario organiz\u00f3 triages para evaluar la gravedad de los heridos y planificar su traslado a los centros sanitarios. En esta edici\u00f3n, los heridos ficticios fueron efectivamente trasladados a cuatro centros sanitarios de la Comunidad de Madrid para continuar con la operaci\u00f3n. La Polic\u00eda Nacional lanz\u00f3 operaciones espec\u00edficas para cada situaci\u00f3n, utilizando <strong>escudos, armas de fogueo y perros gu\u00eda.<\/strong><\/p>\n\n\n\n<p>Un momento particularmente emocionante fue cuando, despu\u00e9s de que dos \u00abterroristas\u00bb se atrincheraran en el autob\u00fas, los <a href=\"https:\/\/www.policia.es\/_es\/tupolicia_conocenos_estructura_dao_especialidades_geo.php\">GEO<\/a> intervinieron desde el techo de un veh\u00edculo de las fuerzas especiales para liberar a los rehenes.<\/p>\n\n\n\n<figure class=\"wp-block-image size-full\"><img loading=\"lazy\" decoding=\"async\" width=\"834\" height=\"322\" src=\"https:\/\/www.stem.it\/wp-content\/uploads\/2024\/10\/Giornata-municiaple-delle-catastrofi-SPAGNA-THE-EMS-BLOG-833x321-06.jpg\" alt=\"Grupo-de-Operaciones-Especiales\" class=\"wp-image-42915\" srcset=\"https:\/\/www.stem.it\/wp-content\/uploads\/2024\/10\/Giornata-municiaple-delle-catastrofi-SPAGNA-THE-EMS-BLOG-833x321-06.jpg 834w, https:\/\/www.stem.it\/wp-content\/uploads\/2024\/10\/Giornata-municiaple-delle-catastrofi-SPAGNA-THE-EMS-BLOG-833x321-06-300x116.jpg 300w, https:\/\/www.stem.it\/wp-content\/uploads\/2024\/10\/Giornata-municiaple-delle-catastrofi-SPAGNA-THE-EMS-BLOG-833x321-06-768x297.jpg 768w, https:\/\/www.stem.it\/wp-content\/uploads\/2024\/10\/Giornata-municiaple-delle-catastrofi-SPAGNA-THE-EMS-BLOG-833x321-06-705x272.jpg 705w\" sizes=\"auto, (max-width: 834px) 100vw, 834px\" \/><\/figure>\n\n\n\n<p>Photo Credits: <a href=\"https:\/\/www.eldebate.com\/espana\/madrid\/20221029\/geo-realizan-espectacular-simulacro-catastrofe-tiroteos-explosiones_69514.html\" target=\"_blank\" rel=\"noreferrer noopener\">El Debate<\/a><\/p>\n\n\n\n<h3 class=\"wp-block-heading\"><strong>Este a\u00f1o<\/strong><\/h3>\n\n\n\n<p>Este a\u00f1o, el ejercicio estar\u00e1 inspirado en escenarios de <strong>crisis urbanas complejas, como terremotos, incendios de gran magnitud o inundaciones<\/strong>. Las simulaciones est\u00e1n dise\u00f1adas para poner a prueba la reacci\u00f3n coordinada de m\u00faltiples entidades, incluyendo bomberos, protecci\u00f3n civil, polic\u00eda municipal y servicios sanitarios. A trav\u00e9s del uso de tecnolog\u00edas avanzadas y procedimientos de rescate integrados, estos ejercicios reproducen las din\u00e1micas reales de las cat\u00e1strofes. Su <strong>objetivo es de mejorar la rapidez y eficacia de las intervenciones<\/strong> y probar la eficiencia de los nuevos protocolos operativos y las tecnolog\u00edas m\u00e1s recientes desarrolladas en los \u00faltimos a\u00f1os.<\/p>\n\n\n\n<figure class=\"wp-block-image size-full\"><img loading=\"lazy\" decoding=\"async\" width=\"834\" height=\"322\" src=\"https:\/\/www.stem.it\/wp-content\/uploads\/2024\/10\/Giornata-municiaple-delle-catastrofi-SPAGNA-THE-EMS-BLOG-833x321-07.jpg\" alt=\"samur-simulaci\u00f3n-cuatro-vientos\" class=\"wp-image-42921\" srcset=\"https:\/\/www.stem.it\/wp-content\/uploads\/2024\/10\/Giornata-municiaple-delle-catastrofi-SPAGNA-THE-EMS-BLOG-833x321-07.jpg 834w, https:\/\/www.stem.it\/wp-content\/uploads\/2024\/10\/Giornata-municiaple-delle-catastrofi-SPAGNA-THE-EMS-BLOG-833x321-07-300x116.jpg 300w, https:\/\/www.stem.it\/wp-content\/uploads\/2024\/10\/Giornata-municiaple-delle-catastrofi-SPAGNA-THE-EMS-BLOG-833x321-07-768x297.jpg 768w, https:\/\/www.stem.it\/wp-content\/uploads\/2024\/10\/Giornata-municiaple-delle-catastrofi-SPAGNA-THE-EMS-BLOG-833x321-07-705x272.jpg 705w\" sizes=\"auto, (max-width: 834px) 100vw, 834px\" \/><\/figure>\n\n\n\n<h2 class=\"wp-block-heading\"><strong>Informaci\u00f3n \u00fatil sobre las 26 Jornadas Municipales sobre Cat\u00e1strofes<\/strong><\/h2>\n\n\n\n<ul class=\"wp-block-list\">\n<li><strong>Evento gratuito <\/strong>y <strong>abierto a todos <\/strong>a partir de los 16 a\u00f1os.<\/li>\n\n\n\n<li><strong>Plazas limitadas<\/strong>: se recomienda inscripci\u00f3n previa.<\/li>\n\n\n\n<li>Cada participante puede llevar <strong>hasta dos acompa\u00f1antes.<\/strong><\/li>\n\n\n\n<li>La simulaci\u00f3n no es recomendable para ni\u00f1os peque\u00f1os.<\/li>\n<\/ul>\n\n\n\n<p>M\u00e1s detalles sobre la inscripci\u00f3n y el programa est\u00e1n disponibles en el sitio oficial de <a href=\"https:\/\/www.madrid.es\/portales\/munimadrid\/es\/01Lunes\/SAMUR-Proteccion-Civil\/?vgnextfmt=default&amp;vgnextoid=c88fcdb1bfffa010VgnVCM100000d90ca8c0RCRD&amp;vgnextchannel=65596c453e886210VgnVCM2000000c205a0aRCRD&amp;idCapitulo=10453218\" target=\"_blank\" rel=\"noreferrer noopener\">SAMUR-Protecci\u00f3n Civil.<\/a><\/p>\n\n\n\n<figure class=\"wp-block-embed is-type-video is-provider-youtube wp-block-embed-youtube wp-embed-aspect-16-9 wp-has-aspect-ratio\"><div class=\"wp-block-embed__wrapper\">\n<div class='avia-iframe-wrap'><iframe loading=\"lazy\" title=\"Simulacro XXV Jornadas Municipales Cat\u00e1strofes SAMUR 2022\" width=\"1500\" height=\"844\" src=\"https:\/\/www.youtube.com\/embed\/2nO-Ym-Z5Kc?feature=oembed\" frameborder=\"0\" allow=\"accelerometer; autoplay; clipboard-write; encrypted-media; gyroscope; picture-in-picture; web-share\" referrerpolicy=\"strict-origin-when-cross-origin\" allowfullscreen><\/iframe><\/div>\n<\/div><\/figure>\n\n\n\n<h2 class=\"wp-block-heading\"><strong>Un compromiso global en la gesti\u00f3n de cat\u00e1strofes<\/strong><\/h2>\n\n\n\n<p>La creciente frecuencia de eventos catastr\u00f3ficos ha puesto de manifiesto la <strong>importancia de la prevenci\u00f3n<\/strong> y <strong>gesti\u00f3n de emergencias a nivel global<\/strong>. Por esta raz\u00f3n, no sorprende que se realicen ejercicios similares en otras partes del mundo, reflejando una <strong>sensibilidad internacional hacia la seguridad p\u00fablica<\/strong>. En Estados Unidos, por ejemplo, la simulaci\u00f3n \u00ab<a href=\"https:\/\/mil.wa.gov\/cascadia-rising\" target=\"_blank\" rel=\"noreferrer noopener\">Cascadia Rising<\/a>\u00bb fue una de las m\u00e1s complejas jam\u00e1s organizadas, involucrando numerosas agencias federales, estatales y locales. Este ejercicio se centr\u00f3 en un <strong>terremoto de magnitud 9.0 y un tsunami de 30 metros<\/strong> en la zona de subducci\u00f3n de Cascadia, en el Oc\u00e9ano Pac\u00edfico. Se simularon <strong>misiones de transporte cr\u00edtico, asistencia sanitaria de emergencia, manejo de v\u00edctimas y servicios masivos<\/strong> para la poblaci\u00f3n afectada. Este esfuerzo colectivo puso a prueba las capacidades de respuesta de las agencias involucradas. Tambi\u00e9n evalu\u00f2 su habilidad para coordinarse en la gesti\u00f3n de un desastre de tales proporciones.<\/p>\n\n\n\n<p>Otra simulaci\u00f3n significativa fue el \u00ab<a href=\"https:\/\/www.london.gov.uk\/who-we-are\/what-london-assembly-does\/questions-mayor\/find-an-answer\/exercise-unified-response-1\" target=\"_blank\" rel=\"noreferrer noopener\">Exercise Unified Response<\/a>\u00bb en el Reino Unido, <strong>el mayor simulacro jam\u00e1s realizado en la historia de los 150 a\u00f1os de los bomberos de Londres.<\/strong> Basada en un hipot\u00e9tico colapso de un edificio sobre una estaci\u00f3n de metro, involucr\u00f3 a m\u00e1s de 80 agencias europeas, <strong>con m\u00e1s de 1.000 v\u00edctimas simuladas<\/strong> y cientos de toneladas de escombros. Fue una oportunidad \u00fanica para probar los procedimientos de b\u00fasqueda y rescate urbano en un contexto complejo como el de una gran metr\u00f3poli.<\/p>\n\n\n\n<p>Conoc\u00edas estas jornadas de prevenci\u00f3n y gesti\u00f3n de cat\u00e1strofes? Los desaf\u00edos del futuro requieren preparaci\u00f3n, colaboraci\u00f3n y el uso de las mejores tecnolog\u00edas. La feria de Madrid representa una oportunidad \u00fanica para mejorar nuestras competencias y fortalecer nuestras capacidades de respuesta. <strong>\u00bfY t\u00fa, estar\u00e1s en Madrid para descubrir el futuro de la seguridad?<\/strong><\/p>\n\n\n\n<p><\/p>\n","protected":false},"excerpt":{"rendered":"<p>Jornadas Municipales sobre Cat\u00e1strofes en Madrid: evento imperdible para profesionales y empresas del sector de la seguridad<\/p>\n","protected":false},"author":12,"featured_media":42890,"comment_status":"closed","ping_status":"closed","sticky":false,"template":"","format":"standard","meta":{"footnotes":""},"categories":[239],"tags":[],"class_list":["post-42947","post","type-post","status-publish","format-standard","has-post-thumbnail","hentry","category-comunidad"],"yoast_head":"<!-- This site is optimized with the Yoast SEO plugin v27.4 - https:\/\/yoast.com\/product\/yoast-seo-wordpress\/ -->\n<title>Jornadas Municipales sobre Cat\u00e1strofes - Stem Ems<\/title>\n<meta name=\"description\" content=\"Jornadas Municipales sobre Cat\u00e1strofes en Madrid: evento imperdible para profesionales y empresas del sector de la seguridad\" \/>\n<meta name=\"robots\" content=\"index, follow, max-snippet:-1, max-image-preview:large, max-video-preview:-1\" \/>\n<link rel=\"canonical\" href=\"https:\/\/www.stem.it\/es\/comunidad\/jornadas-municipales-sobre-catastrofes\/\" \/>\n<meta property=\"og:locale\" content=\"es_ES\" \/>\n<meta property=\"og:type\" content=\"article\" \/>\n<meta property=\"og:title\" content=\"Jornadas Municipales sobre Cat\u00e1strofes - Stem Ems\" \/>\n<meta property=\"og:description\" content=\"Jornadas Municipales sobre Cat\u00e1strofes en Madrid: evento imperdible para profesionales y empresas del sector de la seguridad\" \/>\n<meta property=\"og:url\" content=\"https:\/\/www.stem.it\/es\/comunidad\/jornadas-municipales-sobre-catastrofes\/\" \/>\n<meta property=\"og:site_name\" content=\"Stem Ems\" \/>\n<meta property=\"article:publisher\" content=\"https:\/\/www.facebook.com\/stememsemergencymedicalsystems\/\" \/>\n<meta property=\"article:published_time\" content=\"2024-10-16T06:00:10+00:00\" \/>\n<meta property=\"article:modified_time\" content=\"2024-10-16T07:47:22+00:00\" \/>\n<meta property=\"og:image\" content=\"https:\/\/www.stem.it\/wp-content\/uploads\/2024\/10\/Giornata-municiaple-delle-catastrofi-SPAGNA-THE-EMS-BLOG-833x321-01.jpg\" \/>\n\t<meta property=\"og:image:width\" content=\"834\" \/>\n\t<meta property=\"og:image:height\" content=\"322\" \/>\n\t<meta property=\"og:image:type\" content=\"image\/jpeg\" \/>\n<meta name=\"author\" content=\"webmarketing\" \/>\n<meta name=\"twitter:card\" content=\"summary_large_image\" \/>\n<meta name=\"twitter:label1\" content=\"Escrito por\" \/>\n\t<meta name=\"twitter:data1\" content=\"webmarketing\" \/>\n\t<meta name=\"twitter:label2\" content=\"Tiempo de lectura\" \/>\n\t<meta name=\"twitter:data2\" content=\"10 minutos\" \/>\n<script type=\"application\/ld+json\" class=\"yoast-schema-graph\">{\"@context\":\"https:\\\/\\\/schema.org\",\"@graph\":[{\"@type\":\"Article\",\"@id\":\"https:\\\/\\\/www.stem.it\\\/es\\\/comunidad\\\/jornadas-municipales-sobre-catastrofes\\\/#article\",\"isPartOf\":{\"@id\":\"https:\\\/\\\/www.stem.it\\\/es\\\/comunidad\\\/jornadas-municipales-sobre-catastrofes\\\/\"},\"author\":{\"name\":\"webmarketing\",\"@id\":\"https:\\\/\\\/www.stem.it\\\/es\\\/#\\\/schema\\\/person\\\/54405616b318f734b7a507fd4a0a5476\"},\"headline\":\"Jornadas Municipales sobre Cat\u00e1strofes\",\"datePublished\":\"2024-10-16T06:00:10+00:00\",\"dateModified\":\"2024-10-16T07:47:22+00:00\",\"mainEntityOfPage\":{\"@id\":\"https:\\\/\\\/www.stem.it\\\/es\\\/comunidad\\\/jornadas-municipales-sobre-catastrofes\\\/\"},\"wordCount\":1772,\"image\":{\"@id\":\"https:\\\/\\\/www.stem.it\\\/es\\\/comunidad\\\/jornadas-municipales-sobre-catastrofes\\\/#primaryimage\"},\"thumbnailUrl\":\"https:\\\/\\\/www.stem.it\\\/wp-content\\\/uploads\\\/2024\\\/10\\\/Giornata-municiaple-delle-catastrofi-SPAGNA-THE-EMS-BLOG-833x321-01.jpg\",\"articleSection\":[\"Comunidad\"],\"inLanguage\":\"es\"},{\"@type\":\"WebPage\",\"@id\":\"https:\\\/\\\/www.stem.it\\\/es\\\/comunidad\\\/jornadas-municipales-sobre-catastrofes\\\/\",\"url\":\"https:\\\/\\\/www.stem.it\\\/es\\\/comunidad\\\/jornadas-municipales-sobre-catastrofes\\\/\",\"name\":\"Jornadas Municipales sobre Cat\u00e1strofes - Stem Ems\",\"isPartOf\":{\"@id\":\"https:\\\/\\\/www.stem.it\\\/es\\\/#website\"},\"primaryImageOfPage\":{\"@id\":\"https:\\\/\\\/www.stem.it\\\/es\\\/comunidad\\\/jornadas-municipales-sobre-catastrofes\\\/#primaryimage\"},\"image\":{\"@id\":\"https:\\\/\\\/www.stem.it\\\/es\\\/comunidad\\\/jornadas-municipales-sobre-catastrofes\\\/#primaryimage\"},\"thumbnailUrl\":\"https:\\\/\\\/www.stem.it\\\/wp-content\\\/uploads\\\/2024\\\/10\\\/Giornata-municiaple-delle-catastrofi-SPAGNA-THE-EMS-BLOG-833x321-01.jpg\",\"datePublished\":\"2024-10-16T06:00:10+00:00\",\"dateModified\":\"2024-10-16T07:47:22+00:00\",\"author\":{\"@id\":\"https:\\\/\\\/www.stem.it\\\/es\\\/#\\\/schema\\\/person\\\/54405616b318f734b7a507fd4a0a5476\"},\"description\":\"Jornadas Municipales sobre Cat\u00e1strofes en Madrid: evento imperdible para profesionales y empresas del sector de la seguridad\",\"breadcrumb\":{\"@id\":\"https:\\\/\\\/www.stem.it\\\/es\\\/comunidad\\\/jornadas-municipales-sobre-catastrofes\\\/#breadcrumb\"},\"inLanguage\":\"es\",\"potentialAction\":[{\"@type\":\"ReadAction\",\"target\":[\"https:\\\/\\\/www.stem.it\\\/es\\\/comunidad\\\/jornadas-municipales-sobre-catastrofes\\\/\"]}]},{\"@type\":\"ImageObject\",\"inLanguage\":\"es\",\"@id\":\"https:\\\/\\\/www.stem.it\\\/es\\\/comunidad\\\/jornadas-municipales-sobre-catastrofes\\\/#primaryimage\",\"url\":\"https:\\\/\\\/www.stem.it\\\/wp-content\\\/uploads\\\/2024\\\/10\\\/Giornata-municiaple-delle-catastrofi-SPAGNA-THE-EMS-BLOG-833x321-01.jpg\",\"contentUrl\":\"https:\\\/\\\/www.stem.it\\\/wp-content\\\/uploads\\\/2024\\\/10\\\/Giornata-municiaple-delle-catastrofi-SPAGNA-THE-EMS-BLOG-833x321-01.jpg\",\"width\":834,\"height\":322,\"caption\":\"Jornadas-Municipales-sobre-Cat\u00e1strofes\"},{\"@type\":\"BreadcrumbList\",\"@id\":\"https:\\\/\\\/www.stem.it\\\/es\\\/comunidad\\\/jornadas-municipales-sobre-catastrofes\\\/#breadcrumb\",\"itemListElement\":[{\"@type\":\"ListItem\",\"position\":1,\"name\":\"Home\",\"item\":\"https:\\\/\\\/www.stem.it\\\/es\\\/\"},{\"@type\":\"ListItem\",\"position\":2,\"name\":\"Jornadas Municipales sobre Cat\u00e1strofes\"}]},{\"@type\":\"WebSite\",\"@id\":\"https:\\\/\\\/www.stem.it\\\/es\\\/#website\",\"url\":\"https:\\\/\\\/www.stem.it\\\/es\\\/\",\"name\":\"Stem Ems\",\"description\":\"Prodotti di alta qualit\u00e0 per lavoro ed emergenza\",\"potentialAction\":[{\"@type\":\"SearchAction\",\"target\":{\"@type\":\"EntryPoint\",\"urlTemplate\":\"https:\\\/\\\/www.stem.it\\\/es\\\/?s={search_term_string}\"},\"query-input\":{\"@type\":\"PropertyValueSpecification\",\"valueRequired\":true,\"valueName\":\"search_term_string\"}}],\"inLanguage\":\"es\"},{\"@type\":\"Person\",\"@id\":\"https:\\\/\\\/www.stem.it\\\/es\\\/#\\\/schema\\\/person\\\/54405616b318f734b7a507fd4a0a5476\",\"name\":\"webmarketing\",\"image\":{\"@type\":\"ImageObject\",\"inLanguage\":\"es\",\"@id\":\"https:\\\/\\\/secure.gravatar.com\\\/avatar\\\/55ca24ab9f1b5382f5e97702f12eb1e8c2a749b22d7e6a79ade1e1fffae1338f?s=96&d=mm&r=g\",\"url\":\"https:\\\/\\\/secure.gravatar.com\\\/avatar\\\/55ca24ab9f1b5382f5e97702f12eb1e8c2a749b22d7e6a79ade1e1fffae1338f?s=96&d=mm&r=g\",\"contentUrl\":\"https:\\\/\\\/secure.gravatar.com\\\/avatar\\\/55ca24ab9f1b5382f5e97702f12eb1e8c2a749b22d7e6a79ade1e1fffae1338f?s=96&d=mm&r=g\",\"caption\":\"webmarketing\"}}]}<\/script>\n<!-- \/ Yoast SEO plugin. -->","yoast_head_json":{"title":"Jornadas Municipales sobre Cat\u00e1strofes - Stem Ems","description":"Jornadas Municipales sobre Cat\u00e1strofes en Madrid: evento imperdible para profesionales y empresas del sector de la seguridad","robots":{"index":"index","follow":"follow","max-snippet":"max-snippet:-1","max-image-preview":"max-image-preview:large","max-video-preview":"max-video-preview:-1"},"canonical":"https:\/\/www.stem.it\/es\/comunidad\/jornadas-municipales-sobre-catastrofes\/","og_locale":"es_ES","og_type":"article","og_title":"Jornadas Municipales sobre Cat\u00e1strofes - Stem Ems","og_description":"Jornadas Municipales sobre Cat\u00e1strofes en Madrid: evento imperdible para profesionales y empresas del sector de la seguridad","og_url":"https:\/\/www.stem.it\/es\/comunidad\/jornadas-municipales-sobre-catastrofes\/","og_site_name":"Stem Ems","article_publisher":"https:\/\/www.facebook.com\/stememsemergencymedicalsystems\/","article_published_time":"2024-10-16T06:00:10+00:00","article_modified_time":"2024-10-16T07:47:22+00:00","og_image":[{"width":834,"height":322,"url":"https:\/\/www.stem.it\/wp-content\/uploads\/2024\/10\/Giornata-municiaple-delle-catastrofi-SPAGNA-THE-EMS-BLOG-833x321-01.jpg","type":"image\/jpeg"}],"author":"webmarketing","twitter_card":"summary_large_image","twitter_misc":{"Escrito por":"webmarketing","Tiempo de lectura":"10 minutos"},"schema":{"@context":"https:\/\/schema.org","@graph":[{"@type":"Article","@id":"https:\/\/www.stem.it\/es\/comunidad\/jornadas-municipales-sobre-catastrofes\/#article","isPartOf":{"@id":"https:\/\/www.stem.it\/es\/comunidad\/jornadas-municipales-sobre-catastrofes\/"},"author":{"name":"webmarketing","@id":"https:\/\/www.stem.it\/es\/#\/schema\/person\/54405616b318f734b7a507fd4a0a5476"},"headline":"Jornadas Municipales sobre Cat\u00e1strofes","datePublished":"2024-10-16T06:00:10+00:00","dateModified":"2024-10-16T07:47:22+00:00","mainEntityOfPage":{"@id":"https:\/\/www.stem.it\/es\/comunidad\/jornadas-municipales-sobre-catastrofes\/"},"wordCount":1772,"image":{"@id":"https:\/\/www.stem.it\/es\/comunidad\/jornadas-municipales-sobre-catastrofes\/#primaryimage"},"thumbnailUrl":"https:\/\/www.stem.it\/wp-content\/uploads\/2024\/10\/Giornata-municiaple-delle-catastrofi-SPAGNA-THE-EMS-BLOG-833x321-01.jpg","articleSection":["Comunidad"],"inLanguage":"es"},{"@type":"WebPage","@id":"https:\/\/www.stem.it\/es\/comunidad\/jornadas-municipales-sobre-catastrofes\/","url":"https:\/\/www.stem.it\/es\/comunidad\/jornadas-municipales-sobre-catastrofes\/","name":"Jornadas Municipales sobre Cat\u00e1strofes - Stem Ems","isPartOf":{"@id":"https:\/\/www.stem.it\/es\/#website"},"primaryImageOfPage":{"@id":"https:\/\/www.stem.it\/es\/comunidad\/jornadas-municipales-sobre-catastrofes\/#primaryimage"},"image":{"@id":"https:\/\/www.stem.it\/es\/comunidad\/jornadas-municipales-sobre-catastrofes\/#primaryimage"},"thumbnailUrl":"https:\/\/www.stem.it\/wp-content\/uploads\/2024\/10\/Giornata-municiaple-delle-catastrofi-SPAGNA-THE-EMS-BLOG-833x321-01.jpg","datePublished":"2024-10-16T06:00:10+00:00","dateModified":"2024-10-16T07:47:22+00:00","author":{"@id":"https:\/\/www.stem.it\/es\/#\/schema\/person\/54405616b318f734b7a507fd4a0a5476"},"description":"Jornadas Municipales sobre Cat\u00e1strofes en Madrid: evento imperdible para profesionales y empresas del sector de la seguridad","breadcrumb":{"@id":"https:\/\/www.stem.it\/es\/comunidad\/jornadas-municipales-sobre-catastrofes\/#breadcrumb"},"inLanguage":"es","potentialAction":[{"@type":"ReadAction","target":["https:\/\/www.stem.it\/es\/comunidad\/jornadas-municipales-sobre-catastrofes\/"]}]},{"@type":"ImageObject","inLanguage":"es","@id":"https:\/\/www.stem.it\/es\/comunidad\/jornadas-municipales-sobre-catastrofes\/#primaryimage","url":"https:\/\/www.stem.it\/wp-content\/uploads\/2024\/10\/Giornata-municiaple-delle-catastrofi-SPAGNA-THE-EMS-BLOG-833x321-01.jpg","contentUrl":"https:\/\/www.stem.it\/wp-content\/uploads\/2024\/10\/Giornata-municiaple-delle-catastrofi-SPAGNA-THE-EMS-BLOG-833x321-01.jpg","width":834,"height":322,"caption":"Jornadas-Municipales-sobre-Cat\u00e1strofes"},{"@type":"BreadcrumbList","@id":"https:\/\/www.stem.it\/es\/comunidad\/jornadas-municipales-sobre-catastrofes\/#breadcrumb","itemListElement":[{"@type":"ListItem","position":1,"name":"Home","item":"https:\/\/www.stem.it\/es\/"},{"@type":"ListItem","position":2,"name":"Jornadas Municipales sobre Cat\u00e1strofes"}]},{"@type":"WebSite","@id":"https:\/\/www.stem.it\/es\/#website","url":"https:\/\/www.stem.it\/es\/","name":"Stem Ems","description":"Prodotti di alta qualit\u00e0 per lavoro ed emergenza","potentialAction":[{"@type":"SearchAction","target":{"@type":"EntryPoint","urlTemplate":"https:\/\/www.stem.it\/es\/?s={search_term_string}"},"query-input":{"@type":"PropertyValueSpecification","valueRequired":true,"valueName":"search_term_string"}}],"inLanguage":"es"},{"@type":"Person","@id":"https:\/\/www.stem.it\/es\/#\/schema\/person\/54405616b318f734b7a507fd4a0a5476","name":"webmarketing","image":{"@type":"ImageObject","inLanguage":"es","@id":"https:\/\/secure.gravatar.com\/avatar\/55ca24ab9f1b5382f5e97702f12eb1e8c2a749b22d7e6a79ade1e1fffae1338f?s=96&d=mm&r=g","url":"https:\/\/secure.gravatar.com\/avatar\/55ca24ab9f1b5382f5e97702f12eb1e8c2a749b22d7e6a79ade1e1fffae1338f?s=96&d=mm&r=g","contentUrl":"https:\/\/secure.gravatar.com\/avatar\/55ca24ab9f1b5382f5e97702f12eb1e8c2a749b22d7e6a79ade1e1fffae1338f?s=96&d=mm&r=g","caption":"webmarketing"}}]}},"_links":{"self":[{"href":"https:\/\/www.stem.it\/es\/wp-json\/wp\/v2\/posts\/42947","targetHints":{"allow":["GET"]}}],"collection":[{"href":"https:\/\/www.stem.it\/es\/wp-json\/wp\/v2\/posts"}],"about":[{"href":"https:\/\/www.stem.it\/es\/wp-json\/wp\/v2\/types\/post"}],"author":[{"embeddable":true,"href":"https:\/\/www.stem.it\/es\/wp-json\/wp\/v2\/users\/12"}],"replies":[{"embeddable":true,"href":"https:\/\/www.stem.it\/es\/wp-json\/wp\/v2\/comments?post=42947"}],"version-history":[{"count":3,"href":"https:\/\/www.stem.it\/es\/wp-json\/wp\/v2\/posts\/42947\/revisions"}],"predecessor-version":[{"id":42950,"href":"https:\/\/www.stem.it\/es\/wp-json\/wp\/v2\/posts\/42947\/revisions\/42950"}],"wp:featuredmedia":[{"embeddable":true,"href":"https:\/\/www.stem.it\/es\/wp-json\/wp\/v2\/media\/42890"}],"wp:attachment":[{"href":"https:\/\/www.stem.it\/es\/wp-json\/wp\/v2\/media?parent=42947"}],"wp:term":[{"taxonomy":"category","embeddable":true,"href":"https:\/\/www.stem.it\/es\/wp-json\/wp\/v2\/categories?post=42947"},{"taxonomy":"post_tag","embeddable":true,"href":"https:\/\/www.stem.it\/es\/wp-json\/wp\/v2\/tags?post=42947"}],"curies":[{"name":"wp","href":"https:\/\/api.w.org\/{rel}","templated":true}]}}