{"id":34566,"date":"2023-03-06T14:55:22","date_gmt":"2023-03-06T13:55:22","guid":{"rendered":"https:\/\/www.stem.it\/?p=34566"},"modified":"2025-03-06T09:21:51","modified_gmt":"2025-03-06T08:21:51","slug":"vehiculo-electrico-en-el-transporte-sanitario","status":"publish","type":"post","link":"https:\/\/www.stem.it\/es\/normative\/vehiculo-electrico-en-el-transporte-sanitario\/","title":{"rendered":"Ambulancia el\u00e9ctrica: veh\u00edculos ecol\u00f3gicos al paso de la sostenibilidad"},"content":{"rendered":"\n<style type=\"text\/css\" data-created_by=\"avia_inline_auto\" id=\"style-css-av-lb6gu1ni-1cfcea52d9335053c2acdd5b6e5441d7\">\n.avia-image-container.av-lb6gu1ni-1cfcea52d9335053c2acdd5b6e5441d7 img.avia_image{\nbox-shadow:none;\n}\n.avia-image-container.av-lb6gu1ni-1cfcea52d9335053c2acdd5b6e5441d7 .av-image-caption-overlay-center{\ncolor:#ffffff;\n}\n<\/style>\n<div  class='avia-image-container av-lb6gu1ni-1cfcea52d9335053c2acdd5b6e5441d7 av-styling- avia-align-center  avia-builder-el-0  el_before_av_textblock  avia-builder-el-first '   itemprop=\"image\" itemscope=\"itemscope\" itemtype=\"https:\/\/schema.org\/ImageObject\" ><div class=\"avia-image-container-inner\"><div class=\"avia-image-overlay-wrap\"><img decoding=\"async\" fetchpriority=\"high\" class='wp-image-34573 avia-img-lazy-loading-not-34573 avia_image ' src=\"https:\/\/www.stem.it\/wp-content\/uploads\/2023\/02\/Ambulanza-Elettrica-THE-EMS-BLOG-833x321-1.jpg\" alt='veh\u00edculo el\u00e9ctrico en el transporte sanitario' title='veh\u00edculos el\u00e9ctricos en el transporte sanitario'  height=\"321\" width=\"833\"  itemprop=\"thumbnailUrl\" srcset=\"https:\/\/www.stem.it\/wp-content\/uploads\/2023\/02\/Ambulanza-Elettrica-THE-EMS-BLOG-833x321-1.jpg 833w, https:\/\/www.stem.it\/wp-content\/uploads\/2023\/02\/Ambulanza-Elettrica-THE-EMS-BLOG-833x321-1-300x116.jpg 300w, https:\/\/www.stem.it\/wp-content\/uploads\/2023\/02\/Ambulanza-Elettrica-THE-EMS-BLOG-833x321-1-768x296.jpg 768w, https:\/\/www.stem.it\/wp-content\/uploads\/2023\/02\/Ambulanza-Elettrica-THE-EMS-BLOG-833x321-1-705x272.jpg 705w\" sizes=\"(max-width: 833px) 100vw, 833px\" \/><\/div><\/div><\/div>\n<section  class='av_textblock_section av-lb0jywar-a43d0736784baba7d06cb2f2eec6caf5 '   itemscope=\"itemscope\" itemtype=\"https:\/\/schema.org\/BlogPosting\" itemprop=\"blogPost\" ><div class='avia_textblock'  itemprop=\"text\" ><h1><strong><u>Ambulancia el\u00e9ctrica: veh\u00edculo el\u00e9ctrico al paso de la sostenibilidad<\/u><\/strong><\/h1>\n<p>La introducci\u00f3n del <strong>veh\u00edculo el\u00e9ctrico<\/strong>\u00a0en el transporte sanitario ya se ha producido en varios Pa\u00edses, aunque todav\u00eda quedan algunas dudas en los usuarios finales. En cuanto a los est\u00e1ndares, las organizaciones europeas a\u00fan no est\u00e1n alineadas y no hay certezas con respecto a los veh\u00edculos especiales, como se puede ver en la norma <a href=\"https:\/\/en.wikipedia.org\/wiki\/CEN_1789\" target=\"_blank\" rel=\"noopener\">EN:1789<\/a>. De hecho, no hay referencias a <strong>ambulancias el\u00e9ctricas<\/strong> en el texto, a pesar de que ya ha habido demostraciones sobre el terreno en varios Pa\u00edses europeos.<\/p>\n<h3>\u00bfComo ser\u00e1n los veh\u00edculos?<\/h3>\n<p>Ser\u00e1n veh\u00edculos m\u00e1s ligeros, compactos y sostenibles, pero con un coste inicial m\u00e1s elevado. Quiz\u00e1s este tipo de ambulancia podr\u00eda no ser adecuado para todos los servicios, por ejemplo, las intervenciones de <strong>urgencia-emergencia<\/strong> (118). Para el <strong>transporte de larga distancia<\/strong>, por otro lado, hay muchos aspectos a tener en cuenta. En primer lugar, el horario de un servicio que necesariamente cambiar\u00e1 si se utiliza un veh\u00edculo el\u00e9ctrico.<\/p>\n<h3>\u00bfQue requiere la ambulancia el\u00e9ctrica?<\/h3>\n<p>La ambulancia el\u00e9ctrica tambi\u00e9n requiere una <strong>recarga de las bater\u00edas<\/strong>, acci\u00f3n que podr\u00eda aumentar el tiempo de viaje. Adem\u00e1s, el personal tiene que tener antes los conocimientos adecuados para el tipo de transporte que se debe realizar. Los operadores deben tener en cuenta la ubicaci\u00f3n de las estaciones de carga para evitar imprevistos. En particular, el conductor de emergencia debe tener algunas precauciones en el estilo de conducci\u00f3n; la duraci\u00f3n de la carga de los veh\u00edculos el\u00e9ctricos var\u00eda seg\u00fan las condiciones de la v\u00eda y el tipo de veh\u00edculo y sobre todo la velocidad. En definitiva, es necesario aprender nuevos h\u00e1bitos e implementar los conocimientos adquiridos con pr\u00e1cticas <a href=\"https:\/\/es.wikipedia.org\/wiki\/Ad_hoc\" target=\"_blank\" rel=\"noopener\"><em>ad hoc<\/em><\/a>.<\/p>\n<p>Veamos algunos casos de ambulancias el\u00e9ctricas en Europa y m\u00e1s all\u00e1.<\/p>\n<h2><strong><u>Veh\u00edculo el\u00e9ctrico en el Reino Unido: el caso del NHS<\/u><\/strong><\/h2>\n<p>El Servicio de Salud Brit\u00e1nico (<a href=\"https:\/\/www.nhs.uk\/\" target=\"_blank\" rel=\"noopener\">NHS<\/a>) ha lanzado una nueva flota de veh\u00edculos el\u00e9ctricos que atender\u00e1n el apoyo a la salud mental. Se habla de <a href=\"https:\/\/electrek.co\/2022\/08\/31\/england-investing-ev-ambulance-fleet-dedicated-mental-health-crises\/\" target=\"_blank\" rel=\"noopener\">21 ambulancias EV de cero emisiones<\/a>. Ya en <a href=\"https:\/\/www.electrive.com\/2021\/08\/09\/nhs-procures-fleet-of-electric-ambulances\/\" target=\"_blank\" rel=\"noopener\">2021<\/a> el NHS ten\u00eda un proyecto destinado a la compra de veh\u00edculos totalmente el\u00e9ctricos. La idea era la de un plan ambientalmente sostenible, que habr\u00eda creado m\u00e1s de 100 puestos de trabajo. Los veh\u00edculos en los que ha invertido la administraci\u00f3n son livianos y f\u00e1ciles de usar para voluntarios y param\u00e9dicos, adem\u00e1s de estar equipados con tecnolog\u00eda avanzada. La adopci\u00f3n de ambulancias verdes contribuye a la consecuci\u00f3n del objetivo marcado por el gobierno brit\u00e1nico: a partir de 2040 solo habr\u00e1 veh\u00edculos de cero emisiones activos en el servicio de salud brit\u00e1nico (NHS).<\/p>\n<h2><strong><u>Veh\u00edculo el\u00e9ctrico en Europa: el caso de Profile<\/u><\/strong><\/h2>\n<p><a href=\"https:\/\/profilevehicles.com\/es\/\" target=\"_blank\" rel=\"noopener\">Profile Vehicles<\/a> tambi\u00e9n trabaja en la lucha contra la contaminaci\u00f3n con su versi\u00f3n el\u00e9ctrica de un veh\u00edculo para el<strong> transporte de pacientes<\/strong>. Desde la primavera de 2022, <a href=\"https:\/\/profilevehicles.com\/en\/eadvanz-in-europe\/\" target=\"_blank\" rel=\"noopener\">eAdvanz<\/a> ha realizado una gira de demostraci\u00f3n en varios Pa\u00edses europeos: Holanda, Dinamarca, Austria, Suiza, Suecia, Finlandia y Estonia fueron algunos de las etapas principales. El veh\u00edculo eAdvanz tuvo un \u00e9xito inmediato y la producci\u00f3n ya se activ\u00f3. De hecho, la primera ambulancia de Profile Vehicles ya se vendi\u00f3 en Suecia a Samariten Ambulan AB.<\/p>\n<p>El veh\u00edculo propuesto tiene una autonom\u00eda de unos 300 km (declarados). Si es necesario, se puede utilizar la opci\u00f3n de \u00ab<strong>carga r\u00e1pida<\/strong>\u00ab, gracias a la cual el veh\u00edculo puede volver a una autonom\u00eda de 100 km en tan solo 15 minutos.<\/p>\n<h3><strong><u>Veh\u00edculos el\u00e9ctricos en el transporte sanitario: las palabras de un conductor de ambulancia<\/u><\/strong><\/h3>\n<p>Simone Filippini, gerente de veh\u00edculos de la <a href=\"https:\/\/www.critreviglio.it\/\" target=\"_blank\" rel=\"noopener\"><strong>Cruz Roja de Treviglio<\/strong><\/a> (B\u00e9rgamo, Italia), cuenta a los editores de \u00abThe Ems Blog\u00bb su punto de vista sobre los veh\u00edculos el\u00e9ctricos para rescate.<\/p>\n<p>\u201cYo ver\u00eda perfecto el uso de ambulancias el\u00e9ctricas para traslados secundarios, pero no para servicio de emergencia. Recordemos que los rangos declarados se refieren a un uso casi constante en t\u00e9rminos de velocidad\u00bb. A confirmci\u00f3n de la dificultad de introducir ambulancias el\u00e9ctricas en el servicio 118 est\u00e1 la preocupaci\u00f3n de los socorristas de que las ambulancias el\u00e9ctricas no son eficientes en caso de estr\u00e9s. Simone, por su parte, encuentra \u201cperfecto el uso de un veh\u00edculo el\u00e9ctrico en <strong>servicios secundarios<\/strong>, donde ya se sabe con antelaci\u00f3n la distancia en km y sobre todo tiene el tiempo disponible para recargar el veh\u00edculo, ya que se trata de servicios con reserva \u00bb .<\/p>\n<p>Tambi\u00e9n Stem ofrece soluciones para ambulancias el\u00e9ctricas, descrubre los productos de Stem <a href=\"https:\/\/www.stem.it\/en\/about\/\" target=\"_blank\" rel=\"noopener\">AQU\u00cd<\/a>!<\/p>\n<h3><strong>Eliminaci\u00f3n de componentes el\u00e9ctricos<\/strong><\/h3>\n<p>Seg\u00fan un estudio publicado en <a href=\"https:\/\/www.sciencedirect.com\/science\/article\/pii\/S2666202721000161\" target=\"_blank\" rel=\"noopener\"><u>International Journal of Thermofluids<\/u><\/a>, en 2030 habr\u00e1 125 millones de veh\u00edculos el\u00e9ctricos en todo el mundo. En cuanto a las emisiones, son n\u00fameros que encienden rayos de esperanza. La posibilidad de combatir la contaminaci\u00f3n con la entrada de nuevas tecnolog\u00edas en la vida de cada vez m\u00e1s personas parece real. Pero la pregunta es: \u00bfestamos equipados para la eliminaci\u00f3n y posterior reciclaje de piezas el\u00e9ctricas? Algunos estudios reportan que de momento solo se recupera el 5% del <a href=\"https:\/\/es.wikipedia.org\/wiki\/Litio\" target=\"_blank\" rel=\"noopener\"><strong>litio<\/strong><\/a>. El riesgo de acumulaci\u00f3n de desechos nocivos es real. Para que este punto de inflexi\u00f3n sostenible se convierta en concreto, las tecnolog\u00edas de eliminaci\u00f3n de residuos deben dar un paso m\u00e1s. Si nos retrasamos en el reciclaje, todos los esfuerzos e inversiones anteriores habr\u00e1n sido en vano.<\/p>\n<h1><\/h1>\n<\/div><\/section>\n<div  class='flex_column av-17rdpc6-eb9e2c19e82028bf5332a512e993c4c7 av_one_fourth  avia-builder-el-2  el_after_av_textblock  el_before_av_one_half  first flex_column_div  column-top-margin'     ><\/div>\n<div  class='flex_column av-lb20wetr-6ca7985e78a1ff7ae3c2481af20877a0 av_one_half  avia-builder-el-3  el_after_av_one_fourth  el_before_av_one_fourth  flex_column_div avia-link-column av-column-link  column-top-margin'    data-link-column-url=\"https:\/\/www.stem.it\/es\/about\/\"   ><a class=\"av-screen-reader-only\" href=https:\/\/www.stem.it\/es\/about\/  title=\"Contactos\">Follow a manual added link<\/a><section  class='av_textblock_section av-lb20amh0-4d455967ea8ff2d15457d423e1901b88 '   itemscope=\"itemscope\" itemtype=\"https:\/\/schema.org\/BlogPosting\" itemprop=\"blogPost\" ><div class='avia_textblock'  itemprop=\"text\" ><h4 class=\"av_bottone av_bottone_verde\">Descubre Stem<\/h4>\n<\/div><\/section><\/div>\n<div  class='flex_column av-qk91d2-da1f50d6fc54bb6693e45820cc74a002 av_one_fourth  avia-builder-el-5  el_after_av_one_half  avia-builder-el-last  flex_column_div  column-top-margin'     ><\/div>\n","protected":false},"excerpt":{"rendered":"<p>La introducci\u00f3n de los veh\u00edculos el\u00e9ctricos en el transporte sanitario ya se ha producido en varios Pa\u00edses, aunque todav\u00eda quedan algunas dudas en los usuarios finales. En cuanto a los est\u00e1ndares, las organizaciones europeas a\u00fan no est\u00e1n alineadas y no hay certezas con respecto a los veh\u00edculos especiales, como se puede ver en la norma EN:1789. <\/p>\n","protected":false},"author":12,"featured_media":34573,"comment_status":"closed","ping_status":"closed","sticky":false,"template":"","format":"standard","meta":{"footnotes":""},"categories":[245,232,1,248,247,233],"tags":[],"class_list":["post-34566","post","type-post","status-publish","format-standard","has-post-thumbnail","hentry","category-emergency-tech","category-il-mondo-del-soccorso","category-normative","category-notfalltechnologien","category-technologies-pour-le-secourisme","category-tecnologie-per-lemergenza"],"yoast_head":"<!-- This site is optimized with the Yoast SEO plugin v27.4 - https:\/\/yoast.com\/product\/yoast-seo-wordpress\/ -->\n<title>Veh\u00edculo el\u00e9ctrico en el transporte sanitario - The Ems Blog<\/title>\n<meta name=\"description\" content=\"La introducci\u00f3n del veh\u00edculo el\u00e9ctrico en el transporte sanitario ha tenido lugar en varios pa\u00edses. \u00a1Descubre las ventajas y desventajas!\" \/>\n<meta name=\"robots\" content=\"index, follow, max-snippet:-1, max-image-preview:large, max-video-preview:-1\" \/>\n<link rel=\"canonical\" href=\"https:\/\/www.stem.it\/es\/normative\/vehiculo-electrico-en-el-transporte-sanitario\/\" \/>\n<meta property=\"og:locale\" content=\"es_ES\" \/>\n<meta property=\"og:type\" content=\"article\" \/>\n<meta property=\"og:title\" content=\"Veh\u00edculo el\u00e9ctrico en el transporte sanitario - The Ems Blog\" \/>\n<meta property=\"og:description\" content=\"La introducci\u00f3n del veh\u00edculo el\u00e9ctrico en el transporte sanitario ha tenido lugar en varios pa\u00edses. \u00a1Descubre las ventajas y desventajas!\" \/>\n<meta property=\"og:url\" content=\"https:\/\/www.stem.it\/es\/normative\/vehiculo-electrico-en-el-transporte-sanitario\/\" \/>\n<meta property=\"og:site_name\" content=\"Stem Ems\" \/>\n<meta property=\"article:publisher\" content=\"https:\/\/www.facebook.com\/stememsemergencymedicalsystems\/\" \/>\n<meta property=\"article:published_time\" content=\"2023-03-06T13:55:22+00:00\" \/>\n<meta property=\"article:modified_time\" content=\"2025-03-06T08:21:51+00:00\" \/>\n<meta property=\"og:image\" content=\"https:\/\/www.stem.it\/wp-content\/uploads\/2023\/02\/Ambulanza-Elettrica-THE-EMS-BLOG-833x321-1.jpg\" \/>\n\t<meta property=\"og:image:width\" content=\"833\" \/>\n\t<meta property=\"og:image:height\" content=\"321\" \/>\n\t<meta property=\"og:image:type\" content=\"image\/jpeg\" \/>\n<meta name=\"author\" content=\"webmarketing\" \/>\n<meta name=\"twitter:card\" content=\"summary_large_image\" \/>\n<meta name=\"twitter:label1\" content=\"Escrito por\" \/>\n\t<meta name=\"twitter:data1\" content=\"webmarketing\" \/>\n\t<meta name=\"twitter:label2\" content=\"Tiempo de lectura\" \/>\n\t<meta name=\"twitter:data2\" content=\"5 minutos\" \/>\n<script type=\"application\/ld+json\" class=\"yoast-schema-graph\">{\"@context\":\"https:\\\/\\\/schema.org\",\"@graph\":[{\"@type\":\"Article\",\"@id\":\"https:\\\/\\\/www.stem.it\\\/es\\\/normative\\\/vehiculo-electrico-en-el-transporte-sanitario\\\/#article\",\"isPartOf\":{\"@id\":\"https:\\\/\\\/www.stem.it\\\/es\\\/normative\\\/vehiculo-electrico-en-el-transporte-sanitario\\\/\"},\"author\":{\"name\":\"webmarketing\",\"@id\":\"https:\\\/\\\/www.stem.it\\\/es\\\/#\\\/schema\\\/person\\\/54405616b318f734b7a507fd4a0a5476\"},\"headline\":\"Ambulancia el\u00e9ctrica: veh\u00edculos ecol\u00f3gicos al paso de la sostenibilidad\",\"datePublished\":\"2023-03-06T13:55:22+00:00\",\"dateModified\":\"2025-03-06T08:21:51+00:00\",\"mainEntityOfPage\":{\"@id\":\"https:\\\/\\\/www.stem.it\\\/es\\\/normative\\\/vehiculo-electrico-en-el-transporte-sanitario\\\/\"},\"wordCount\":1889,\"image\":{\"@id\":\"https:\\\/\\\/www.stem.it\\\/es\\\/normative\\\/vehiculo-electrico-en-el-transporte-sanitario\\\/#primaryimage\"},\"thumbnailUrl\":\"https:\\\/\\\/www.stem.it\\\/wp-content\\\/uploads\\\/2023\\\/02\\\/Ambulanza-Elettrica-THE-EMS-BLOG-833x321-1.jpg\",\"articleSection\":[\"Emergency Tech\",\"Il mondo del soccorso\",\"Normative\",\"Notfalltechnologien\",\"Technologies pour le secourisme\",\"Tecnologie per l\u2019emergenza\"],\"inLanguage\":\"es\"},{\"@type\":\"WebPage\",\"@id\":\"https:\\\/\\\/www.stem.it\\\/es\\\/normative\\\/vehiculo-electrico-en-el-transporte-sanitario\\\/\",\"url\":\"https:\\\/\\\/www.stem.it\\\/es\\\/normative\\\/vehiculo-electrico-en-el-transporte-sanitario\\\/\",\"name\":\"Veh\u00edculo el\u00e9ctrico en el transporte sanitario - The Ems Blog\",\"isPartOf\":{\"@id\":\"https:\\\/\\\/www.stem.it\\\/es\\\/#website\"},\"primaryImageOfPage\":{\"@id\":\"https:\\\/\\\/www.stem.it\\\/es\\\/normative\\\/vehiculo-electrico-en-el-transporte-sanitario\\\/#primaryimage\"},\"image\":{\"@id\":\"https:\\\/\\\/www.stem.it\\\/es\\\/normative\\\/vehiculo-electrico-en-el-transporte-sanitario\\\/#primaryimage\"},\"thumbnailUrl\":\"https:\\\/\\\/www.stem.it\\\/wp-content\\\/uploads\\\/2023\\\/02\\\/Ambulanza-Elettrica-THE-EMS-BLOG-833x321-1.jpg\",\"datePublished\":\"2023-03-06T13:55:22+00:00\",\"dateModified\":\"2025-03-06T08:21:51+00:00\",\"author\":{\"@id\":\"https:\\\/\\\/www.stem.it\\\/es\\\/#\\\/schema\\\/person\\\/54405616b318f734b7a507fd4a0a5476\"},\"description\":\"La introducci\u00f3n del veh\u00edculo el\u00e9ctrico en el transporte sanitario ha tenido lugar en varios pa\u00edses. \u00a1Descubre las ventajas y desventajas!\",\"breadcrumb\":{\"@id\":\"https:\\\/\\\/www.stem.it\\\/es\\\/normative\\\/vehiculo-electrico-en-el-transporte-sanitario\\\/#breadcrumb\"},\"inLanguage\":\"es\",\"potentialAction\":[{\"@type\":\"ReadAction\",\"target\":[\"https:\\\/\\\/www.stem.it\\\/es\\\/normative\\\/vehiculo-electrico-en-el-transporte-sanitario\\\/\"]}]},{\"@type\":\"ImageObject\",\"inLanguage\":\"es\",\"@id\":\"https:\\\/\\\/www.stem.it\\\/es\\\/normative\\\/vehiculo-electrico-en-el-transporte-sanitario\\\/#primaryimage\",\"url\":\"https:\\\/\\\/www.stem.it\\\/wp-content\\\/uploads\\\/2023\\\/02\\\/Ambulanza-Elettrica-THE-EMS-BLOG-833x321-1.jpg\",\"contentUrl\":\"https:\\\/\\\/www.stem.it\\\/wp-content\\\/uploads\\\/2023\\\/02\\\/Ambulanza-Elettrica-THE-EMS-BLOG-833x321-1.jpg\",\"width\":833,\"height\":321,\"caption\":\"Ambulancia el\u00e9ctrica\"},{\"@type\":\"BreadcrumbList\",\"@id\":\"https:\\\/\\\/www.stem.it\\\/es\\\/normative\\\/vehiculo-electrico-en-el-transporte-sanitario\\\/#breadcrumb\",\"itemListElement\":[{\"@type\":\"ListItem\",\"position\":1,\"name\":\"Home\",\"item\":\"https:\\\/\\\/www.stem.it\\\/es\\\/\"},{\"@type\":\"ListItem\",\"position\":2,\"name\":\"Ambulancia el\u00e9ctrica: veh\u00edculos ecol\u00f3gicos al paso de la sostenibilidad\"}]},{\"@type\":\"WebSite\",\"@id\":\"https:\\\/\\\/www.stem.it\\\/es\\\/#website\",\"url\":\"https:\\\/\\\/www.stem.it\\\/es\\\/\",\"name\":\"Stem Ems\",\"description\":\"Prodotti di alta qualit\u00e0 per lavoro ed emergenza\",\"potentialAction\":[{\"@type\":\"SearchAction\",\"target\":{\"@type\":\"EntryPoint\",\"urlTemplate\":\"https:\\\/\\\/www.stem.it\\\/es\\\/?s={search_term_string}\"},\"query-input\":{\"@type\":\"PropertyValueSpecification\",\"valueRequired\":true,\"valueName\":\"search_term_string\"}}],\"inLanguage\":\"es\"},{\"@type\":\"Person\",\"@id\":\"https:\\\/\\\/www.stem.it\\\/es\\\/#\\\/schema\\\/person\\\/54405616b318f734b7a507fd4a0a5476\",\"name\":\"webmarketing\",\"image\":{\"@type\":\"ImageObject\",\"inLanguage\":\"es\",\"@id\":\"https:\\\/\\\/secure.gravatar.com\\\/avatar\\\/55ca24ab9f1b5382f5e97702f12eb1e8c2a749b22d7e6a79ade1e1fffae1338f?s=96&d=mm&r=g\",\"url\":\"https:\\\/\\\/secure.gravatar.com\\\/avatar\\\/55ca24ab9f1b5382f5e97702f12eb1e8c2a749b22d7e6a79ade1e1fffae1338f?s=96&d=mm&r=g\",\"contentUrl\":\"https:\\\/\\\/secure.gravatar.com\\\/avatar\\\/55ca24ab9f1b5382f5e97702f12eb1e8c2a749b22d7e6a79ade1e1fffae1338f?s=96&d=mm&r=g\",\"caption\":\"webmarketing\"}}]}<\/script>\n<!-- \/ Yoast SEO plugin. -->","yoast_head_json":{"title":"Veh\u00edculo el\u00e9ctrico en el transporte sanitario - The Ems Blog","description":"La introducci\u00f3n del veh\u00edculo el\u00e9ctrico en el transporte sanitario ha tenido lugar en varios pa\u00edses. \u00a1Descubre las ventajas y desventajas!","robots":{"index":"index","follow":"follow","max-snippet":"max-snippet:-1","max-image-preview":"max-image-preview:large","max-video-preview":"max-video-preview:-1"},"canonical":"https:\/\/www.stem.it\/es\/normative\/vehiculo-electrico-en-el-transporte-sanitario\/","og_locale":"es_ES","og_type":"article","og_title":"Veh\u00edculo el\u00e9ctrico en el transporte sanitario - The Ems Blog","og_description":"La introducci\u00f3n del veh\u00edculo el\u00e9ctrico en el transporte sanitario ha tenido lugar en varios pa\u00edses. \u00a1Descubre las ventajas y desventajas!","og_url":"https:\/\/www.stem.it\/es\/normative\/vehiculo-electrico-en-el-transporte-sanitario\/","og_site_name":"Stem Ems","article_publisher":"https:\/\/www.facebook.com\/stememsemergencymedicalsystems\/","article_published_time":"2023-03-06T13:55:22+00:00","article_modified_time":"2025-03-06T08:21:51+00:00","og_image":[{"width":833,"height":321,"url":"https:\/\/www.stem.it\/wp-content\/uploads\/2023\/02\/Ambulanza-Elettrica-THE-EMS-BLOG-833x321-1.jpg","type":"image\/jpeg"}],"author":"webmarketing","twitter_card":"summary_large_image","twitter_misc":{"Escrito por":"webmarketing","Tiempo de lectura":"5 minutos"},"schema":{"@context":"https:\/\/schema.org","@graph":[{"@type":"Article","@id":"https:\/\/www.stem.it\/es\/normative\/vehiculo-electrico-en-el-transporte-sanitario\/#article","isPartOf":{"@id":"https:\/\/www.stem.it\/es\/normative\/vehiculo-electrico-en-el-transporte-sanitario\/"},"author":{"name":"webmarketing","@id":"https:\/\/www.stem.it\/es\/#\/schema\/person\/54405616b318f734b7a507fd4a0a5476"},"headline":"Ambulancia el\u00e9ctrica: veh\u00edculos ecol\u00f3gicos al paso de la sostenibilidad","datePublished":"2023-03-06T13:55:22+00:00","dateModified":"2025-03-06T08:21:51+00:00","mainEntityOfPage":{"@id":"https:\/\/www.stem.it\/es\/normative\/vehiculo-electrico-en-el-transporte-sanitario\/"},"wordCount":1889,"image":{"@id":"https:\/\/www.stem.it\/es\/normative\/vehiculo-electrico-en-el-transporte-sanitario\/#primaryimage"},"thumbnailUrl":"https:\/\/www.stem.it\/wp-content\/uploads\/2023\/02\/Ambulanza-Elettrica-THE-EMS-BLOG-833x321-1.jpg","articleSection":["Emergency Tech","Il mondo del soccorso","Normative","Notfalltechnologien","Technologies pour le secourisme","Tecnologie per l\u2019emergenza"],"inLanguage":"es"},{"@type":"WebPage","@id":"https:\/\/www.stem.it\/es\/normative\/vehiculo-electrico-en-el-transporte-sanitario\/","url":"https:\/\/www.stem.it\/es\/normative\/vehiculo-electrico-en-el-transporte-sanitario\/","name":"Veh\u00edculo el\u00e9ctrico en el transporte sanitario - The Ems Blog","isPartOf":{"@id":"https:\/\/www.stem.it\/es\/#website"},"primaryImageOfPage":{"@id":"https:\/\/www.stem.it\/es\/normative\/vehiculo-electrico-en-el-transporte-sanitario\/#primaryimage"},"image":{"@id":"https:\/\/www.stem.it\/es\/normative\/vehiculo-electrico-en-el-transporte-sanitario\/#primaryimage"},"thumbnailUrl":"https:\/\/www.stem.it\/wp-content\/uploads\/2023\/02\/Ambulanza-Elettrica-THE-EMS-BLOG-833x321-1.jpg","datePublished":"2023-03-06T13:55:22+00:00","dateModified":"2025-03-06T08:21:51+00:00","author":{"@id":"https:\/\/www.stem.it\/es\/#\/schema\/person\/54405616b318f734b7a507fd4a0a5476"},"description":"La introducci\u00f3n del veh\u00edculo el\u00e9ctrico en el transporte sanitario ha tenido lugar en varios pa\u00edses. \u00a1Descubre las ventajas y desventajas!","breadcrumb":{"@id":"https:\/\/www.stem.it\/es\/normative\/vehiculo-electrico-en-el-transporte-sanitario\/#breadcrumb"},"inLanguage":"es","potentialAction":[{"@type":"ReadAction","target":["https:\/\/www.stem.it\/es\/normative\/vehiculo-electrico-en-el-transporte-sanitario\/"]}]},{"@type":"ImageObject","inLanguage":"es","@id":"https:\/\/www.stem.it\/es\/normative\/vehiculo-electrico-en-el-transporte-sanitario\/#primaryimage","url":"https:\/\/www.stem.it\/wp-content\/uploads\/2023\/02\/Ambulanza-Elettrica-THE-EMS-BLOG-833x321-1.jpg","contentUrl":"https:\/\/www.stem.it\/wp-content\/uploads\/2023\/02\/Ambulanza-Elettrica-THE-EMS-BLOG-833x321-1.jpg","width":833,"height":321,"caption":"Ambulancia el\u00e9ctrica"},{"@type":"BreadcrumbList","@id":"https:\/\/www.stem.it\/es\/normative\/vehiculo-electrico-en-el-transporte-sanitario\/#breadcrumb","itemListElement":[{"@type":"ListItem","position":1,"name":"Home","item":"https:\/\/www.stem.it\/es\/"},{"@type":"ListItem","position":2,"name":"Ambulancia el\u00e9ctrica: veh\u00edculos ecol\u00f3gicos al paso de la sostenibilidad"}]},{"@type":"WebSite","@id":"https:\/\/www.stem.it\/es\/#website","url":"https:\/\/www.stem.it\/es\/","name":"Stem Ems","description":"Prodotti di alta qualit\u00e0 per lavoro ed emergenza","potentialAction":[{"@type":"SearchAction","target":{"@type":"EntryPoint","urlTemplate":"https:\/\/www.stem.it\/es\/?s={search_term_string}"},"query-input":{"@type":"PropertyValueSpecification","valueRequired":true,"valueName":"search_term_string"}}],"inLanguage":"es"},{"@type":"Person","@id":"https:\/\/www.stem.it\/es\/#\/schema\/person\/54405616b318f734b7a507fd4a0a5476","name":"webmarketing","image":{"@type":"ImageObject","inLanguage":"es","@id":"https:\/\/secure.gravatar.com\/avatar\/55ca24ab9f1b5382f5e97702f12eb1e8c2a749b22d7e6a79ade1e1fffae1338f?s=96&d=mm&r=g","url":"https:\/\/secure.gravatar.com\/avatar\/55ca24ab9f1b5382f5e97702f12eb1e8c2a749b22d7e6a79ade1e1fffae1338f?s=96&d=mm&r=g","contentUrl":"https:\/\/secure.gravatar.com\/avatar\/55ca24ab9f1b5382f5e97702f12eb1e8c2a749b22d7e6a79ade1e1fffae1338f?s=96&d=mm&r=g","caption":"webmarketing"}}]}},"_links":{"self":[{"href":"https:\/\/www.stem.it\/es\/wp-json\/wp\/v2\/posts\/34566","targetHints":{"allow":["GET"]}}],"collection":[{"href":"https:\/\/www.stem.it\/es\/wp-json\/wp\/v2\/posts"}],"about":[{"href":"https:\/\/www.stem.it\/es\/wp-json\/wp\/v2\/types\/post"}],"author":[{"embeddable":true,"href":"https:\/\/www.stem.it\/es\/wp-json\/wp\/v2\/users\/12"}],"replies":[{"embeddable":true,"href":"https:\/\/www.stem.it\/es\/wp-json\/wp\/v2\/comments?post=34566"}],"version-history":[{"count":3,"href":"https:\/\/www.stem.it\/es\/wp-json\/wp\/v2\/posts\/34566\/revisions"}],"predecessor-version":[{"id":46170,"href":"https:\/\/www.stem.it\/es\/wp-json\/wp\/v2\/posts\/34566\/revisions\/46170"}],"wp:featuredmedia":[{"embeddable":true,"href":"https:\/\/www.stem.it\/es\/wp-json\/wp\/v2\/media\/34573"}],"wp:attachment":[{"href":"https:\/\/www.stem.it\/es\/wp-json\/wp\/v2\/media?parent=34566"}],"wp:term":[{"taxonomy":"category","embeddable":true,"href":"https:\/\/www.stem.it\/es\/wp-json\/wp\/v2\/categories?post=34566"},{"taxonomy":"post_tag","embeddable":true,"href":"https:\/\/www.stem.it\/es\/wp-json\/wp\/v2\/tags?post=34566"}],"curies":[{"name":"wp","href":"https:\/\/api.w.org\/{rel}","templated":true}]}}