{"id":31338,"date":"2022-08-24T15:14:22","date_gmt":"2022-08-24T13:14:22","guid":{"rendered":"https:\/\/www.stem.it\/?p=31338"},"modified":"2025-03-05T08:38:08","modified_gmt":"2025-03-05T07:38:08","slug":"evaluacion-de-riesgos-vibracion-en-ambulancia-the-ems-blog","status":"publish","type":"post","link":"https:\/\/www.stem.it\/es\/normativas\/evaluacion-de-riesgos-vibracion-en-ambulancia-the-ems-blog\/","title":{"rendered":"Riesgo de vibraciones en la ambulancia. C\u00f3mo reducir los da\u00f1os secundarios de transporte"},"content":{"rendered":"<section  class='av_textblock_section av-m7ueio7l-99892c8681d4fbbba90f0d97e859f38b '   itemscope=\"itemscope\" itemtype=\"https:\/\/schema.org\/BlogPosting\" itemprop=\"blogPost\" ><div class='avia_textblock'  itemprop=\"text\" ><p>Uno de los temas m\u00e1s complejos y a la vez menos tratados durante los cursos de formaci\u00f3n de socorristas es sin duda el de <strong>los da\u00f1os secundarios de transporte y evaluaci\u00f3n de riesgos.<\/strong> Es decir, todas las alteraciones y modificaciones del cuadro cl\u00ednico de un paciente tras el traslado de la persona asistida. Desde el lugar del accidente\/enfermedad al hospital competente. Vemos el estado actual de las normativas y directrices. Tambi\u00e9n exploramos datos significativos sobre el riesgo de vibraciones y qu\u00e9 soluciones se pueden adoptar.<\/p>\n<h2>Las disposiciones vigentes para el transporte de personas politraumatizadas &#8211; evaluaci\u00f3n de riesgos<\/h2>\n<p>Todos los <strong>manuales de preparaci\u00f3n para el rescate territorial extrahospitalario<\/strong> se centran principalmente en el <strong>\u00abtratamiento\u00bb del paciente. <\/strong>Ya que padezca alguna patolog\u00eda o est\u00e9 involucrado en un evento traum\u00e1tico. Desinteres\u00e1ndose casi por completo de los eventos posteriores a la carga de las v\u00edctima en la ambulancia. Por eso se debe hacer evaluaci\u00f3n de riesgos antes de transportar al paciente.<\/p>\n<h3>\u00bfY son detallados?<\/h3>\n<p>En particular, los cap\u00edtulos relativos a los pacientes politraumatizados son bastante detallados en la definici\u00f3n de los dispositivos que se deben proporcionar. Asimismo las maniobras permitidas y las que se deben evitar absolutamente para prevenir y\/o contener en la medida de lo posible los posibles da\u00f1os a cargo de la columna cervical. Los rescatistas est\u00e1n obligados al uso correcto y escrupuloso de los dispositivos de inmovilizaci\u00f3n (collar\u00edn cervical, tabla espinal, dispositivo de extracci\u00f3n r\u00e1pida K.E.D. etc). Y se recomienda que cada maniobra de movilizaci\u00f3n incluya \u00fanicamente movimientos a lo largo del eje de rotaci\u00f3n de la columna. Precisamente para evitar el riesgo de compromiso espinal en caso de lesi\u00f3n vertebral.<\/p>\n<h3>\u00bfExisten indicaciones precisas sobre la gesti\u00f3n del transporte de pacientes?<\/h3>\n<p>Contrariamente a lo que cabr\u00eda esperar, la gu\u00eda no proporciona indicaciones igualmente precisas sobre <strong>la gesti\u00f3n del transporte de pacientes en ambulancia. <\/strong>Como si esta delicada fase del rescate estuviera completamente exenta de riesgos. De hecho, los dos principales m\u00e9todos de rescate reconocidos mundialmente para el abordaje y tratamiento del paciente traumatizado, el protocolo <strong>Prehospital Trauma Care (PTC) y el <a href=\"https:\/\/es.wikipedia.org\/wiki\/Apoyo_Vital_Avanzado_en_Trauma\" target=\"_blank\" rel=\"noopener\">Advanced Trauma Life Support (ATLS).<\/a><\/strong> Estos solo abordan marginalmente el tema de las <strong>patolog\u00edas secundarias de transporte<\/strong>.<\/p>\n<p>Sin embargo, las estad\u00edsticas hablan por s\u00ed solas e invitan a prestar m\u00e1s atenci\u00f3n al tema. Un porcentaje variable entre el 3 y el 25% de los pacientes politraumatizados presentan da\u00f1o medular. Surgido o generado durante el transporte (en ambulancia) o el tratamiento prehospitalario.<\/p>\n<h2>Riesgo de vibraciones: algunos datos y evaluaci\u00f3n de riesgos<\/h2>\n<p>Durante el transporte en ambulancia, el paciente est\u00e1 expuesto a m\u00faltiples factores como el ruido, la temperatura y sobre todo las <strong>vibraciones<\/strong> generadas por <strong>la continua aceleraci\u00f3n y frenado.<\/strong> As\u00ed como la <strong>superaci\u00f3n de<\/strong> <strong>baches o caminos con superficies irregulares<\/strong>. Cada uno de estos afecta el cuerpo humano de manera diferente.<\/p>\n<p>En la <strong>Ley Refundida de Seguridad y Salud en el trabajo<\/strong>, Decreto Legislativo 81\/2008 (T\u00edtulo VIII), <strong>las vibraciones mec\u00e1nicas<\/strong> se consideran un agente de riesgo f\u00edsico para la salud. Y tambi\u00e9n seguridad de los trabajadores, en el caso espec\u00edfico de las personas transportadas. En particular, se definen valores <strong>l\u00edmite de exposici\u00f3n a vibraciones<\/strong> para un per\u00edodo de referencia de ocho horas.<\/p>\n<h3>El estudio de la ARES 118 de Viterbo<\/h3>\n<p>En un valioso <strong>estudio<sup>1<\/sup> realizado en las ambulancias de la <a href=\"https:\/\/www.ares118.it\/index\" target=\"_blank\" rel=\"noopener\">ARES (Agencia Regional de Emergencias Sanitarias) 118 de Viterbo.<\/a><\/strong> Se detectaron los niveles de exposici\u00f3n a ruido y vibraciones tanto de los rescatistas como de las personas transportadas. En cuanto a los valores de los sujetos transportados, los resultados mostraron altos niveles de aceleraci\u00f3n. En el caso de los desplazamientos por carreteras urbanas con dispositivos ac\u00fasticos y lum\u00ednicos activos, se super\u00f3 el valor l\u00edmite de exposici\u00f3n de corta duraci\u00f3n previsto para los trabajadores por <a href=\"https:\/\/it.scribd.com\/document\/319980792\/DECRETO-LEGISLATIVO-81\" target=\"_blank\" rel=\"noopener\">el Decreto Legislativo 81\/2008<\/a>.<br \/>\nEl cuerpo humano es el m\u00e1s afectado por las frecuencias bajas entre 2 y 20 Hz. Los efectos var\u00edan seg\u00fan los \u00f3rganos involucrados: la siguiente tabla muestra las frecuencias de resonancia de diferentes \u00f3rganos y sistemas y los s\u00edntomas asociados.<\/p>\n<figure class=\"wp-block-image size-full\"><img loading=\"lazy\" decoding=\"async\" class=\"alignnone wp-image-31339\" src=\"https:\/\/www.stem.it\/wp-content\/uploads\/2022\/08\/tabella-trasporti-sensibili-es.jpg\" alt=\"evaluaci\u00f3n-de-riesgos-frecuencias-resonantes-con-\u00f3rganos-sistemas-afectados-y-s\u00edntomas-asociados\" width=\"800\" height=\"308\" srcset=\"https:\/\/www.stem.it\/wp-content\/uploads\/2022\/08\/tabella-trasporti-sensibili-es.jpg 800w, https:\/\/www.stem.it\/wp-content\/uploads\/2022\/08\/tabella-trasporti-sensibili-es-300x116.jpg 300w, https:\/\/www.stem.it\/wp-content\/uploads\/2022\/08\/tabella-trasporti-sensibili-es-768x296.jpg 768w, https:\/\/www.stem.it\/wp-content\/uploads\/2022\/08\/tabella-trasporti-sensibili-es-705x271.jpg 705w\" sizes=\"auto, (max-width: 800px) 100vw, 800px\" \/><\/figure>\n<p>Las vibraciones, por tanto, afectan a las funciones vitales y provocan cambios fisiol\u00f3gicos que pueden agravar el estado cl\u00ednico del paciente transportado.<br \/>\nEl estudio destaca <strong>la necesidad y la importancia de disponer en las ambulancias de dispositivos capaces de atenuar las vibraciones transmitidas al paciente.<\/strong> Principales culpables de los da\u00f1os secundarios de transporte de los que habl\u00e1bamos en la primera parte del art\u00edculo.<\/p>\n<h2>Patolog\u00edas de transporte: el abordaje desde el que partir<\/h2>\n<p>Un concepto interesante desde el que empezar a abordar el tema desde un \u00e1ngulo diferente al que se ha hecho hasta ahora lo podemos encontrar en <strong>las directrices de la <a href=\"https:\/\/es.wikipedia.org\/wiki\/HEMS\" target=\"_blank\" rel=\"noopener\">HEMS Association<\/a><\/strong> (Helicopter Emergency Medical Service) de 2014. Y son relativas al uso de <strong>dispositivos de inmobilizaci\u00f3n<\/strong>. El documento establece que las t\u00e9cnicas de inmovilizaci\u00f3n no constituyen una terapia, sino una pr\u00e1ctica precautoria encaminada a evitar los llamados \u00abPatolog\u00edas de transporte\u00bb. Adem\u00e1s, este principio va acompa\u00f1ado de la idea de que el rescate extrahospitalario es un proceso que empieza en el momento de la llamada de emergencia y finaliza con la toma del paciente por parte del personal sanitario de la estructura hospitalaria competente. Entonces los fundamentos pueden ser establecido para una <strong>conciencia esencial para minimizar los efectos del transporte en ambulancia<\/strong>.<\/p>\n<h3>La gesti\u00f3n de riesgo conduciendo &#8211; evaluaci\u00f3n de riesgos<\/h3>\n<p>Lo que hay que destacar es que el estilo de conducci\u00f3n, as\u00ed como el tipo de veh\u00edculo con el que se realiza el transporte, son factores importantes, pero no determinantes en la gesti\u00f3n del riesgo. En otras palabras, incluso la conducci\u00f3n cuidadosa en un veh\u00edculo equipado con un confort moderado puede no ser suficiente para mitigar los efectos del transporte sobre las condiciones de salud del paciente. No solo eso, las patolog\u00edas de transporte, no solo afectan a los pacientes que han sufrido un traumatismo, sino tambi\u00e9n a todos los afectados por otras patolog\u00edas.<\/p>\n<h2>Soluciones tecnol\u00f3gicas ad hoc contra lo da\u00f1os de transporte<\/h2>\n<p>A lo largo de los a\u00f1os, han aparecido en el mercado diferentes soluciones capaces de abordar los problemas que hemos comentado. Que han sido reconocidas por los operadores de la industria como valiosos aliados.<br \/>\nPor un lado, <strong>las <a href=\"https:\/\/www.stem.it\/es\/bancadas-para-ambulancias\/\" target=\"_blank\" rel=\"noopener\">bancadas amortizadas<\/a><\/strong>, dise\u00f1adas para reducir los efectos de las vibraciones y esfuerzos a los que se ve sometida la persona transportada.<\/p>\n<h3>EDEN de Stem<\/h3>\n<p>La primera empresa en el mundo en haber creado una bancada amortizada fue Stem Srl, una empresa l\u00edder en el sector de dispositivos avanzados para el transporte en ambulancia. <a href=\"https:\/\/www.stem.it\/es\/productos\/eden-xp-new-generation-stretcher-support\/\" target=\"_blank\" rel=\"noopener\">EDEN<\/a> es el \u00fanica bancada amortizada dotada de suspensi\u00f3n hidroneum\u00e1tica autorregulable en funci\u00f3n del peso del paciente. Dise\u00f1ada para absorber esfuerzos transversales respecto al sentido de la marcha y por tanto capaz de reducir significativamente la cantidad de vibraciones que normalmente afectan al sujeto transportado.<br \/>\nComo ya se ha comentado ampliamente en la primera parte del art\u00edculo, <strong>la adopci\u00f3n de equipos espec\u00edficos<\/strong> destinados a reducir los da\u00f1os secundarios de transporte es <strong>la soluci\u00f3n m\u00e1s eficaz<\/strong> a corto y medio plazo. Que sirve para elevar los est\u00e1ndares de calidad del salvamento.<\/p>\n<h2>Conclusiones<\/h2>\n<p>Han pasado m\u00e1s de cuarenta a\u00f1os despu\u00e9s del nacimiento del modelo anglosaj\u00f3n para la gesti\u00f3n de emergencias-urgencias extrahospitalarias. Asimismo veinte a\u00f1os despu\u00e9s del establecimiento del servicio 118 en el territorio nacional italiano. <strong>Es muy importante una revisi\u00f3n e integraci\u00f3n de las directrices<\/strong>, inherente tanto a <strong>las modalidades de transporte<\/strong> como a <strong>los dispositivos con los que deben estar equipados los veh\u00edculos<\/strong> de emergencia. Para ofrecer un servicio de altas prestaciones y calidad. Por otro lado, en los \u00faltimos a\u00f1os, ya asistimos a un cuestionamiento de algunos de los principios clave del rescate. Uno para todas las t\u00e9cnicas de <a href=\"https:\/\/es.wikipedia.org\/wiki\/Inmovilizaci%C3%B3n\" target=\"_blank\" rel=\"noopener\">inmovilizaci\u00f3n<\/a>, analizadas por primera vez tras a\u00f1os de su adopci\u00f3n para sopesar su eficacia y su vigencia en el tiempo.<\/p>\n<h3>Evaluaci\u00f3n de riesgos \u00bfQue podemos hacer para reducir el riesgo?<\/h3>\n<p>A la espera de que los veh\u00edculos destinados a ser ambulancias est\u00e9n dise\u00f1ados ad hoc para el transporte de personas, y por tanto adecuadamente equipados para minimizar los factores de riesgo a los que se ven sometidos los pacientes y operadores durante el transporte. Creemos que es <strong>responsabilidad de cada una de las realidades territoriales<\/strong> que brindan servicios de intervenci\u00f3n y asistencia elegir los mejores dispositivos del mercado.<\/p>\n<p><sup><span id=\"estudio\">1<\/span><\/sup> <a href=\"https:\/\/www.ausl.mo.it\/media\/5_34_Nataletti.pdf?x16263\" target=\"_blank\" rel=\"noopener\">Nataletti P. et al., \u00abStudio pilota dell\u2019esposizione a rumore e vibrazioni egli addetti dei mezzi di soccorso del 118 e dei trasportati\u00bb. ISPESL, Dipartimento di Igiene del Lavoro, Laboratorio Agenti Fisici, Monte Porzio Catone (RM)<\/a>.<\/p>\n<\/div><\/section>\n","protected":false},"excerpt":{"rendered":"<p>Evaluaci\u00f3n de riesgos &#8211; las vibraciones en la ambulancia causan los da\u00f1os secundarios de transporte en los pacientes. \u00a1Descubre m\u00e1s aqu\u00ed!<\/p>\n","protected":false},"author":8,"featured_media":31229,"comment_status":"closed","ping_status":"closed","sticky":false,"template":"","format":"standard","meta":{"footnotes":""},"categories":[58],"tags":[],"class_list":["post-31338","post","type-post","status-publish","format-standard","has-post-thumbnail","hentry","category-normativas"],"yoast_head":"<!-- This site is optimized with the Yoast SEO plugin v27.4 - https:\/\/yoast.com\/product\/yoast-seo-wordpress\/ -->\n<title>Evaluaci\u00f3n de riesgos - Vibraci\u00f3n en ambulancia | The EMS blog<\/title>\n<meta name=\"description\" content=\"Evaluaci\u00f3n de riesgos - las vibraciones en la ambulancia causan los da\u00f1os secundarios de transporte en los pacientes. \u00a1Descubre m\u00e1s aqu\u00ed!\" \/>\n<meta name=\"robots\" content=\"index, follow, max-snippet:-1, max-image-preview:large, max-video-preview:-1\" \/>\n<link rel=\"canonical\" href=\"https:\/\/www.stem.it\/es\/normativas\/evaluacion-de-riesgos-vibracion-en-ambulancia-the-ems-blog\/\" \/>\n<meta property=\"og:locale\" content=\"es_ES\" \/>\n<meta property=\"og:type\" content=\"article\" \/>\n<meta property=\"og:title\" content=\"Evaluaci\u00f3n de riesgos - Vibraci\u00f3n en ambulancia | The EMS blog\" \/>\n<meta property=\"og:description\" content=\"Evaluaci\u00f3n de riesgos - las vibraciones en la ambulancia causan los da\u00f1os secundarios de transporte en los pacientes. \u00a1Descubre m\u00e1s aqu\u00ed!\" \/>\n<meta property=\"og:url\" content=\"https:\/\/www.stem.it\/es\/normativas\/evaluacion-de-riesgos-vibracion-en-ambulancia-the-ems-blog\/\" \/>\n<meta property=\"og:site_name\" content=\"Stem Ems\" \/>\n<meta property=\"article:publisher\" content=\"https:\/\/www.facebook.com\/stememsemergencymedicalsystems\/\" \/>\n<meta property=\"article:published_time\" content=\"2022-08-24T13:14:22+00:00\" \/>\n<meta property=\"article:modified_time\" content=\"2025-03-05T07:38:08+00:00\" \/>\n<meta property=\"og:image\" content=\"https:\/\/www.stem.it\/wp-content\/uploads\/2022\/08\/rischio-vibrazioni-ambulanza.jpg\" \/>\n\t<meta property=\"og:image:width\" content=\"833\" \/>\n\t<meta property=\"og:image:height\" content=\"321\" \/>\n\t<meta property=\"og:image:type\" content=\"image\/jpeg\" \/>\n<meta name=\"author\" content=\"kedos\" \/>\n<meta name=\"twitter:card\" content=\"summary_large_image\" \/>\n<meta name=\"twitter:label1\" content=\"Escrito por\" \/>\n\t<meta name=\"twitter:data1\" content=\"kedos\" \/>\n\t<meta name=\"twitter:label2\" content=\"Tiempo de lectura\" \/>\n\t<meta name=\"twitter:data2\" content=\"8 minutos\" \/>\n<script type=\"application\/ld+json\" class=\"yoast-schema-graph\">{\"@context\":\"https:\\\/\\\/schema.org\",\"@graph\":[{\"@type\":\"Article\",\"@id\":\"https:\\\/\\\/www.stem.it\\\/es\\\/normativas\\\/evaluacion-de-riesgos-vibracion-en-ambulancia-the-ems-blog\\\/#article\",\"isPartOf\":{\"@id\":\"https:\\\/\\\/www.stem.it\\\/es\\\/normativas\\\/evaluacion-de-riesgos-vibracion-en-ambulancia-the-ems-blog\\\/\"},\"author\":{\"name\":\"kedos\",\"@id\":\"https:\\\/\\\/www.stem.it\\\/es\\\/#\\\/schema\\\/person\\\/ed2c0dbb7ccf5e46288b8b9446421bd9\"},\"headline\":\"Riesgo de vibraciones en la ambulancia. C\u00f3mo reducir los da\u00f1os secundarios de transporte\",\"datePublished\":\"2022-08-24T13:14:22+00:00\",\"dateModified\":\"2025-03-05T07:38:08+00:00\",\"mainEntityOfPage\":{\"@id\":\"https:\\\/\\\/www.stem.it\\\/es\\\/normativas\\\/evaluacion-de-riesgos-vibracion-en-ambulancia-the-ems-blog\\\/\"},\"wordCount\":1599,\"image\":{\"@id\":\"https:\\\/\\\/www.stem.it\\\/es\\\/normativas\\\/evaluacion-de-riesgos-vibracion-en-ambulancia-the-ems-blog\\\/#primaryimage\"},\"thumbnailUrl\":\"https:\\\/\\\/www.stem.it\\\/wp-content\\\/uploads\\\/2022\\\/08\\\/rischio-vibrazioni-ambulanza.jpg\",\"articleSection\":[\"Normativas\"],\"inLanguage\":\"es\"},{\"@type\":\"WebPage\",\"@id\":\"https:\\\/\\\/www.stem.it\\\/es\\\/normativas\\\/evaluacion-de-riesgos-vibracion-en-ambulancia-the-ems-blog\\\/\",\"url\":\"https:\\\/\\\/www.stem.it\\\/es\\\/normativas\\\/evaluacion-de-riesgos-vibracion-en-ambulancia-the-ems-blog\\\/\",\"name\":\"Evaluaci\u00f3n de riesgos - Vibraci\u00f3n en ambulancia | The EMS blog\",\"isPartOf\":{\"@id\":\"https:\\\/\\\/www.stem.it\\\/es\\\/#website\"},\"primaryImageOfPage\":{\"@id\":\"https:\\\/\\\/www.stem.it\\\/es\\\/normativas\\\/evaluacion-de-riesgos-vibracion-en-ambulancia-the-ems-blog\\\/#primaryimage\"},\"image\":{\"@id\":\"https:\\\/\\\/www.stem.it\\\/es\\\/normativas\\\/evaluacion-de-riesgos-vibracion-en-ambulancia-the-ems-blog\\\/#primaryimage\"},\"thumbnailUrl\":\"https:\\\/\\\/www.stem.it\\\/wp-content\\\/uploads\\\/2022\\\/08\\\/rischio-vibrazioni-ambulanza.jpg\",\"datePublished\":\"2022-08-24T13:14:22+00:00\",\"dateModified\":\"2025-03-05T07:38:08+00:00\",\"author\":{\"@id\":\"https:\\\/\\\/www.stem.it\\\/es\\\/#\\\/schema\\\/person\\\/ed2c0dbb7ccf5e46288b8b9446421bd9\"},\"description\":\"Evaluaci\u00f3n de riesgos - las vibraciones en la ambulancia causan los da\u00f1os secundarios de transporte en los pacientes. \u00a1Descubre m\u00e1s aqu\u00ed!\",\"breadcrumb\":{\"@id\":\"https:\\\/\\\/www.stem.it\\\/es\\\/normativas\\\/evaluacion-de-riesgos-vibracion-en-ambulancia-the-ems-blog\\\/#breadcrumb\"},\"inLanguage\":\"es\",\"potentialAction\":[{\"@type\":\"ReadAction\",\"target\":[\"https:\\\/\\\/www.stem.it\\\/es\\\/normativas\\\/evaluacion-de-riesgos-vibracion-en-ambulancia-the-ems-blog\\\/\"]}]},{\"@type\":\"ImageObject\",\"inLanguage\":\"es\",\"@id\":\"https:\\\/\\\/www.stem.it\\\/es\\\/normativas\\\/evaluacion-de-riesgos-vibracion-en-ambulancia-the-ems-blog\\\/#primaryimage\",\"url\":\"https:\\\/\\\/www.stem.it\\\/wp-content\\\/uploads\\\/2022\\\/08\\\/rischio-vibrazioni-ambulanza.jpg\",\"contentUrl\":\"https:\\\/\\\/www.stem.it\\\/wp-content\\\/uploads\\\/2022\\\/08\\\/rischio-vibrazioni-ambulanza.jpg\",\"width\":833,\"height\":321,\"caption\":\"rischio vibrazioni e danni secondari nel trasporto in ambulanza\"},{\"@type\":\"BreadcrumbList\",\"@id\":\"https:\\\/\\\/www.stem.it\\\/es\\\/normativas\\\/evaluacion-de-riesgos-vibracion-en-ambulancia-the-ems-blog\\\/#breadcrumb\",\"itemListElement\":[{\"@type\":\"ListItem\",\"position\":1,\"name\":\"Home\",\"item\":\"https:\\\/\\\/www.stem.it\\\/es\\\/\"},{\"@type\":\"ListItem\",\"position\":2,\"name\":\"Riesgo de vibraciones en la ambulancia. C\u00f3mo reducir los da\u00f1os secundarios de transporte\"}]},{\"@type\":\"WebSite\",\"@id\":\"https:\\\/\\\/www.stem.it\\\/es\\\/#website\",\"url\":\"https:\\\/\\\/www.stem.it\\\/es\\\/\",\"name\":\"Stem Ems\",\"description\":\"Prodotti di alta qualit\u00e0 per lavoro ed emergenza\",\"potentialAction\":[{\"@type\":\"SearchAction\",\"target\":{\"@type\":\"EntryPoint\",\"urlTemplate\":\"https:\\\/\\\/www.stem.it\\\/es\\\/?s={search_term_string}\"},\"query-input\":{\"@type\":\"PropertyValueSpecification\",\"valueRequired\":true,\"valueName\":\"search_term_string\"}}],\"inLanguage\":\"es\"},{\"@type\":\"Person\",\"@id\":\"https:\\\/\\\/www.stem.it\\\/es\\\/#\\\/schema\\\/person\\\/ed2c0dbb7ccf5e46288b8b9446421bd9\",\"name\":\"kedos\",\"image\":{\"@type\":\"ImageObject\",\"inLanguage\":\"es\",\"@id\":\"https:\\\/\\\/secure.gravatar.com\\\/avatar\\\/0cf0f65013daf2393366816b80bc771016138b1dd74bf1051026fa00b412f21f?s=96&d=mm&r=g\",\"url\":\"https:\\\/\\\/secure.gravatar.com\\\/avatar\\\/0cf0f65013daf2393366816b80bc771016138b1dd74bf1051026fa00b412f21f?s=96&d=mm&r=g\",\"contentUrl\":\"https:\\\/\\\/secure.gravatar.com\\\/avatar\\\/0cf0f65013daf2393366816b80bc771016138b1dd74bf1051026fa00b412f21f?s=96&d=mm&r=g\",\"caption\":\"kedos\"}}]}<\/script>\n<!-- \/ Yoast SEO plugin. -->","yoast_head_json":{"title":"Evaluaci\u00f3n de riesgos - Vibraci\u00f3n en ambulancia | The EMS blog","description":"Evaluaci\u00f3n de riesgos - las vibraciones en la ambulancia causan los da\u00f1os secundarios de transporte en los pacientes. \u00a1Descubre m\u00e1s aqu\u00ed!","robots":{"index":"index","follow":"follow","max-snippet":"max-snippet:-1","max-image-preview":"max-image-preview:large","max-video-preview":"max-video-preview:-1"},"canonical":"https:\/\/www.stem.it\/es\/normativas\/evaluacion-de-riesgos-vibracion-en-ambulancia-the-ems-blog\/","og_locale":"es_ES","og_type":"article","og_title":"Evaluaci\u00f3n de riesgos - Vibraci\u00f3n en ambulancia | The EMS blog","og_description":"Evaluaci\u00f3n de riesgos - las vibraciones en la ambulancia causan los da\u00f1os secundarios de transporte en los pacientes. \u00a1Descubre m\u00e1s aqu\u00ed!","og_url":"https:\/\/www.stem.it\/es\/normativas\/evaluacion-de-riesgos-vibracion-en-ambulancia-the-ems-blog\/","og_site_name":"Stem Ems","article_publisher":"https:\/\/www.facebook.com\/stememsemergencymedicalsystems\/","article_published_time":"2022-08-24T13:14:22+00:00","article_modified_time":"2025-03-05T07:38:08+00:00","og_image":[{"width":833,"height":321,"url":"https:\/\/www.stem.it\/wp-content\/uploads\/2022\/08\/rischio-vibrazioni-ambulanza.jpg","type":"image\/jpeg"}],"author":"kedos","twitter_card":"summary_large_image","twitter_misc":{"Escrito por":"kedos","Tiempo de lectura":"8 minutos"},"schema":{"@context":"https:\/\/schema.org","@graph":[{"@type":"Article","@id":"https:\/\/www.stem.it\/es\/normativas\/evaluacion-de-riesgos-vibracion-en-ambulancia-the-ems-blog\/#article","isPartOf":{"@id":"https:\/\/www.stem.it\/es\/normativas\/evaluacion-de-riesgos-vibracion-en-ambulancia-the-ems-blog\/"},"author":{"name":"kedos","@id":"https:\/\/www.stem.it\/es\/#\/schema\/person\/ed2c0dbb7ccf5e46288b8b9446421bd9"},"headline":"Riesgo de vibraciones en la ambulancia. C\u00f3mo reducir los da\u00f1os secundarios de transporte","datePublished":"2022-08-24T13:14:22+00:00","dateModified":"2025-03-05T07:38:08+00:00","mainEntityOfPage":{"@id":"https:\/\/www.stem.it\/es\/normativas\/evaluacion-de-riesgos-vibracion-en-ambulancia-the-ems-blog\/"},"wordCount":1599,"image":{"@id":"https:\/\/www.stem.it\/es\/normativas\/evaluacion-de-riesgos-vibracion-en-ambulancia-the-ems-blog\/#primaryimage"},"thumbnailUrl":"https:\/\/www.stem.it\/wp-content\/uploads\/2022\/08\/rischio-vibrazioni-ambulanza.jpg","articleSection":["Normativas"],"inLanguage":"es"},{"@type":"WebPage","@id":"https:\/\/www.stem.it\/es\/normativas\/evaluacion-de-riesgos-vibracion-en-ambulancia-the-ems-blog\/","url":"https:\/\/www.stem.it\/es\/normativas\/evaluacion-de-riesgos-vibracion-en-ambulancia-the-ems-blog\/","name":"Evaluaci\u00f3n de riesgos - Vibraci\u00f3n en ambulancia | The EMS blog","isPartOf":{"@id":"https:\/\/www.stem.it\/es\/#website"},"primaryImageOfPage":{"@id":"https:\/\/www.stem.it\/es\/normativas\/evaluacion-de-riesgos-vibracion-en-ambulancia-the-ems-blog\/#primaryimage"},"image":{"@id":"https:\/\/www.stem.it\/es\/normativas\/evaluacion-de-riesgos-vibracion-en-ambulancia-the-ems-blog\/#primaryimage"},"thumbnailUrl":"https:\/\/www.stem.it\/wp-content\/uploads\/2022\/08\/rischio-vibrazioni-ambulanza.jpg","datePublished":"2022-08-24T13:14:22+00:00","dateModified":"2025-03-05T07:38:08+00:00","author":{"@id":"https:\/\/www.stem.it\/es\/#\/schema\/person\/ed2c0dbb7ccf5e46288b8b9446421bd9"},"description":"Evaluaci\u00f3n de riesgos - las vibraciones en la ambulancia causan los da\u00f1os secundarios de transporte en los pacientes. \u00a1Descubre m\u00e1s aqu\u00ed!","breadcrumb":{"@id":"https:\/\/www.stem.it\/es\/normativas\/evaluacion-de-riesgos-vibracion-en-ambulancia-the-ems-blog\/#breadcrumb"},"inLanguage":"es","potentialAction":[{"@type":"ReadAction","target":["https:\/\/www.stem.it\/es\/normativas\/evaluacion-de-riesgos-vibracion-en-ambulancia-the-ems-blog\/"]}]},{"@type":"ImageObject","inLanguage":"es","@id":"https:\/\/www.stem.it\/es\/normativas\/evaluacion-de-riesgos-vibracion-en-ambulancia-the-ems-blog\/#primaryimage","url":"https:\/\/www.stem.it\/wp-content\/uploads\/2022\/08\/rischio-vibrazioni-ambulanza.jpg","contentUrl":"https:\/\/www.stem.it\/wp-content\/uploads\/2022\/08\/rischio-vibrazioni-ambulanza.jpg","width":833,"height":321,"caption":"rischio vibrazioni e danni secondari nel trasporto in ambulanza"},{"@type":"BreadcrumbList","@id":"https:\/\/www.stem.it\/es\/normativas\/evaluacion-de-riesgos-vibracion-en-ambulancia-the-ems-blog\/#breadcrumb","itemListElement":[{"@type":"ListItem","position":1,"name":"Home","item":"https:\/\/www.stem.it\/es\/"},{"@type":"ListItem","position":2,"name":"Riesgo de vibraciones en la ambulancia. C\u00f3mo reducir los da\u00f1os secundarios de transporte"}]},{"@type":"WebSite","@id":"https:\/\/www.stem.it\/es\/#website","url":"https:\/\/www.stem.it\/es\/","name":"Stem Ems","description":"Prodotti di alta qualit\u00e0 per lavoro ed emergenza","potentialAction":[{"@type":"SearchAction","target":{"@type":"EntryPoint","urlTemplate":"https:\/\/www.stem.it\/es\/?s={search_term_string}"},"query-input":{"@type":"PropertyValueSpecification","valueRequired":true,"valueName":"search_term_string"}}],"inLanguage":"es"},{"@type":"Person","@id":"https:\/\/www.stem.it\/es\/#\/schema\/person\/ed2c0dbb7ccf5e46288b8b9446421bd9","name":"kedos","image":{"@type":"ImageObject","inLanguage":"es","@id":"https:\/\/secure.gravatar.com\/avatar\/0cf0f65013daf2393366816b80bc771016138b1dd74bf1051026fa00b412f21f?s=96&d=mm&r=g","url":"https:\/\/secure.gravatar.com\/avatar\/0cf0f65013daf2393366816b80bc771016138b1dd74bf1051026fa00b412f21f?s=96&d=mm&r=g","contentUrl":"https:\/\/secure.gravatar.com\/avatar\/0cf0f65013daf2393366816b80bc771016138b1dd74bf1051026fa00b412f21f?s=96&d=mm&r=g","caption":"kedos"}}]}},"_links":{"self":[{"href":"https:\/\/www.stem.it\/es\/wp-json\/wp\/v2\/posts\/31338","targetHints":{"allow":["GET"]}}],"collection":[{"href":"https:\/\/www.stem.it\/es\/wp-json\/wp\/v2\/posts"}],"about":[{"href":"https:\/\/www.stem.it\/es\/wp-json\/wp\/v2\/types\/post"}],"author":[{"embeddable":true,"href":"https:\/\/www.stem.it\/es\/wp-json\/wp\/v2\/users\/8"}],"replies":[{"embeddable":true,"href":"https:\/\/www.stem.it\/es\/wp-json\/wp\/v2\/comments?post=31338"}],"version-history":[{"count":3,"href":"https:\/\/www.stem.it\/es\/wp-json\/wp\/v2\/posts\/31338\/revisions"}],"predecessor-version":[{"id":46098,"href":"https:\/\/www.stem.it\/es\/wp-json\/wp\/v2\/posts\/31338\/revisions\/46098"}],"wp:featuredmedia":[{"embeddable":true,"href":"https:\/\/www.stem.it\/es\/wp-json\/wp\/v2\/media\/31229"}],"wp:attachment":[{"href":"https:\/\/www.stem.it\/es\/wp-json\/wp\/v2\/media?parent=31338"}],"wp:term":[{"taxonomy":"category","embeddable":true,"href":"https:\/\/www.stem.it\/es\/wp-json\/wp\/v2\/categories?post=31338"},{"taxonomy":"post_tag","embeddable":true,"href":"https:\/\/www.stem.it\/es\/wp-json\/wp\/v2\/tags?post=31338"}],"curies":[{"name":"wp","href":"https:\/\/api.w.org\/{rel}","templated":true}]}}