{"id":13738,"date":"2021-03-29T14:01:00","date_gmt":"2021-03-29T12:01:00","guid":{"rendered":"https:\/\/www.stem.it\/?p=13738"},"modified":"2025-03-12T09:22:36","modified_gmt":"2025-03-12T08:22:36","slug":"transporte-de-pacientes-en-vehiculos-militares-stem-technology","status":"publish","type":"post","link":"https:\/\/www.stem.it\/es\/tecnologias-de-emergencia\/transporte-de-pacientes-en-vehiculos-militares-stem-technology\/","title":{"rendered":"Transporte de pacientes en ambulancias militares"},"content":{"rendered":"\n<p>El <strong>transporte<\/strong> de pacientes en <strong>ambulancias militares<\/strong> <strong>(veh\u00edculos militares)<\/strong> es todav\u00eda un tema poco desarrollado que merece ser explorado por sus particularidades y caracter\u00edsticas.<\/p>\n\n\n\n<p>Contar con veh\u00edculos especiales para rescate en zonas cr\u00edticas es el primer requisito para garantizar un transporte eficiente y salvar la vida de los pacientes. En este sentido, 2008 marc\u00f3 una etapa fundamental: con el Decreto Legislativo 209\/2008 se ha introducido en<strong> <a href=\"https:\/\/es.wikipedia.org\/wiki\/Fuerzas_armadas\" target=\"_blank\" rel=\"noreferrer noopener\">las Fuerzas Armadas<\/a><\/strong> <strong>el <a href=\"https:\/\/www.difesaonline.it\/mondo-militare\/mezzi\/il-soccorso-sanitario-di-ieri-e-di-oggi- cambiano -i-media-e-la-figure-del\" target=\"_blank\" rel=\"noreferrer noopener\">rescatador militar<\/a><\/strong>, figura que cuenta con formaci\u00f3n sanitaria espec\u00edfica para afrontar la recuperaci\u00f3n, transporte y asistencia de pacientes en <strong>zonas cr\u00edticas e incluso en conflictos no convencionales<\/strong> contextos.<br>Los veh\u00edculos de rescate tambi\u00e9n han cambiado, ahora equipados con m\u00e1s dispositivos y equipos m\u00e9dicos, as\u00ed como <strong><a href=\"https:\/\/es.wikipedia.org\/wiki\/Blindaje\" target=\"_blank\" rel=\"noreferrer noopener\">protecci\u00f3n bal\u00edstica<\/a> y anti-eliminaci\u00f3n<\/strong>.<\/p>\n\n\n\n<h2 class=\"wp-block-heading\">Veh\u00edculos militares de rescate. Caracter\u00edsticas y problemas<\/h2>\n\n\n\n<p>Los veh\u00edculos militares de rescate tienen peculiaridades estructurales. Son <strong>veh\u00edculos muy altos<\/strong> que <strong>dificultan la carga o descarga del paciente<\/strong> con camillas comunes de altura est\u00e1ndar.<br>A esta criticidad se suman <strong>el terreno irregular y los desniveles<\/strong> en los que operan estos veh\u00edculos de rescate. Las tensiones, vibraciones y golpes a los que se somete el paciente durante el transporte pueden da\u00f1ar a\u00fan m\u00e1s y considerablemente su estado de salud. Especialmente si es grave.<br>Finalmente, para las ambulancias <strong>anti-<a href=\"https:\/\/es.wikipedia.org\/wiki\/Mina_antipersona\" target=\"_blank\" rel=\"noreferrer noopener\">minas<\/a><\/strong> existe la necesidad de <strong>anclar la bancada y los asientos al techo<\/strong> para preservar a los pacientes y al personal m\u00e9dico en caso de una explosi\u00f3n.<\/p>\n\n\n\n<p>Todas estas caracter\u00edsticas y \u00e1reas espec\u00edficas de uso hacen de estos veh\u00edculos de rescate veh\u00edculos especiales, con la necesidad de dispositivos dise\u00f1ados<a href=\"https:\/\/es.wikipedia.org\/wiki\/Ad_hoc\" target=\"_blank\" rel=\"noreferrer noopener\"> ad hoc<\/a>.<\/p>\n\n\n\n<h2 class=\"wp-block-heading\">Stem para veh\u00edculos militares. Bancada amortizada y sistema de carga<\/h2>\n\n\n\n<p><br>Los veh\u00edculos de rescate militares tienen una estructura diferente a la de las ambulancias tradicionales. <strong>\u00bfC\u00f3mo cargar al paciente en un veh\u00edculo con una altura superior a la norma? \u00bfC\u00f3mo garantizar el transporte m\u00e1s c\u00f3modo posible para el paciente? Y<\/strong> <strong>anclar la camilla en ambulancias anti-minas?<\/strong><\/p>\n\n\n\n<p>A partir de estas preguntas, estudiamos, dise\u00f1amos y construimos <a href=\"https:\/\/www.stem.it\/es\/?post_type=portfolio&#038;p=3680\" target=\"_blank\" rel=\"noreferrer noopener\">Eden HV 2000<\/a>: <strong>bancada amortizada para veh\u00edculos militares<\/strong> con inclinaci\u00f3n regulable y bandeja extra\u00edble. Gracias a un sistema de suspensi\u00f3n hidroneum\u00e1tico reforzado, asegura la <strong>reducci\u00f3n de los efectos de las vibraciones<\/strong> durante el transporte por caminos accidentados. Que es caracter\u00edstica fundamental para la salud y el confort del paciente. Adem\u00e1s, su bandeja extra\u00edble de triple extensi\u00f3n ha sido especialmente dise\u00f1ada para la carga y descarga de camillas en veh\u00edculos especiales, con una altura superior a la norma.<\/p>\n\n\n\n<p>Junto a la bancada Eden hemos desarrollado <strong>el sistema de carga y descarga asistido<\/strong> <a href=\"https:\/\/www.stem.it\/es\/productos\/sherpa-sistema-universal-de-carga-controlado-electronicamente-para-camillas-con-dispositivo-de-seguridad-s-u-s\/\" target=\"_blank\" rel=\"noreferrer noopener\">Sherpa<\/a>. Que simplifica este tipo de maniobras y elimina cualquier esfuerzo por parte del operador. <strong>La combinaci\u00f3n Eden HV 2000 y Sherpa<\/strong> le permite operar con la m\u00e1xima eficiencia en veh\u00edculos de rescate militares. Total seguridad para los operadores y c\u00f3modo transporte para los pacientes.<br>Stem Technology tambi\u00e9n ha dise\u00f1ado un revolucionario sistema de carga <strong>espec\u00edficamente para ambulancias anti-minas<\/strong>. Esto permite que la camilla se mantenga completamente separada del piso del veh\u00edculo. Para proteger al paciente del impacto fatal que podr\u00eda ocurrir en caso de tr\u00e1nsito accidental en una mina sin detonar.<br>El sistema autom\u00e1tico, asistido hidr\u00e1ulicamente, permite cargar la camilla <strong>partiendo de una altura de 700 mm, llegando a 1600 mm en 15 segundos<\/strong>.<\/p>\n\n\n<p>[layerslider id=\u00bb2&#8243;]<\/p>\n\n\n\n<p><\/p>\n\n\n\n<h2 class=\"wp-block-heading\">Proyectos especiales de Stem Technology<\/h2>\n\n\n\n<p><br><strong>La bancada Eden HV 2000, Sherpa y el sistema de carga para ambulancias anti-minas<\/strong> forman parte de la amplia gama de productos Stem, dise\u00f1ados y fabricados para cubrir situaciones y necesidades espec\u00edficas. Los proyectos especiales de Stem Technology son soluciones <strong>innovadoras, capaces de responder de manera eficiente<\/strong> a solicitudes particulares del mercado nacional e internacional.<\/p>\n\n\n\n<p>Para ver todos nuestros proyectos especiales, haz<strong> <a href=\"https:\/\/www.stem.it\/es\/proyectos-especiales\/\" target=\"_blank\" rel=\"noreferrer noopener\">clic aqu\u00ed<\/a><\/strong>.<\/p>\n\n\n\n<p><\/p>\n","protected":false},"excerpt":{"rendered":"<p>El transporte de pacientes en ambulancias militares (veh\u00edculos militares) es todav\u00eda un tema poco desarrollado que merece ser explorado por sus particularidades y caracter\u00edsticas. Contar con veh\u00edculos especiales para rescate [&hellip;]<\/p>\n","protected":false},"author":8,"featured_media":13783,"comment_status":"closed","ping_status":"closed","sticky":false,"template":"","format":"standard","meta":{"footnotes":""},"categories":[249],"tags":[],"class_list":["post-13738","post","type-post","status-publish","format-standard","has-post-thumbnail","hentry","category-tecnologias-de-emergencia"],"yoast_head":"<!-- This site is optimized with the Yoast SEO plugin v27.4 - https:\/\/yoast.com\/product\/yoast-seo-wordpress\/ -->\n<title>Transporte de pacientes en veh\u00edculos militares | Stem Technology<\/title>\n<meta name=\"description\" content=\"Los veh\u00edculos militares tienen una estructura diferente a los tradicionales. \u00bfC\u00f3mo cargar al paciente? \u00bfC\u00f3mo asegurar un transporte c\u00f3modo?\" \/>\n<meta name=\"robots\" content=\"index, follow, max-snippet:-1, max-image-preview:large, max-video-preview:-1\" \/>\n<link rel=\"canonical\" href=\"https:\/\/www.stem.it\/es\/tecnologias-de-emergencia\/transporte-de-pacientes-en-vehiculos-militares-stem-technology\/\" \/>\n<meta property=\"og:locale\" content=\"es_ES\" \/>\n<meta property=\"og:type\" content=\"article\" \/>\n<meta property=\"og:title\" content=\"Transporte de pacientes en veh\u00edculos militares | Stem Technology\" \/>\n<meta property=\"og:description\" content=\"Los veh\u00edculos militares tienen una estructura diferente a los tradicionales. \u00bfC\u00f3mo cargar al paciente? \u00bfC\u00f3mo asegurar un transporte c\u00f3modo?\" \/>\n<meta property=\"og:url\" content=\"https:\/\/www.stem.it\/es\/tecnologias-de-emergencia\/transporte-de-pacientes-en-vehiculos-militares-stem-technology\/\" \/>\n<meta property=\"og:site_name\" content=\"Stem Ems\" \/>\n<meta property=\"article:publisher\" content=\"https:\/\/www.facebook.com\/stememsemergencymedicalsystems\/\" \/>\n<meta property=\"article:published_time\" content=\"2021-03-29T12:01:00+00:00\" \/>\n<meta property=\"article:modified_time\" content=\"2025-03-12T08:22:36+00:00\" \/>\n<meta property=\"og:image\" content=\"https:\/\/www.stem.it\/wp-content\/uploads\/2021\/03\/trasporto-pazienti-ambulanze-militari.jpg\" \/>\n\t<meta property=\"og:image:width\" content=\"833\" \/>\n\t<meta property=\"og:image:height\" content=\"321\" \/>\n\t<meta property=\"og:image:type\" content=\"image\/jpeg\" \/>\n<meta name=\"author\" content=\"kedos\" \/>\n<meta name=\"twitter:card\" content=\"summary_large_image\" \/>\n<meta name=\"twitter:label1\" content=\"Escrito por\" \/>\n\t<meta name=\"twitter:data1\" content=\"kedos\" \/>\n\t<meta name=\"twitter:label2\" content=\"Tiempo de lectura\" \/>\n\t<meta name=\"twitter:data2\" content=\"4 minutos\" \/>\n<script type=\"application\/ld+json\" class=\"yoast-schema-graph\">{\"@context\":\"https:\\\/\\\/schema.org\",\"@graph\":[{\"@type\":\"Article\",\"@id\":\"https:\\\/\\\/www.stem.it\\\/es\\\/tecnologias-de-emergencia\\\/transporte-de-pacientes-en-vehiculos-militares-stem-technology\\\/#article\",\"isPartOf\":{\"@id\":\"https:\\\/\\\/www.stem.it\\\/es\\\/tecnologias-de-emergencia\\\/transporte-de-pacientes-en-vehiculos-militares-stem-technology\\\/\"},\"author\":{\"name\":\"kedos\",\"@id\":\"https:\\\/\\\/www.stem.it\\\/es\\\/#\\\/schema\\\/person\\\/ed2c0dbb7ccf5e46288b8b9446421bd9\"},\"headline\":\"Transporte de pacientes en ambulancias militares\",\"datePublished\":\"2021-03-29T12:01:00+00:00\",\"dateModified\":\"2025-03-12T08:22:36+00:00\",\"mainEntityOfPage\":{\"@id\":\"https:\\\/\\\/www.stem.it\\\/es\\\/tecnologias-de-emergencia\\\/transporte-de-pacientes-en-vehiculos-militares-stem-technology\\\/\"},\"wordCount\":661,\"image\":{\"@id\":\"https:\\\/\\\/www.stem.it\\\/es\\\/tecnologias-de-emergencia\\\/transporte-de-pacientes-en-vehiculos-militares-stem-technology\\\/#primaryimage\"},\"thumbnailUrl\":\"https:\\\/\\\/www.stem.it\\\/wp-content\\\/uploads\\\/2021\\\/03\\\/trasporto-pazienti-ambulanze-militari.jpg\",\"articleSection\":[\"Tecnolog\u00edas de emergencia\"],\"inLanguage\":\"es\"},{\"@type\":\"WebPage\",\"@id\":\"https:\\\/\\\/www.stem.it\\\/es\\\/tecnologias-de-emergencia\\\/transporte-de-pacientes-en-vehiculos-militares-stem-technology\\\/\",\"url\":\"https:\\\/\\\/www.stem.it\\\/es\\\/tecnologias-de-emergencia\\\/transporte-de-pacientes-en-vehiculos-militares-stem-technology\\\/\",\"name\":\"Transporte de pacientes en veh\u00edculos militares | Stem Technology\",\"isPartOf\":{\"@id\":\"https:\\\/\\\/www.stem.it\\\/es\\\/#website\"},\"primaryImageOfPage\":{\"@id\":\"https:\\\/\\\/www.stem.it\\\/es\\\/tecnologias-de-emergencia\\\/transporte-de-pacientes-en-vehiculos-militares-stem-technology\\\/#primaryimage\"},\"image\":{\"@id\":\"https:\\\/\\\/www.stem.it\\\/es\\\/tecnologias-de-emergencia\\\/transporte-de-pacientes-en-vehiculos-militares-stem-technology\\\/#primaryimage\"},\"thumbnailUrl\":\"https:\\\/\\\/www.stem.it\\\/wp-content\\\/uploads\\\/2021\\\/03\\\/trasporto-pazienti-ambulanze-militari.jpg\",\"datePublished\":\"2021-03-29T12:01:00+00:00\",\"dateModified\":\"2025-03-12T08:22:36+00:00\",\"author\":{\"@id\":\"https:\\\/\\\/www.stem.it\\\/es\\\/#\\\/schema\\\/person\\\/ed2c0dbb7ccf5e46288b8b9446421bd9\"},\"description\":\"Los veh\u00edculos militares tienen una estructura diferente a los tradicionales. \u00bfC\u00f3mo cargar al paciente? \u00bfC\u00f3mo asegurar un transporte c\u00f3modo?\",\"breadcrumb\":{\"@id\":\"https:\\\/\\\/www.stem.it\\\/es\\\/tecnologias-de-emergencia\\\/transporte-de-pacientes-en-vehiculos-militares-stem-technology\\\/#breadcrumb\"},\"inLanguage\":\"es\",\"potentialAction\":[{\"@type\":\"ReadAction\",\"target\":[\"https:\\\/\\\/www.stem.it\\\/es\\\/tecnologias-de-emergencia\\\/transporte-de-pacientes-en-vehiculos-militares-stem-technology\\\/\"]}]},{\"@type\":\"ImageObject\",\"inLanguage\":\"es\",\"@id\":\"https:\\\/\\\/www.stem.it\\\/es\\\/tecnologias-de-emergencia\\\/transporte-de-pacientes-en-vehiculos-militares-stem-technology\\\/#primaryimage\",\"url\":\"https:\\\/\\\/www.stem.it\\\/wp-content\\\/uploads\\\/2021\\\/03\\\/trasporto-pazienti-ambulanze-militari.jpg\",\"contentUrl\":\"https:\\\/\\\/www.stem.it\\\/wp-content\\\/uploads\\\/2021\\\/03\\\/trasporto-pazienti-ambulanze-militari.jpg\",\"width\":833,\"height\":321,\"caption\":\"trasporto dei pazienti su ambulanze militari\"},{\"@type\":\"BreadcrumbList\",\"@id\":\"https:\\\/\\\/www.stem.it\\\/es\\\/tecnologias-de-emergencia\\\/transporte-de-pacientes-en-vehiculos-militares-stem-technology\\\/#breadcrumb\",\"itemListElement\":[{\"@type\":\"ListItem\",\"position\":1,\"name\":\"Home\",\"item\":\"https:\\\/\\\/www.stem.it\\\/es\\\/\"},{\"@type\":\"ListItem\",\"position\":2,\"name\":\"Transporte de pacientes en ambulancias militares\"}]},{\"@type\":\"WebSite\",\"@id\":\"https:\\\/\\\/www.stem.it\\\/es\\\/#website\",\"url\":\"https:\\\/\\\/www.stem.it\\\/es\\\/\",\"name\":\"Stem Ems\",\"description\":\"Prodotti di alta qualit\u00e0 per lavoro ed emergenza\",\"potentialAction\":[{\"@type\":\"SearchAction\",\"target\":{\"@type\":\"EntryPoint\",\"urlTemplate\":\"https:\\\/\\\/www.stem.it\\\/es\\\/?s={search_term_string}\"},\"query-input\":{\"@type\":\"PropertyValueSpecification\",\"valueRequired\":true,\"valueName\":\"search_term_string\"}}],\"inLanguage\":\"es\"},{\"@type\":\"Person\",\"@id\":\"https:\\\/\\\/www.stem.it\\\/es\\\/#\\\/schema\\\/person\\\/ed2c0dbb7ccf5e46288b8b9446421bd9\",\"name\":\"kedos\",\"image\":{\"@type\":\"ImageObject\",\"inLanguage\":\"es\",\"@id\":\"https:\\\/\\\/secure.gravatar.com\\\/avatar\\\/0cf0f65013daf2393366816b80bc771016138b1dd74bf1051026fa00b412f21f?s=96&d=mm&r=g\",\"url\":\"https:\\\/\\\/secure.gravatar.com\\\/avatar\\\/0cf0f65013daf2393366816b80bc771016138b1dd74bf1051026fa00b412f21f?s=96&d=mm&r=g\",\"contentUrl\":\"https:\\\/\\\/secure.gravatar.com\\\/avatar\\\/0cf0f65013daf2393366816b80bc771016138b1dd74bf1051026fa00b412f21f?s=96&d=mm&r=g\",\"caption\":\"kedos\"}}]}<\/script>\n<!-- \/ Yoast SEO plugin. -->","yoast_head_json":{"title":"Transporte de pacientes en veh\u00edculos militares | Stem Technology","description":"Los veh\u00edculos militares tienen una estructura diferente a los tradicionales. \u00bfC\u00f3mo cargar al paciente? \u00bfC\u00f3mo asegurar un transporte c\u00f3modo?","robots":{"index":"index","follow":"follow","max-snippet":"max-snippet:-1","max-image-preview":"max-image-preview:large","max-video-preview":"max-video-preview:-1"},"canonical":"https:\/\/www.stem.it\/es\/tecnologias-de-emergencia\/transporte-de-pacientes-en-vehiculos-militares-stem-technology\/","og_locale":"es_ES","og_type":"article","og_title":"Transporte de pacientes en veh\u00edculos militares | Stem Technology","og_description":"Los veh\u00edculos militares tienen una estructura diferente a los tradicionales. \u00bfC\u00f3mo cargar al paciente? \u00bfC\u00f3mo asegurar un transporte c\u00f3modo?","og_url":"https:\/\/www.stem.it\/es\/tecnologias-de-emergencia\/transporte-de-pacientes-en-vehiculos-militares-stem-technology\/","og_site_name":"Stem Ems","article_publisher":"https:\/\/www.facebook.com\/stememsemergencymedicalsystems\/","article_published_time":"2021-03-29T12:01:00+00:00","article_modified_time":"2025-03-12T08:22:36+00:00","og_image":[{"width":833,"height":321,"url":"https:\/\/www.stem.it\/wp-content\/uploads\/2021\/03\/trasporto-pazienti-ambulanze-militari.jpg","type":"image\/jpeg"}],"author":"kedos","twitter_card":"summary_large_image","twitter_misc":{"Escrito por":"kedos","Tiempo de lectura":"4 minutos"},"schema":{"@context":"https:\/\/schema.org","@graph":[{"@type":"Article","@id":"https:\/\/www.stem.it\/es\/tecnologias-de-emergencia\/transporte-de-pacientes-en-vehiculos-militares-stem-technology\/#article","isPartOf":{"@id":"https:\/\/www.stem.it\/es\/tecnologias-de-emergencia\/transporte-de-pacientes-en-vehiculos-militares-stem-technology\/"},"author":{"name":"kedos","@id":"https:\/\/www.stem.it\/es\/#\/schema\/person\/ed2c0dbb7ccf5e46288b8b9446421bd9"},"headline":"Transporte de pacientes en ambulancias militares","datePublished":"2021-03-29T12:01:00+00:00","dateModified":"2025-03-12T08:22:36+00:00","mainEntityOfPage":{"@id":"https:\/\/www.stem.it\/es\/tecnologias-de-emergencia\/transporte-de-pacientes-en-vehiculos-militares-stem-technology\/"},"wordCount":661,"image":{"@id":"https:\/\/www.stem.it\/es\/tecnologias-de-emergencia\/transporte-de-pacientes-en-vehiculos-militares-stem-technology\/#primaryimage"},"thumbnailUrl":"https:\/\/www.stem.it\/wp-content\/uploads\/2021\/03\/trasporto-pazienti-ambulanze-militari.jpg","articleSection":["Tecnolog\u00edas de emergencia"],"inLanguage":"es"},{"@type":"WebPage","@id":"https:\/\/www.stem.it\/es\/tecnologias-de-emergencia\/transporte-de-pacientes-en-vehiculos-militares-stem-technology\/","url":"https:\/\/www.stem.it\/es\/tecnologias-de-emergencia\/transporte-de-pacientes-en-vehiculos-militares-stem-technology\/","name":"Transporte de pacientes en veh\u00edculos militares | Stem Technology","isPartOf":{"@id":"https:\/\/www.stem.it\/es\/#website"},"primaryImageOfPage":{"@id":"https:\/\/www.stem.it\/es\/tecnologias-de-emergencia\/transporte-de-pacientes-en-vehiculos-militares-stem-technology\/#primaryimage"},"image":{"@id":"https:\/\/www.stem.it\/es\/tecnologias-de-emergencia\/transporte-de-pacientes-en-vehiculos-militares-stem-technology\/#primaryimage"},"thumbnailUrl":"https:\/\/www.stem.it\/wp-content\/uploads\/2021\/03\/trasporto-pazienti-ambulanze-militari.jpg","datePublished":"2021-03-29T12:01:00+00:00","dateModified":"2025-03-12T08:22:36+00:00","author":{"@id":"https:\/\/www.stem.it\/es\/#\/schema\/person\/ed2c0dbb7ccf5e46288b8b9446421bd9"},"description":"Los veh\u00edculos militares tienen una estructura diferente a los tradicionales. \u00bfC\u00f3mo cargar al paciente? \u00bfC\u00f3mo asegurar un transporte c\u00f3modo?","breadcrumb":{"@id":"https:\/\/www.stem.it\/es\/tecnologias-de-emergencia\/transporte-de-pacientes-en-vehiculos-militares-stem-technology\/#breadcrumb"},"inLanguage":"es","potentialAction":[{"@type":"ReadAction","target":["https:\/\/www.stem.it\/es\/tecnologias-de-emergencia\/transporte-de-pacientes-en-vehiculos-militares-stem-technology\/"]}]},{"@type":"ImageObject","inLanguage":"es","@id":"https:\/\/www.stem.it\/es\/tecnologias-de-emergencia\/transporte-de-pacientes-en-vehiculos-militares-stem-technology\/#primaryimage","url":"https:\/\/www.stem.it\/wp-content\/uploads\/2021\/03\/trasporto-pazienti-ambulanze-militari.jpg","contentUrl":"https:\/\/www.stem.it\/wp-content\/uploads\/2021\/03\/trasporto-pazienti-ambulanze-militari.jpg","width":833,"height":321,"caption":"trasporto dei pazienti su ambulanze militari"},{"@type":"BreadcrumbList","@id":"https:\/\/www.stem.it\/es\/tecnologias-de-emergencia\/transporte-de-pacientes-en-vehiculos-militares-stem-technology\/#breadcrumb","itemListElement":[{"@type":"ListItem","position":1,"name":"Home","item":"https:\/\/www.stem.it\/es\/"},{"@type":"ListItem","position":2,"name":"Transporte de pacientes en ambulancias militares"}]},{"@type":"WebSite","@id":"https:\/\/www.stem.it\/es\/#website","url":"https:\/\/www.stem.it\/es\/","name":"Stem Ems","description":"Prodotti di alta qualit\u00e0 per lavoro ed emergenza","potentialAction":[{"@type":"SearchAction","target":{"@type":"EntryPoint","urlTemplate":"https:\/\/www.stem.it\/es\/?s={search_term_string}"},"query-input":{"@type":"PropertyValueSpecification","valueRequired":true,"valueName":"search_term_string"}}],"inLanguage":"es"},{"@type":"Person","@id":"https:\/\/www.stem.it\/es\/#\/schema\/person\/ed2c0dbb7ccf5e46288b8b9446421bd9","name":"kedos","image":{"@type":"ImageObject","inLanguage":"es","@id":"https:\/\/secure.gravatar.com\/avatar\/0cf0f65013daf2393366816b80bc771016138b1dd74bf1051026fa00b412f21f?s=96&d=mm&r=g","url":"https:\/\/secure.gravatar.com\/avatar\/0cf0f65013daf2393366816b80bc771016138b1dd74bf1051026fa00b412f21f?s=96&d=mm&r=g","contentUrl":"https:\/\/secure.gravatar.com\/avatar\/0cf0f65013daf2393366816b80bc771016138b1dd74bf1051026fa00b412f21f?s=96&d=mm&r=g","caption":"kedos"}}]}},"_links":{"self":[{"href":"https:\/\/www.stem.it\/es\/wp-json\/wp\/v2\/posts\/13738","targetHints":{"allow":["GET"]}}],"collection":[{"href":"https:\/\/www.stem.it\/es\/wp-json\/wp\/v2\/posts"}],"about":[{"href":"https:\/\/www.stem.it\/es\/wp-json\/wp\/v2\/types\/post"}],"author":[{"embeddable":true,"href":"https:\/\/www.stem.it\/es\/wp-json\/wp\/v2\/users\/8"}],"replies":[{"embeddable":true,"href":"https:\/\/www.stem.it\/es\/wp-json\/wp\/v2\/comments?post=13738"}],"version-history":[{"count":3,"href":"https:\/\/www.stem.it\/es\/wp-json\/wp\/v2\/posts\/13738\/revisions"}],"predecessor-version":[{"id":46408,"href":"https:\/\/www.stem.it\/es\/wp-json\/wp\/v2\/posts\/13738\/revisions\/46408"}],"wp:featuredmedia":[{"embeddable":true,"href":"https:\/\/www.stem.it\/es\/wp-json\/wp\/v2\/media\/13783"}],"wp:attachment":[{"href":"https:\/\/www.stem.it\/es\/wp-json\/wp\/v2\/media?parent=13738"}],"wp:term":[{"taxonomy":"category","embeddable":true,"href":"https:\/\/www.stem.it\/es\/wp-json\/wp\/v2\/categories?post=13738"},{"taxonomy":"post_tag","embeddable":true,"href":"https:\/\/www.stem.it\/es\/wp-json\/wp\/v2\/tags?post=13738"}],"curies":[{"name":"wp","href":"https:\/\/api.w.org\/{rel}","templated":true}]}}