{"id":40760,"date":"2024-05-31T12:00:00","date_gmt":"2024-05-31T10:00:00","guid":{"rendered":"https:\/\/www.stem.it\/?p=40760"},"modified":"2025-03-05T10:06:49","modified_gmt":"2025-03-05T09:06:49","slug":"rettmobil-2024-krankentransporte-so-lief-es-am-stem-stand","status":"publish","type":"post","link":"https:\/\/www.stem.it\/de\/regeln-gesetze-und-normen\/rettmobil-2024-krankentransporte-so-lief-es-am-stem-stand\/","title":{"rendered":"RETTmobil 2024: Krankentransporte, so lief es am STEM-Stand"},"content":{"rendered":"\n<p><strong>Mit mehr als 30.000 Besuchern aus 50 L\u00e4ndern und 480 Ausstellern ging die 22. Ausgabe der RETTmobil, Europas f\u00fchrender Fachmesse f\u00fcr Rettungs-, Sicherheits- und Krankentransporte, in Fulda zu Ende. Auch das STEM-Team war vor Ort und pr\u00e4sentierte an seinem Stand die neuesten Innovationen.<\/strong><\/p>\n\n\n\n<p>Mit einer spektakul\u00e4ren Parade von Rettungsfahrzeugen mit Blaulicht, auch Krankentransporte genannt, und uniformierten Teams im Schlepptau, dem so genannten Abhornen, ging die <strong>22. Ausgabe der RETTmobil 2024<\/strong> <a href=\"https:\/\/www.rettmobil-international.com\/\" target=\"_blank\" rel=\"noreferrer noopener\">(www.rettmobil-international.com)<\/a>, Europas wichtigster Fachmesse f\u00fcr <strong>Rettung, Sicherheit und Krankentransporte<\/strong>, erfolgreich zu Ende.<\/p>\n\n\n\n<p>Die diesj\u00e4hrige internationale Veranstaltung, die vom <strong>15. bis 17. Mai auf der Trend Messe in Fulda stattfand<\/strong>, stie\u00df wie immer auf gro\u00dfes Interesse bei Publikum und Fachleuten.<\/p>\n\n\n\n<figure class=\"wp-block-embed is-type-video is-provider-youtube wp-block-embed-youtube wp-embed-aspect-16-9 wp-has-aspect-ratio\"><div class=\"wp-block-embed__wrapper\">\n<div class='avia-iframe-wrap'><iframe loading=\"lazy\" title=\"RETTmobil 2004: parla il team di STEM\" width=\"1500\" height=\"844\" src=\"https:\/\/www.youtube.com\/embed\/FuARSYHjpM4?feature=oembed\" frameborder=\"0\" allow=\"accelerometer; autoplay; clipboard-write; encrypted-media; gyroscope; picture-in-picture; web-share\" referrerpolicy=\"strict-origin-when-cross-origin\" allowfullscreen><\/iframe><\/div>\n<\/div><\/figure>\n\n\n\n<h2 class=\"wp-block-heading\"><strong>Viele Besucher an den mehr als 480 Messest\u00e4nden<\/strong><\/h2>\n\n\n\n<p><strong>Mehr als 30.000 Fachbesucher aus 50 L\u00e4ndern<\/strong> nahmen an der RETTmobil teil und erkundeten die Neuigkeiten, die an den St\u00e4nden von <strong>\u00fcber 480 Ausstellern<\/strong> pr\u00e4sentiert wurden. Diese Internationale Messe ist bekannt f\u00fcr die Pr\u00e4sentation der <strong>neuesten Technologischen Innovationen in der Notfallrettung und f\u00fcr den mobilen medizinischen Einsatz<\/strong>. Die Vielzahl der ausgestellten Krankentransporte aller Kategorien mit den neuesten Interventionstechniken und -verfahren erm\u00f6glichten es allen Besuchern einen umfassenden \u00dcberblick zu erhalten. Aber das ist noch nicht alles.<\/p>\n\n\n\n<p>Die RETTmobil war schon immer eine Gelegenheit zur Diskussion und zum Austausch unter Fachleuten. Hier tauschen Retter, Unternehmen und spezialisierte Organisationen aus verschiedenen L\u00e4ndern <strong>Erfahrungen, Technologie, Know-how<\/strong> aus und diese 22. Ausgabe war keine Ausnahme.<br><\/p>\n\n\n\n<figure class=\"wp-block-image size-full\"><img loading=\"lazy\" decoding=\"async\" width=\"834\" height=\"162\" src=\"https:\/\/www.stem.it\/wp-content\/uploads\/2024\/05\/RETTmobil-2024-Articolo-THE-EMS-BLOG-833x321-03.jpg\" alt=\"rettmobil-2024-von-oben\" class=\"wp-image-40697\" srcset=\"https:\/\/www.stem.it\/wp-content\/uploads\/2024\/05\/RETTmobil-2024-Articolo-THE-EMS-BLOG-833x321-03.jpg 834w, https:\/\/www.stem.it\/wp-content\/uploads\/2024\/05\/RETTmobil-2024-Articolo-THE-EMS-BLOG-833x321-03-300x58.jpg 300w, https:\/\/www.stem.it\/wp-content\/uploads\/2024\/05\/RETTmobil-2024-Articolo-THE-EMS-BLOG-833x321-03-768x149.jpg 768w, https:\/\/www.stem.it\/wp-content\/uploads\/2024\/05\/RETTmobil-2024-Articolo-THE-EMS-BLOG-833x321-03-705x137.jpg 705w\" sizes=\"auto, (max-width: 834px) 100vw, 834px\" \/><\/figure>\n\n\n\n<h2 class=\"wp-block-heading\"><strong>Auch STEM-Team unter den Ausstellern<\/strong> &#8211; Krankentransporte<\/h2>\n\n\n\n<p>Auf der RETTMobil 2024 durfte der Stand von <strong><a href=\"https:\/\/www.stem.it\/de\/\" target=\"_blank\" rel=\"noreferrer noopener\">STEM<\/a><\/strong>, das f\u00fchrende italienische Unternehmen im Bereich der Rettung und des Gesundheitsschutzes, nicht fehlen. Auf den in <strong>Halle 6 (Stand 604) <\/strong>eingerichteten Fl\u00e4chen war das gesamte STEM-Team unter der Leitung des Firmengr\u00fcnders <strong>Ezio Menna<\/strong> und des Generaldirektors <strong>Michele Corradi<\/strong> in voller St\u00e4rke vertreten, um die neuesten Innovationen des Katalogs in Bezug auf <strong>technologische L\u00f6sungen und Gesch\u00e4ftsstrategienzu pr\u00e4sentieren<\/strong>.<\/p>\n\n\n\n<p>Als Highlight wurde das innovative <a href=\"https:\/\/spark.stem.it\/de\/\" target=\"_blank\" rel=\"noreferrer noopener\">Spark-System<\/a> pr\u00e4sentiert; eine robotische elektrische Krankentrage mit verschiedenen integrierten Transporthilfen f\u00fcr Krankenwagen. Insbesondere wurde dem Publikum die <strong>neue bariatrische Trage<\/strong> in ihrer endg\u00fcltigen Konfiguration gezeigt, die einen bedeutenden Fortschritt f\u00fcr die Bed\u00fcrfnisse von Rettungskr\u00e4ften im Gesundheitswesen darstellt. Dar\u00fcber hinaus wurde die <a href=\"https:\/\/www.stem.it\/de\/service-center\/\" target=\"_blank\" rel=\"noreferrer noopener\">Global Service Technologie<\/a> f\u00fcr <strong>alle Systeme der Spark-Serie <\/strong>vorgestellt, mit der ein innovatives <strong>After-Sales-Servicekonzept<\/strong> f\u00fcr alle STEM-Produkte eingef\u00fchrt wurde.<br><\/p>\n\n\n\n<figure class=\"wp-block-image size-full\"><img loading=\"lazy\" decoding=\"async\" width=\"834\" height=\"162\" src=\"https:\/\/www.stem.it\/wp-content\/uploads\/2024\/05\/RETTmobil-2024-Articolo-THE-EMS-BLOG-833x321-04.jpg\" alt=\"der-stem-team-in-rettmobil-2024-der-fachmesse-von-krankentransporte\" class=\"wp-image-40703\" srcset=\"https:\/\/www.stem.it\/wp-content\/uploads\/2024\/05\/RETTmobil-2024-Articolo-THE-EMS-BLOG-833x321-04.jpg 834w, https:\/\/www.stem.it\/wp-content\/uploads\/2024\/05\/RETTmobil-2024-Articolo-THE-EMS-BLOG-833x321-04-300x58.jpg 300w, https:\/\/www.stem.it\/wp-content\/uploads\/2024\/05\/RETTmobil-2024-Articolo-THE-EMS-BLOG-833x321-04-768x149.jpg 768w, https:\/\/www.stem.it\/wp-content\/uploads\/2024\/05\/RETTmobil-2024-Articolo-THE-EMS-BLOG-833x321-04-705x137.jpg 705w\" sizes=\"auto, (max-width: 834px) 100vw, 834px\" \/><\/figure>\n\n\n\n<h2 class=\"wp-block-heading\"><strong>STEM-Produkte und Krankentransporte: Anfassen macht den Unterschied<\/strong><\/h2>\n\n\n\n<p>Gro\u00dfe Neugierde bei den Besuchern und G\u00e4sten der STEM-Ausstellung weckten <strong>Innovationen im Trittstufensegment<\/strong> f\u00fcr den \u00f6ffentlichen und sanit\u00e4ren Transport. Die neuen Modelle haben gelochte stark profilierte <strong>Oberfl\u00e4chen die Schnee und Schlamm ableiten<\/strong> um auch bei besonders widrigen Umgebungen <strong>den Grip zu verbessern<\/strong>. Die Besucher des STEM-Standes konnten sich auch ein Bild von der neuen Produktreihe der <strong><a href=\"https:\/\/www.stem.it\/de\/produkte\/ge-3-k\/#:~:text=Automatische%20Beta%CC%88tigung%20an%20der%20Fahrzeugtu%CC%88r%20zum%20Ein-%20bzw.,erfordern.%20Empfohlen%20fu%CC%88r%20Strecken%20mit%20Bremsschwellen%20und%20Rampen.\" target=\"_blank\" rel=\"noreferrer noopener\">\u201eKassettentrittstufen\u201c <\/a><\/strong>machen, die <strong>zus\u00e4tzlichen ergonomischen und zuverl\u00e4ssigen L\u00f6sungen<\/strong> f\u00fcr das Personal im Gesundheitswesen bieten sollen.<br><\/p>\n\n\n\n<figure class=\"wp-block-image size-full\"><img loading=\"lazy\" decoding=\"async\" width=\"834\" height=\"161\" src=\"https:\/\/www.stem.it\/wp-content\/uploads\/2024\/05\/RETTmobil-2024-Articolo-THE-EMS-BLOG-833x321-05-1.jpg\" alt=\"die-notfallsysteme-von-stem-in-rettmobil-2024\" class=\"wp-image-40740\" srcset=\"https:\/\/www.stem.it\/wp-content\/uploads\/2024\/05\/RETTmobil-2024-Articolo-THE-EMS-BLOG-833x321-05-1.jpg 834w, https:\/\/www.stem.it\/wp-content\/uploads\/2024\/05\/RETTmobil-2024-Articolo-THE-EMS-BLOG-833x321-05-1-300x58.jpg 300w, https:\/\/www.stem.it\/wp-content\/uploads\/2024\/05\/RETTmobil-2024-Articolo-THE-EMS-BLOG-833x321-05-1-768x148.jpg 768w, https:\/\/www.stem.it\/wp-content\/uploads\/2024\/05\/RETTmobil-2024-Articolo-THE-EMS-BLOG-833x321-05-1-705x136.jpg 705w\" sizes=\"auto, (max-width: 834px) 100vw, 834px\" \/><\/figure>\n\n\n\n<p><br>Denn genau das ist die St\u00e4rke von Messen wie der RETTmobil: Die Aussteller k\u00f6nnen dem Publikum <strong>die Qualit\u00e4t, das ergonomische Design und die technologische Forschung<\/strong>, die in den Produkten des Katalogs zum Ausdruck kommen, aus erster Hand vermitteln.<\/p>\n\n\n\n<p>\u00a0Au\u00dferdem wurden einige neue Produkte vorgestellt, die in K\u00fcrze erscheinen werden. Unter diesen weckte <strong><a href=\"https:\/\/www.stem.it\/de\/?post_type=portfolio&#038;p=41799\" target=\"_blank\" rel=\"noreferrer noopener\">der Prototyp von Spyke<\/a><\/strong> Interesse, der selbstladenden manuellen Krankentrage, sowie die neuen milit\u00e4rischen Systeme, die vom STEM-Bereich <strong><em>MEDEVAC<\/em><\/strong> f\u00fcr den medizinischen Notfalltransport entwickelt wurden. Dabei handelt es sich insbesondere um den <strong>Revel-s-Tr\u00e4ger<\/strong> f\u00fcr leichte Krankenwagen und <strong>das Ladesystem Stamina f\u00fcr Minenr\u00e4umfahrzeuge<\/strong>.<br><\/p>\n\n\n\n<figure class=\"wp-block-image size-full\"><img loading=\"lazy\" decoding=\"async\" width=\"834\" height=\"161\" src=\"https:\/\/www.stem.it\/wp-content\/uploads\/2024\/05\/RETTmobil-2024-Articolo-THE-EMS-BLOG-833x321-06.jpg\" alt=\"die-stem-notfallsysteme-tragenlagerungen-und-tragen\" class=\"wp-image-40715\" srcset=\"https:\/\/www.stem.it\/wp-content\/uploads\/2024\/05\/RETTmobil-2024-Articolo-THE-EMS-BLOG-833x321-06.jpg 834w, https:\/\/www.stem.it\/wp-content\/uploads\/2024\/05\/RETTmobil-2024-Articolo-THE-EMS-BLOG-833x321-06-300x58.jpg 300w, https:\/\/www.stem.it\/wp-content\/uploads\/2024\/05\/RETTmobil-2024-Articolo-THE-EMS-BLOG-833x321-06-768x148.jpg 768w, https:\/\/www.stem.it\/wp-content\/uploads\/2024\/05\/RETTmobil-2024-Articolo-THE-EMS-BLOG-833x321-06-705x136.jpg 705w\" sizes=\"auto, (max-width: 834px) 100vw, 834px\" \/><\/figure>\n\n\n\n<h2 class=\"wp-block-heading\"><br><strong>Willkommen &#8218;STEM DEUTSCHLAND&#8216;!<\/strong><\/h2>\n\n\n\n<p>W\u00e4hrend der RETTmobil 2024 pr\u00e4sentierte das italienische Unternehmen auch <strong>&#8218;STEM DEUTSCHLAND&#8216;<\/strong>, die neue Betriebsgesellschaft unter <strong>der Leitung von Carlo Padrini<\/strong>, die in diesem Jahr in Deutschland gegr\u00fcndet wurde, um den deutschen Markt mit L\u00f6sungen und Produkten zu bedienen, die auf die spezifischen lokalen Bed\u00fcrfnisse zugeschnitten sind. \u201eDies war das erste Jahr, in dem wir hier auf der Messe <strong>als STEM Deutschland<\/strong> aufgetreten sind\u201c, sagt Carlo Padrini, \u201evorher waren wir als <a href=\"http:\/\/www.tekmagmbh.de\/\" target=\"_blank\" rel=\"noreferrer noopener\"><strong>TEKMA GmbH<\/strong> <\/a>pr\u00e4sent und haben STEM-Produkte in Deutschland erfolgreich vertrieben. Jetzt sind wir mit STEM zusammengewachsen und haben <strong>viele neue Produkte aus Italien mitgebracht<\/strong>. Wir hoffen, dass wir auch weiterhin von unseren Kunden gut aufgenommen werden.<\/p>\n\n\n\n<p>Auf Handels Ebene waren die Erfahrungen von STEM auf der Rettmobil mehr als positiv. Es ist eine Veranstaltung, die <strong>hochqualifizierte Fachleute und Akteure des Sektors zusammenbringt<\/strong>&#8222;, sagt Nicole Nerborini, Sales Area Manager von STEM, \u201cinsbesondere aus Europa, aber auch aus S\u00fcdostasien und Saudi-Arabien. Alle<strong> Treffen, Pr\u00e4sentationen und Verabredungen<\/strong>, die an unserem Stand stattfanden, waren sehr zufriedenstellend. Das ist ein doppelter Vorteil: f\u00fcr die Kunden, die bei einem einzigen Besuch mehrere Hersteller kennen lernen k\u00f6nnen, und f\u00fcr Unternehmen wie das unsere, die <strong>w\u00e4hrend der drei Messetage ihren gesamten Produkt Katalog pr\u00e4sentieren k\u00f6nnen<\/strong>\u201c.<br><\/p>\n\n\n\n<figure class=\"wp-block-image size-full\"><img loading=\"lazy\" decoding=\"async\" width=\"834\" height=\"161\" src=\"https:\/\/www.stem.it\/wp-content\/uploads\/2024\/05\/RETTmobil-2024-Articolo-THE-EMS-BLOG-833x321-07.jpg\" alt=\"stem-stand-in-rettmobil-2024-krankentransporte\" class=\"wp-image-40722\" srcset=\"https:\/\/www.stem.it\/wp-content\/uploads\/2024\/05\/RETTmobil-2024-Articolo-THE-EMS-BLOG-833x321-07.jpg 834w, https:\/\/www.stem.it\/wp-content\/uploads\/2024\/05\/RETTmobil-2024-Articolo-THE-EMS-BLOG-833x321-07-300x58.jpg 300w, https:\/\/www.stem.it\/wp-content\/uploads\/2024\/05\/RETTmobil-2024-Articolo-THE-EMS-BLOG-833x321-07-768x148.jpg 768w, https:\/\/www.stem.it\/wp-content\/uploads\/2024\/05\/RETTmobil-2024-Articolo-THE-EMS-BLOG-833x321-07-705x136.jpg 705w\" sizes=\"auto, (max-width: 834px) 100vw, 834px\" \/><\/figure>\n\n\n\n<h2 class=\"wp-block-heading\"><br><strong>Ezio Menna: &#8218;Eine gr\u00f6\u00dfere Messe f\u00fcr einen wachsenden Markt&#8216;<\/strong><\/h2>\n\n\n\n<p><strong>Ezio Menna<\/strong>, Inhaber und Gr\u00fcnder des Unternehmens mit Sitz in Parma, \u00e4u\u00dfert sich begeistert und zufrieden \u00fcber die Teilnahme von STEM an der RETTmobil 2024: \u201e<strong>Die Verbindung zwischen STEM und der RETTmobil ist sehr eng<\/strong> und reicht bis zu den Urspr\u00fcngen dieser wichtigen Messe zur\u00fcck, die in ihren ersten Ausgaben in N\u00fcrnberg stattfand. Selbst als sie nach <a href=\"https:\/\/de.wikipedia.org\/wiki\/Fulda\" target=\"_blank\" rel=\"noreferrer noopener\">Fulda<\/a> verlegt wurde, waren wir jedes Jahr dabei und stolz darauf, nicht nur unsere innovativen L\u00f6sungen zu pr\u00e4sentieren, sondern uns auch <strong>mit anderen Fachleuten des Sektors zu messen<\/strong>. Ich freue mich, dass sich die Messe in diesem Jahr deutlich <strong>vergr\u00f6\u00dfert hat<\/strong> und neue <strong>Ausstellerfl\u00e4chen zur Verf\u00fcgung gestellt wurden<\/strong>. Es gibt auch neue Unternehmen, was ein sehr gutes Zeichen f\u00fcr einen schnell wachsenden Markt ist.<br><\/p>\n\n\n\n<figure class=\"wp-block-image size-full\"><img loading=\"lazy\" decoding=\"async\" width=\"834\" height=\"162\" src=\"https:\/\/www.stem.it\/wp-content\/uploads\/2024\/05\/RETTmobil-2024-Articolo-THE-EMS-BLOG-833x321-08.jpg\" alt=\"der-fachmesse-der-rettungsfahrzeugen-krankentransporte-rettmobil-2024-von-drone\" class=\"wp-image-40728\" srcset=\"https:\/\/www.stem.it\/wp-content\/uploads\/2024\/05\/RETTmobil-2024-Articolo-THE-EMS-BLOG-833x321-08.jpg 834w, https:\/\/www.stem.it\/wp-content\/uploads\/2024\/05\/RETTmobil-2024-Articolo-THE-EMS-BLOG-833x321-08-300x58.jpg 300w, https:\/\/www.stem.it\/wp-content\/uploads\/2024\/05\/RETTmobil-2024-Articolo-THE-EMS-BLOG-833x321-08-768x149.jpg 768w, https:\/\/www.stem.it\/wp-content\/uploads\/2024\/05\/RETTmobil-2024-Articolo-THE-EMS-BLOG-833x321-08-705x137.jpg 705w\" sizes=\"auto, (max-width: 834px) 100vw, 834px\" \/><\/figure>\n\n\n\n<h2 class=\"wp-block-heading\"><br><strong>Wir sehen uns bei der n\u00e4chsten Ausgabe im Jahr 2025<\/strong><\/h2>\n\n\n\n<p>Neben der Teilnahme an den Sitzungen und technischen Konferenzen, die im Rahmen der Ausstellung organisiert wurden, fehlte es dem STEM-Team, nicht an geselligen Momenten. Die Einweihung der Deutschen Niederlassung wurde mit einem Sektempfang mit <strong>gastronomischer Verkostung<\/strong>, ein Mix aus <strong>lokalen und \u201eMade in Italy\u201c<\/strong>, auf dem Stand gefeiert.<\/p>\n\n\n\n<p>Die Organisatoren der RETTmobil sind mit dieser Ausgabe sehr zufrieden und arbeiten bereits an der n\u00e4chsten, die <strong>vom 14. bis 16. Mai 2025, ebenfalls in Fulda,<\/strong> stattfinden wird. Und auch im n\u00e4chsten Jahr wird STEM in Deutschland vertreten sein, immer mit Blick auf <strong>die Zukunft der Rettungs- und Gesundheitsmobilit\u00e4t<\/strong>. Wir bedanken uns bei allen Besuchern und freuen uns auf ein Wiedersehen auf der <strong>RETTmobil 2025<\/strong>.<\/p>\n\n\n\n<figure class=\"wp-block-image size-full\"><img loading=\"lazy\" decoding=\"async\" width=\"834\" height=\"162\" src=\"https:\/\/www.stem.it\/wp-content\/uploads\/2024\/05\/RETTmobil-2024-Articolo-THE-EMS-BLOG-833x321-09.jpg\" alt=\"der-fachmesse-der-rettungsfahrzeugen-krankentransporte-rettmobil-2024\" class=\"wp-image-40734\" srcset=\"https:\/\/www.stem.it\/wp-content\/uploads\/2024\/05\/RETTmobil-2024-Articolo-THE-EMS-BLOG-833x321-09.jpg 834w, https:\/\/www.stem.it\/wp-content\/uploads\/2024\/05\/RETTmobil-2024-Articolo-THE-EMS-BLOG-833x321-09-300x58.jpg 300w, https:\/\/www.stem.it\/wp-content\/uploads\/2024\/05\/RETTmobil-2024-Articolo-THE-EMS-BLOG-833x321-09-768x149.jpg 768w, https:\/\/www.stem.it\/wp-content\/uploads\/2024\/05\/RETTmobil-2024-Articolo-THE-EMS-BLOG-833x321-09-705x137.jpg 705w\" sizes=\"auto, (max-width: 834px) 100vw, 834px\" \/><\/figure>\n","protected":false},"excerpt":{"rendered":"<p>Stem nahm an RETTmobil 2024, der Fachmesse von Krankentransporte, teil. Wie es am Stem-Stand lief, erfahren Sie in diesem Artikel!<\/p>\n","protected":false},"author":12,"featured_media":40686,"comment_status":"closed","ping_status":"closed","sticky":false,"template":"","format":"standard","meta":{"footnotes":""},"categories":[237,59],"tags":[],"class_list":["post-40760","post","type-post","status-publish","format-standard","has-post-thumbnail","hentry","category-community-de","category-regeln-gesetze-und-normen"],"yoast_head":"<!-- This site is optimized with the Yoast SEO plugin v27.4 - https:\/\/yoast.com\/product\/yoast-seo-wordpress\/ -->\n<title>RETTmobil 2024: Krankentransporte, so lief es am STEM-Stand - Stem Ems<\/title>\n<meta name=\"description\" content=\"Stem nahm an RETTmobil 2024, der Fachmesse von Krankentransporte, teil. Wie es am Stem-Stand lief, erfahren Sie in diesem Artikel!\" \/>\n<meta name=\"robots\" content=\"index, follow, max-snippet:-1, max-image-preview:large, max-video-preview:-1\" \/>\n<link rel=\"canonical\" href=\"https:\/\/www.stem.it\/de\/regeln-gesetze-und-normen\/rettmobil-2024-krankentransporte-so-lief-es-am-stem-stand\/\" \/>\n<meta property=\"og:locale\" content=\"de_DE\" \/>\n<meta property=\"og:type\" content=\"article\" \/>\n<meta property=\"og:title\" content=\"RETTmobil 2024: Krankentransporte, so lief es am STEM-Stand - Stem Ems\" \/>\n<meta property=\"og:description\" content=\"Stem nahm an RETTmobil 2024, der Fachmesse von Krankentransporte, teil. Wie es am Stem-Stand lief, erfahren Sie in diesem Artikel!\" \/>\n<meta property=\"og:url\" content=\"https:\/\/www.stem.it\/de\/regeln-gesetze-und-normen\/rettmobil-2024-krankentransporte-so-lief-es-am-stem-stand\/\" \/>\n<meta property=\"og:site_name\" content=\"Stem Ems\" \/>\n<meta property=\"article:publisher\" content=\"https:\/\/www.facebook.com\/stememsemergencymedicalsystems\/\" \/>\n<meta property=\"article:published_time\" content=\"2024-05-31T10:00:00+00:00\" \/>\n<meta property=\"article:modified_time\" content=\"2025-03-05T09:06:49+00:00\" \/>\n<meta property=\"og:image\" content=\"https:\/\/www.stem.it\/wp-content\/uploads\/2024\/05\/RETTmobil-2024-Articolo-THE-EMS-BLOG-833x321-01-Copertina.jpg\" \/>\n\t<meta property=\"og:image:width\" content=\"834\" \/>\n\t<meta property=\"og:image:height\" content=\"322\" \/>\n\t<meta property=\"og:image:type\" content=\"image\/jpeg\" \/>\n<meta name=\"author\" content=\"webmarketing\" \/>\n<meta name=\"twitter:card\" content=\"summary_large_image\" \/>\n<meta name=\"twitter:label1\" content=\"Verfasst von\" \/>\n\t<meta name=\"twitter:data1\" content=\"webmarketing\" \/>\n\t<meta name=\"twitter:label2\" content=\"Gesch\u00e4tzte Lesezeit\" \/>\n\t<meta name=\"twitter:data2\" content=\"7\u00a0Minuten\" \/>\n<script type=\"application\/ld+json\" class=\"yoast-schema-graph\">{\"@context\":\"https:\\\/\\\/schema.org\",\"@graph\":[{\"@type\":\"Article\",\"@id\":\"https:\\\/\\\/www.stem.it\\\/de\\\/regeln-gesetze-und-normen\\\/rettmobil-2024-krankentransporte-so-lief-es-am-stem-stand\\\/#article\",\"isPartOf\":{\"@id\":\"https:\\\/\\\/www.stem.it\\\/de\\\/regeln-gesetze-und-normen\\\/rettmobil-2024-krankentransporte-so-lief-es-am-stem-stand\\\/\"},\"author\":{\"name\":\"webmarketing\",\"@id\":\"https:\\\/\\\/www.stem.it\\\/de\\\/#\\\/schema\\\/person\\\/54405616b318f734b7a507fd4a0a5476\"},\"headline\":\"RETTmobil 2024: Krankentransporte, so lief es am STEM-Stand\",\"datePublished\":\"2024-05-31T10:00:00+00:00\",\"dateModified\":\"2025-03-05T09:06:49+00:00\",\"mainEntityOfPage\":{\"@id\":\"https:\\\/\\\/www.stem.it\\\/de\\\/regeln-gesetze-und-normen\\\/rettmobil-2024-krankentransporte-so-lief-es-am-stem-stand\\\/\"},\"wordCount\":1063,\"image\":{\"@id\":\"https:\\\/\\\/www.stem.it\\\/de\\\/regeln-gesetze-und-normen\\\/rettmobil-2024-krankentransporte-so-lief-es-am-stem-stand\\\/#primaryimage\"},\"thumbnailUrl\":\"https:\\\/\\\/www.stem.it\\\/wp-content\\\/uploads\\\/2024\\\/05\\\/RETTmobil-2024-Articolo-THE-EMS-BLOG-833x321-01-Copertina.jpg\",\"articleSection\":[\"Community\",\"Regeln, Gesetze und Normen\"],\"inLanguage\":\"de\"},{\"@type\":\"WebPage\",\"@id\":\"https:\\\/\\\/www.stem.it\\\/de\\\/regeln-gesetze-und-normen\\\/rettmobil-2024-krankentransporte-so-lief-es-am-stem-stand\\\/\",\"url\":\"https:\\\/\\\/www.stem.it\\\/de\\\/regeln-gesetze-und-normen\\\/rettmobil-2024-krankentransporte-so-lief-es-am-stem-stand\\\/\",\"name\":\"RETTmobil 2024: Krankentransporte, so lief es am STEM-Stand - Stem Ems\",\"isPartOf\":{\"@id\":\"https:\\\/\\\/www.stem.it\\\/de\\\/#website\"},\"primaryImageOfPage\":{\"@id\":\"https:\\\/\\\/www.stem.it\\\/de\\\/regeln-gesetze-und-normen\\\/rettmobil-2024-krankentransporte-so-lief-es-am-stem-stand\\\/#primaryimage\"},\"image\":{\"@id\":\"https:\\\/\\\/www.stem.it\\\/de\\\/regeln-gesetze-und-normen\\\/rettmobil-2024-krankentransporte-so-lief-es-am-stem-stand\\\/#primaryimage\"},\"thumbnailUrl\":\"https:\\\/\\\/www.stem.it\\\/wp-content\\\/uploads\\\/2024\\\/05\\\/RETTmobil-2024-Articolo-THE-EMS-BLOG-833x321-01-Copertina.jpg\",\"datePublished\":\"2024-05-31T10:00:00+00:00\",\"dateModified\":\"2025-03-05T09:06:49+00:00\",\"author\":{\"@id\":\"https:\\\/\\\/www.stem.it\\\/de\\\/#\\\/schema\\\/person\\\/54405616b318f734b7a507fd4a0a5476\"},\"description\":\"Stem nahm an RETTmobil 2024, der Fachmesse von Krankentransporte, teil. Wie es am Stem-Stand lief, erfahren Sie in diesem Artikel!\",\"breadcrumb\":{\"@id\":\"https:\\\/\\\/www.stem.it\\\/de\\\/regeln-gesetze-und-normen\\\/rettmobil-2024-krankentransporte-so-lief-es-am-stem-stand\\\/#breadcrumb\"},\"inLanguage\":\"de\",\"potentialAction\":[{\"@type\":\"ReadAction\",\"target\":[\"https:\\\/\\\/www.stem.it\\\/de\\\/regeln-gesetze-und-normen\\\/rettmobil-2024-krankentransporte-so-lief-es-am-stem-stand\\\/\"]}]},{\"@type\":\"ImageObject\",\"inLanguage\":\"de\",\"@id\":\"https:\\\/\\\/www.stem.it\\\/de\\\/regeln-gesetze-und-normen\\\/rettmobil-2024-krankentransporte-so-lief-es-am-stem-stand\\\/#primaryimage\",\"url\":\"https:\\\/\\\/www.stem.it\\\/wp-content\\\/uploads\\\/2024\\\/05\\\/RETTmobil-2024-Articolo-THE-EMS-BLOG-833x321-01-Copertina.jpg\",\"contentUrl\":\"https:\\\/\\\/www.stem.it\\\/wp-content\\\/uploads\\\/2024\\\/05\\\/RETTmobil-2024-Articolo-THE-EMS-BLOG-833x321-01-Copertina.jpg\",\"width\":834,\"height\":322},{\"@type\":\"BreadcrumbList\",\"@id\":\"https:\\\/\\\/www.stem.it\\\/de\\\/regeln-gesetze-und-normen\\\/rettmobil-2024-krankentransporte-so-lief-es-am-stem-stand\\\/#breadcrumb\",\"itemListElement\":[{\"@type\":\"ListItem\",\"position\":1,\"name\":\"Home\",\"item\":\"https:\\\/\\\/www.stem.it\\\/de\\\/\"},{\"@type\":\"ListItem\",\"position\":2,\"name\":\"RETTmobil 2024: Krankentransporte, so lief es am STEM-Stand\"}]},{\"@type\":\"WebSite\",\"@id\":\"https:\\\/\\\/www.stem.it\\\/de\\\/#website\",\"url\":\"https:\\\/\\\/www.stem.it\\\/de\\\/\",\"name\":\"Stem Ems\",\"description\":\"Prodotti di alta qualit\u00e0 per lavoro ed emergenza\",\"potentialAction\":[{\"@type\":\"SearchAction\",\"target\":{\"@type\":\"EntryPoint\",\"urlTemplate\":\"https:\\\/\\\/www.stem.it\\\/de\\\/?s={search_term_string}\"},\"query-input\":{\"@type\":\"PropertyValueSpecification\",\"valueRequired\":true,\"valueName\":\"search_term_string\"}}],\"inLanguage\":\"de\"},{\"@type\":\"Person\",\"@id\":\"https:\\\/\\\/www.stem.it\\\/de\\\/#\\\/schema\\\/person\\\/54405616b318f734b7a507fd4a0a5476\",\"name\":\"webmarketing\",\"image\":{\"@type\":\"ImageObject\",\"inLanguage\":\"de\",\"@id\":\"https:\\\/\\\/secure.gravatar.com\\\/avatar\\\/55ca24ab9f1b5382f5e97702f12eb1e8c2a749b22d7e6a79ade1e1fffae1338f?s=96&d=mm&r=g\",\"url\":\"https:\\\/\\\/secure.gravatar.com\\\/avatar\\\/55ca24ab9f1b5382f5e97702f12eb1e8c2a749b22d7e6a79ade1e1fffae1338f?s=96&d=mm&r=g\",\"contentUrl\":\"https:\\\/\\\/secure.gravatar.com\\\/avatar\\\/55ca24ab9f1b5382f5e97702f12eb1e8c2a749b22d7e6a79ade1e1fffae1338f?s=96&d=mm&r=g\",\"caption\":\"webmarketing\"}}]}<\/script>\n<!-- \/ Yoast SEO plugin. -->","yoast_head_json":{"title":"RETTmobil 2024: Krankentransporte, so lief es am STEM-Stand - Stem Ems","description":"Stem nahm an RETTmobil 2024, der Fachmesse von Krankentransporte, teil. Wie es am Stem-Stand lief, erfahren Sie in diesem Artikel!","robots":{"index":"index","follow":"follow","max-snippet":"max-snippet:-1","max-image-preview":"max-image-preview:large","max-video-preview":"max-video-preview:-1"},"canonical":"https:\/\/www.stem.it\/de\/regeln-gesetze-und-normen\/rettmobil-2024-krankentransporte-so-lief-es-am-stem-stand\/","og_locale":"de_DE","og_type":"article","og_title":"RETTmobil 2024: Krankentransporte, so lief es am STEM-Stand - Stem Ems","og_description":"Stem nahm an RETTmobil 2024, der Fachmesse von Krankentransporte, teil. Wie es am Stem-Stand lief, erfahren Sie in diesem Artikel!","og_url":"https:\/\/www.stem.it\/de\/regeln-gesetze-und-normen\/rettmobil-2024-krankentransporte-so-lief-es-am-stem-stand\/","og_site_name":"Stem Ems","article_publisher":"https:\/\/www.facebook.com\/stememsemergencymedicalsystems\/","article_published_time":"2024-05-31T10:00:00+00:00","article_modified_time":"2025-03-05T09:06:49+00:00","og_image":[{"width":834,"height":322,"url":"https:\/\/www.stem.it\/wp-content\/uploads\/2024\/05\/RETTmobil-2024-Articolo-THE-EMS-BLOG-833x321-01-Copertina.jpg","type":"image\/jpeg"}],"author":"webmarketing","twitter_card":"summary_large_image","twitter_misc":{"Verfasst von":"webmarketing","Gesch\u00e4tzte Lesezeit":"7\u00a0Minuten"},"schema":{"@context":"https:\/\/schema.org","@graph":[{"@type":"Article","@id":"https:\/\/www.stem.it\/de\/regeln-gesetze-und-normen\/rettmobil-2024-krankentransporte-so-lief-es-am-stem-stand\/#article","isPartOf":{"@id":"https:\/\/www.stem.it\/de\/regeln-gesetze-und-normen\/rettmobil-2024-krankentransporte-so-lief-es-am-stem-stand\/"},"author":{"name":"webmarketing","@id":"https:\/\/www.stem.it\/de\/#\/schema\/person\/54405616b318f734b7a507fd4a0a5476"},"headline":"RETTmobil 2024: Krankentransporte, so lief es am STEM-Stand","datePublished":"2024-05-31T10:00:00+00:00","dateModified":"2025-03-05T09:06:49+00:00","mainEntityOfPage":{"@id":"https:\/\/www.stem.it\/de\/regeln-gesetze-und-normen\/rettmobil-2024-krankentransporte-so-lief-es-am-stem-stand\/"},"wordCount":1063,"image":{"@id":"https:\/\/www.stem.it\/de\/regeln-gesetze-und-normen\/rettmobil-2024-krankentransporte-so-lief-es-am-stem-stand\/#primaryimage"},"thumbnailUrl":"https:\/\/www.stem.it\/wp-content\/uploads\/2024\/05\/RETTmobil-2024-Articolo-THE-EMS-BLOG-833x321-01-Copertina.jpg","articleSection":["Community","Regeln, Gesetze und Normen"],"inLanguage":"de"},{"@type":"WebPage","@id":"https:\/\/www.stem.it\/de\/regeln-gesetze-und-normen\/rettmobil-2024-krankentransporte-so-lief-es-am-stem-stand\/","url":"https:\/\/www.stem.it\/de\/regeln-gesetze-und-normen\/rettmobil-2024-krankentransporte-so-lief-es-am-stem-stand\/","name":"RETTmobil 2024: Krankentransporte, so lief es am STEM-Stand - Stem Ems","isPartOf":{"@id":"https:\/\/www.stem.it\/de\/#website"},"primaryImageOfPage":{"@id":"https:\/\/www.stem.it\/de\/regeln-gesetze-und-normen\/rettmobil-2024-krankentransporte-so-lief-es-am-stem-stand\/#primaryimage"},"image":{"@id":"https:\/\/www.stem.it\/de\/regeln-gesetze-und-normen\/rettmobil-2024-krankentransporte-so-lief-es-am-stem-stand\/#primaryimage"},"thumbnailUrl":"https:\/\/www.stem.it\/wp-content\/uploads\/2024\/05\/RETTmobil-2024-Articolo-THE-EMS-BLOG-833x321-01-Copertina.jpg","datePublished":"2024-05-31T10:00:00+00:00","dateModified":"2025-03-05T09:06:49+00:00","author":{"@id":"https:\/\/www.stem.it\/de\/#\/schema\/person\/54405616b318f734b7a507fd4a0a5476"},"description":"Stem nahm an RETTmobil 2024, der Fachmesse von Krankentransporte, teil. Wie es am Stem-Stand lief, erfahren Sie in diesem Artikel!","breadcrumb":{"@id":"https:\/\/www.stem.it\/de\/regeln-gesetze-und-normen\/rettmobil-2024-krankentransporte-so-lief-es-am-stem-stand\/#breadcrumb"},"inLanguage":"de","potentialAction":[{"@type":"ReadAction","target":["https:\/\/www.stem.it\/de\/regeln-gesetze-und-normen\/rettmobil-2024-krankentransporte-so-lief-es-am-stem-stand\/"]}]},{"@type":"ImageObject","inLanguage":"de","@id":"https:\/\/www.stem.it\/de\/regeln-gesetze-und-normen\/rettmobil-2024-krankentransporte-so-lief-es-am-stem-stand\/#primaryimage","url":"https:\/\/www.stem.it\/wp-content\/uploads\/2024\/05\/RETTmobil-2024-Articolo-THE-EMS-BLOG-833x321-01-Copertina.jpg","contentUrl":"https:\/\/www.stem.it\/wp-content\/uploads\/2024\/05\/RETTmobil-2024-Articolo-THE-EMS-BLOG-833x321-01-Copertina.jpg","width":834,"height":322},{"@type":"BreadcrumbList","@id":"https:\/\/www.stem.it\/de\/regeln-gesetze-und-normen\/rettmobil-2024-krankentransporte-so-lief-es-am-stem-stand\/#breadcrumb","itemListElement":[{"@type":"ListItem","position":1,"name":"Home","item":"https:\/\/www.stem.it\/de\/"},{"@type":"ListItem","position":2,"name":"RETTmobil 2024: Krankentransporte, so lief es am STEM-Stand"}]},{"@type":"WebSite","@id":"https:\/\/www.stem.it\/de\/#website","url":"https:\/\/www.stem.it\/de\/","name":"Stem Ems","description":"Prodotti di alta qualit\u00e0 per lavoro ed emergenza","potentialAction":[{"@type":"SearchAction","target":{"@type":"EntryPoint","urlTemplate":"https:\/\/www.stem.it\/de\/?s={search_term_string}"},"query-input":{"@type":"PropertyValueSpecification","valueRequired":true,"valueName":"search_term_string"}}],"inLanguage":"de"},{"@type":"Person","@id":"https:\/\/www.stem.it\/de\/#\/schema\/person\/54405616b318f734b7a507fd4a0a5476","name":"webmarketing","image":{"@type":"ImageObject","inLanguage":"de","@id":"https:\/\/secure.gravatar.com\/avatar\/55ca24ab9f1b5382f5e97702f12eb1e8c2a749b22d7e6a79ade1e1fffae1338f?s=96&d=mm&r=g","url":"https:\/\/secure.gravatar.com\/avatar\/55ca24ab9f1b5382f5e97702f12eb1e8c2a749b22d7e6a79ade1e1fffae1338f?s=96&d=mm&r=g","contentUrl":"https:\/\/secure.gravatar.com\/avatar\/55ca24ab9f1b5382f5e97702f12eb1e8c2a749b22d7e6a79ade1e1fffae1338f?s=96&d=mm&r=g","caption":"webmarketing"}}]}},"_links":{"self":[{"href":"https:\/\/www.stem.it\/de\/wp-json\/wp\/v2\/posts\/40760","targetHints":{"allow":["GET"]}}],"collection":[{"href":"https:\/\/www.stem.it\/de\/wp-json\/wp\/v2\/posts"}],"about":[{"href":"https:\/\/www.stem.it\/de\/wp-json\/wp\/v2\/types\/post"}],"author":[{"embeddable":true,"href":"https:\/\/www.stem.it\/de\/wp-json\/wp\/v2\/users\/12"}],"replies":[{"embeddable":true,"href":"https:\/\/www.stem.it\/de\/wp-json\/wp\/v2\/comments?post=40760"}],"version-history":[{"count":3,"href":"https:\/\/www.stem.it\/de\/wp-json\/wp\/v2\/posts\/40760\/revisions"}],"predecessor-version":[{"id":46111,"href":"https:\/\/www.stem.it\/de\/wp-json\/wp\/v2\/posts\/40760\/revisions\/46111"}],"wp:featuredmedia":[{"embeddable":true,"href":"https:\/\/www.stem.it\/de\/wp-json\/wp\/v2\/media\/40686"}],"wp:attachment":[{"href":"https:\/\/www.stem.it\/de\/wp-json\/wp\/v2\/media?parent=40760"}],"wp:term":[{"taxonomy":"category","embeddable":true,"href":"https:\/\/www.stem.it\/de\/wp-json\/wp\/v2\/categories?post=40760"},{"taxonomy":"post_tag","embeddable":true,"href":"https:\/\/www.stem.it\/de\/wp-json\/wp\/v2\/tags?post=40760"}],"curies":[{"name":"wp","href":"https:\/\/api.w.org\/{rel}","templated":true}]}}