{"id":40472,"date":"2024-05-10T08:54:42","date_gmt":"2024-05-10T06:54:42","guid":{"rendered":"https:\/\/www.stem.it\/?p=40472"},"modified":"2025-03-05T11:13:21","modified_gmt":"2025-03-05T10:13:21","slug":"rettmobil-2024-protagonist-stem-mit-seinen-innovationen","status":"publish","type":"post","link":"https:\/\/www.stem.it\/de\/community-de\/rettmobil-2024-protagonist-stem-mit-seinen-innovationen\/","title":{"rendered":"RETTMobil 2024: Protagonist &#8211; STEM mit seinen Innovationen"},"content":{"rendered":"\n<p><strong>Vom 15. bis 17. Mai nimmt STEM an der RETTmobil 2024 in <a href=\"https:\/\/de.wikipedia.org\/wiki\/Fulda\" target=\"_blank\" rel=\"noreferrer noopener\">Fulda, Deutschland<\/a>, teil, der Referenzveranstaltung in Europa von der Innovationen der Rettung, Mobilit\u00e4t und Gesundheitssicherheit. Das italienische Unternehmen wird der \u00d6ffentlichkeit die Entwicklung des Systems Spark, den Global Service \u2013 einen innovativen Service f\u00fcr den After-Sales-Support \u2013 und die neue operative Niederlassung von STEM in Deutschland offiziell vorstellen.<\/strong><\/p>\n\n\n\n<p>In der heutigen Welt, die von internationalen Konflikten, politischer Instabilit\u00e4t und sozialen Dramen gepr\u00e4gt ist, steht die <strong>gesundheitliche Notversorgung<\/strong> nicht nur im Mittelpunkt der Medienaufmerksamkeit, sondern stellt mittlerweile einen Schl\u00fcsselsektor dar, in dem jedes Land immer <strong>effizientere, zeitnahere und professionellere Prozesse<\/strong> garantieren muss.<\/p>\n\n\n\n<p>Eine wichtige Gelegenheit, <strong>den Stand der Technik im Bereich der Notfallmedizin<\/strong> <strong>auf internationaler Ebene zu bewerten<\/strong> und sich mit den von Fachleuten in diesem Zusammenhang vorgeschlagenen technologischen L\u00f6sungen und Strategien zu befassen, ist die europ\u00e4ische Veranstaltung <strong><a href=\"https:\/\/www.rettmobil-international.com\/\">RETTmob<\/a><a href=\"https:\/\/www.rettmobil-international.com\/\" target=\"_blank\" rel=\"noreferrer noopener\">il 2024 (www.rettmobil-international.com)<\/a><\/strong>. Tats\u00e4chlich handelt es sich um die wichtigste europ\u00e4ische Fachmesse f\u00fcr <strong>Rettung, Sicherheit und automatisierten Krankentransport<\/strong>. Die Veranstaltung findet dieses Jahr bereits zum <strong>22. Mal<\/strong> statt und \u00f6ffnet<strong> vom 15. bis 17. Mai in Fulda, Deutschland<\/strong>, ihre Pforten. <strong>\u00dcber 600 Aussteller <\/strong>werden erwartet, haupts\u00e4chlich Unternehmen, aber auch erfahrene Rettungskr\u00e4fte und Berater.<\/p>\n\n\n\n<p>Zu den Ausstellern und G\u00e4sten z\u00e4hlen auch f\u00fchrende Pers\u00f6nlichkeiten von au\u00dferhalb Europas, wie Experten f\u00fcr <strong>Notfallmanagement aus den Vereinigten Staaten, Pioniere der Gesundheitstechnologie aus Asien und Notfallrettungsspezialisten aus Australien<\/strong>, die bereit sind, allen Besuchern die fortschrittlichsten Spitzentechnologien im Gesundheitswesen zu zeigen.<\/p>\n\n\n\n<h2 class=\"wp-block-heading\"><strong>STEM DEUTSCHLAND: die neue \u201eMission\u201c f\u00fcr STEM in Deutschland<\/strong><\/h2>\n\n\n\n<p>Unter den St\u00e4nden von <strong>RETTMobil 2024<\/strong> im Ausstellungszentrum Trend Messe in Fulda befindet sich auch der von <strong><a href=\"https:\/\/www.stem.it\/de\/about\/\" target=\"_blank\" rel=\"noreferrer noopener\">STEM<\/a><\/strong>, dem f\u00fchrenden italienischen Unternehmen im Rettungs- und Gesundheitsschutzsektor, das im Jahr 2024 diese prestigetr\u00e4chtige europ\u00e4ische Veranstaltung nutzt, um eine Reihe von wichtigen Neuheiten zu pr\u00e4sentieren. Ausgehend von <strong>\u201eSTEM DEUTSCHLAND\u201c<\/strong>, der neuen betrieblichen Realit\u00e4t, die in Deutschland an den Start geht. Stem Deutschland stellt einen <strong>wichtigen Schritt<\/strong> nach vorne im Bestreben von STEM dar, seine Kunden auf dem deutschen Markt bestm\u00f6glich zu bedienen und speziell auf ihre Bed\u00fcrfnisse zugeschnittene L\u00f6sungen und Produkte anzubieten.<\/p>\n\n\n\n<p><strong>Carlo Padrini<\/strong>, ein Fachmann mit langj\u00e4hriger Erfahrung und fundierten Branchenkenntnissen, wird in den kommenden Jahren das Team von <strong>STEM DEUTSCHLAND<\/strong> leiten. Seine Hauptaufgabe besteht darin, die Pr\u00e4senz von STEM in Deutschland <strong>bestm\u00f6glich zu lenken<\/strong>, die Beziehungen zu den Kunden vor Ort <strong>zu st\u00e4rken und sicherzustellen<\/strong>, dass die tats\u00e4chlichen Bed\u00fcrfnisse vor Ort stets im Mittelpunkt der Aktivit\u00e4ten von STEM stehen.<\/p>\n\n\n\n<p><strong>F<\/strong><\/p>\n\n\n\n<figure class=\"wp-block-image size-full\"><img loading=\"lazy\" decoding=\"async\" width=\"834\" height=\"161\" src=\"https:\/\/www.stem.it\/wp-content\/uploads\/2024\/05\/Fiera-RETTmobil-2024-THE-EMS-BLOG-833x321-04-B-3.jpg\" alt=\"eine-von-der-innovationen-von-stem-spark-system-in-der-fachmesse-rettmobil-2024\" class=\"wp-image-40473\" srcset=\"https:\/\/www.stem.it\/wp-content\/uploads\/2024\/05\/Fiera-RETTmobil-2024-THE-EMS-BLOG-833x321-04-B-3.jpg 834w, https:\/\/www.stem.it\/wp-content\/uploads\/2024\/05\/Fiera-RETTmobil-2024-THE-EMS-BLOG-833x321-04-B-3-300x58.jpg 300w, https:\/\/www.stem.it\/wp-content\/uploads\/2024\/05\/Fiera-RETTmobil-2024-THE-EMS-BLOG-833x321-04-B-3-768x148.jpg 768w, https:\/\/www.stem.it\/wp-content\/uploads\/2024\/05\/Fiera-RETTmobil-2024-THE-EMS-BLOG-833x321-04-B-3-705x136.jpg 705w\" sizes=\"auto, (max-width: 834px) 100vw, 834px\" \/><\/figure>\n\n\n\n<h2 class=\"wp-block-heading\"><strong>STEMs neues \u201eSpark-System\u201c, eine der Innovationen, f\u00fcr den medizinischen Transport<\/strong><\/h2>\n\n\n\n<p>RETTmobil 2024 bietet eine hervorragende Gelegenheit, <strong>die j\u00fcngsten Innovationen des <a href=\"https:\/\/spark.stem.it\/de\/\" target=\"_blank\" rel=\"noreferrer noopener\">Systems Spark<\/a> vorzustellen<\/strong>, eine robotergest\u00fctzte elektrische Patiententrage mit Rundum-Integration anhand verschiedener Transportunterst\u00fctzungen. Allem voran wird die <strong>bariatrische Patiententrage vorgestellt<\/strong>, die letztes Jahr in einer Prototypenversion pr\u00e4sentiert wurde, die 2024 ihre endg\u00fcltige Form annimmt und einen bedeutenden Fortschritt bez\u00fcglich der Erf\u00fcllung neuer Bed\u00fcrfnisse des Gesundheitssektors darstellt.<\/p>\n\n\n\n<p>Wir weisen darauf hin, dass das System Spark <strong>so konzipiert<\/strong> ist, dass es sich an unterschiedliche Transportbed\u00fcrfnisse im Gesundheitswesen anpasst und <strong>austauschbare Module f\u00fcr Adipositas, Biocontainment, Standardgebrauch und das zuk\u00fcnftige Neugeborenenmodul mit Inkubator<\/strong> bietet. Das Modulsystem Spark kann problemlos in <strong>eine von drei<\/strong> exklusiven Hilfsvorrichtungen f\u00fcr den Krankentransport integriert werden, ein auf dem Markt einzigartiges Alleinstellungsmerkmal unserer elektrischen Patiententrage.<\/p>\n\n\n\n<p>Dar\u00fcber hinaus sind alle Spark-Systeme mit der <strong><a href=\"https:\/\/www.stem.it\/de\/service-center\/\" target=\"_blank\" rel=\"noreferrer noopener\">Global Service-Technologie<\/a><\/strong> ausgestattet, die ein innovatives <strong>After-Sales-Service-Konzept<\/strong> einf\u00fchrt. Dieses wird auf alle STEM-Produkte ausgeweitet und festigt die Position des Unternehmens als Anbieter modernster L\u00f6sungen im Medizinbereich.<\/p>\n\n\n\n<h2 class=\"wp-block-heading\"><strong>Weitere Neuheiten im Bereich manuelle Ausr\u00fcstungen<\/strong><\/h2>\n\n\n\n<p>W\u00e4hrend das System Spark einen bedeutenden Fortschritt in der Automatisierung des Transports im Gesundheitswesen darstellt. Erforscht und entwickelt STEM weiterhin <strong>L\u00f6sungen<\/strong>, die unterschiedliche Anforderungen und Betriebsszenarien abdecken. In diesem Zusammenhang pr\u00fcft das italienische Unternehmen die Einf\u00fchrung <strong>weiterer Innovationen im Bereich der manuellen Ausr\u00fcstung<\/strong>, zu denen auch die Verbesserung herk\u00f6mmlicher Roll-in Patiententragen geh\u00f6ren k\u00f6nnte.<\/p>\n\n\n\n<p>Diese L\u00f6sungen zielen darauf ab, das bereits umfangreiche Angebot von STEM zu erg\u00e4nzen und sicherzustellen, dass <strong>jedes Produkt den hohen Qualit\u00e4ts- und Innovationsstandards des Unternehmens entspricht<\/strong>. Die Pr\u00e4senz dieser Innovationen auf der RETTMobil 2024 wird durch den Abschluss der laufenden Konstruktionsentwicklungen und das Erreichen der auf europ\u00e4ischer Ebene erwarteten Standards bestimmt.<\/p>\n\n\n\n<h2 class=\"wp-block-heading\"><strong>Auf den Deutschen Markt ausgerichtete Innovationen von Stem<\/strong><\/h2>\n\n\n\n<p>Ebenfalls f\u00fcr den Deutschen Markt hat STEM auch eine wichtige Neuerung im Bereich der Trittstufen im Bereich \u00f6ffentlicher Nahverkehr eingef\u00fchrt. Tats\u00e4chlich verf\u00fcgen die neuen Modelle dieser <strong>Zubeh\u00f6rteile \u00fcber spezielle Bohrl\u00f6cher f\u00fcr die Schnee- und Schlammableitung<\/strong>, die den Grip des Systems auch unter besonders rauen Umgebungsbedingungen verbessern. Dar\u00fcber hinaus kommt eine neue Reihe von <strong><a href=\"https:\/\/www.stem.it\/de\/einfahrbare-trittstufen-fur-professionelle-und-rettungsfahrzeuge\/\" target=\"_blank\" rel=\"noreferrer noopener\">\u201eSchubladen\u201c-Treppen<\/a><\/strong> auf den Markt, die dem Personal im Gesundheitswesen weitere ergonomische und zuverl\u00e4ssige L\u00f6sungen bieten sollen.<\/p>\n\n\n\n<p><strong>F<\/strong><\/p>\n\n\n\n<figure class=\"wp-block-image size-full\"><img loading=\"lazy\" decoding=\"async\" width=\"834\" height=\"161\" src=\"https:\/\/www.stem.it\/wp-content\/uploads\/2024\/05\/Fiera-RETTmobil-2024-THE-EMS-BLOG-833x321-02-Copyright-3.jpg\" alt=\"die-fachmesse-rettmobil-2024-von-oben\" class=\"wp-image-40479\" srcset=\"https:\/\/www.stem.it\/wp-content\/uploads\/2024\/05\/Fiera-RETTmobil-2024-THE-EMS-BLOG-833x321-02-Copyright-3.jpg 834w, https:\/\/www.stem.it\/wp-content\/uploads\/2024\/05\/Fiera-RETTmobil-2024-THE-EMS-BLOG-833x321-02-Copyright-3-300x58.jpg 300w, https:\/\/www.stem.it\/wp-content\/uploads\/2024\/05\/Fiera-RETTmobil-2024-THE-EMS-BLOG-833x321-02-Copyright-3-768x148.jpg 768w, https:\/\/www.stem.it\/wp-content\/uploads\/2024\/05\/Fiera-RETTmobil-2024-THE-EMS-BLOG-833x321-02-Copyright-3-705x136.jpg 705w\" sizes=\"auto, (max-width: 834px) 100vw, 834px\" \/><\/figure>\n\n\n\n<h2 class=\"wp-block-heading\"><strong>Umweltvertr\u00e4glichkeit, zentraler Wert von RETTMobil und STEM<\/strong><\/h2>\n\n\n\n<p>RETTMobil 2024 ist nicht nur<strong> das wichtigste Schaufenster f\u00fcr die neuesten Innovationen im Gesundheitssektor<\/strong>. Sondern stellt auch <strong>eine privilegierte B\u00fchne f\u00fcr das Engagement von Branchenexperten f\u00fcr \u00f6kologische <a href=\"https:\/\/de.wikipedia.org\/wiki\/Nachhaltigkeit\" target=\"_blank\" rel=\"noreferrer noopener\">Nachhaltigkeit<\/a> dar<\/strong>. Tats\u00e4chlich hat die Messe in diesem Jahr eine Reihe umweltvertr\u00e4glicher Initiativen eingef\u00fchrt. Und auch Richtlinien implementiert, die die Bedeutung eines verantwortungsvollen Ansatzes im Bereich der gesundheitlichen Notversorgung widerspiegeln. Diesbez\u00fcglich besonders hervorzuheben sind die Programme zur Reduzierung des Abfallaufkommens w\u00e4hrend der Veranstaltung, sowohl an den Messest\u00e4nden als auch im Catering. Au\u00dferdem gibt es Anreize f\u00fcr die Nutzung erneuerbarer Energien durch alle auf der Messe eingerichteten Strukture. Sowie die Organisation von Workshops und Seminaren zum Thema <strong>Nachhaltigkeit und zur Umsetzung \u00f6kologischer Praktiken<\/strong> an deren Arbeitspl\u00e4tzen.<\/p>\n\n\n\n<p>Schlie\u00dflich haben die Organisatoren der RETTMobil 2024 eine Initiative gestartet, um die mit der Durchf\u00fchrung der Messe einhergehenden<strong> CO2-Emissionen auszugleichen<\/strong>. Und auch sich diesbez\u00fcglich f\u00fcr die Zusammenarbeit mit Wiederaufforstungs- und Umweltschutzprojekten entschieden.<\/p>\n\n\n\n<p>Die Werte der \u00f6kologischen Nachhaltigkeit und der sozialen Verantwortung liegen STEM seit jeher sehr <strong>am Herzen<\/strong>. STEM beteiligt sich deshalb nicht nur aktiv an allen im Rahmen der deutschen Messe gef\u00f6rderten Initiativen. Sondern engagiert sich auch daf\u00fcr, <strong>seine Erfahrungen auszutauschen<\/strong> sowie n<strong>eue L\u00f6sungen kennenzulernen<\/strong>. Auch seine Arbeit an diesen Fronten weiter <strong>zu optimieren<\/strong>.<\/p>\n\n\n\n<h2 class=\"wp-block-heading\"><strong>Kommen Sie zur RETTMobil 2024? Sie alle sind herzlich zum Stand von STEM, voller Innovationen<\/strong>,<strong> eingeladen!<\/strong><\/h2>\n\n\n\n<p>Ganz gleich, ob Sie Fachkr\u00e4fte oder Experten in den Bereichen Rettung, Sicherheit und medizinischer Transport sind \u2013 das Team von STEM l\u00e4dt Sie alle ein. Besuchen Sie <strong>den STAND 604 in Halle 6 auf der RETTmobil 2024<\/strong> um zu entdecken, wie <strong>die L\u00f6sungen dieses Spitzenunternehmens die Effektivit\u00e4t Ihrer Arbeit<\/strong> in einem so heiklen und zunehmend strategischen Sektor konkret <strong>optimieren k\u00f6nnen<\/strong>. Wir erwarten Sie!<\/p>\n\n\n\n<p><strong>D<\/strong><\/p>\n\n\n\n<figure class=\"wp-block-image size-full\"><img loading=\"lazy\" decoding=\"async\" width=\"834\" height=\"161\" src=\"https:\/\/www.stem.it\/wp-content\/uploads\/2024\/05\/Fiera-RETTmobil-2024-THE-EMS-BLOG-833x321-03-2.jpg\" alt=\"der-stand-des-Stems-in-rettmobil-2024\" class=\"wp-image-40485\" srcset=\"https:\/\/www.stem.it\/wp-content\/uploads\/2024\/05\/Fiera-RETTmobil-2024-THE-EMS-BLOG-833x321-03-2.jpg 834w, https:\/\/www.stem.it\/wp-content\/uploads\/2024\/05\/Fiera-RETTmobil-2024-THE-EMS-BLOG-833x321-03-2-300x58.jpg 300w, https:\/\/www.stem.it\/wp-content\/uploads\/2024\/05\/Fiera-RETTmobil-2024-THE-EMS-BLOG-833x321-03-2-768x148.jpg 768w, https:\/\/www.stem.it\/wp-content\/uploads\/2024\/05\/Fiera-RETTmobil-2024-THE-EMS-BLOG-833x321-03-2-705x136.jpg 705w\" sizes=\"auto, (max-width: 834px) 100vw, 834px\" \/><\/figure>\n","protected":false},"excerpt":{"rendered":"<p>Stem nahm an der Rettmobil 2024 teil und wurde auf der Messe bekannt. Erfahren Sie mehr \u00fcber die Innovationen von Stem!<\/p>\n","protected":false},"author":12,"featured_media":40408,"comment_status":"closed","ping_status":"closed","sticky":false,"template":"","format":"standard","meta":{"footnotes":""},"categories":[237],"tags":[],"class_list":["post-40472","post","type-post","status-publish","format-standard","has-post-thumbnail","hentry","category-community-de"],"yoast_head":"<!-- This site is optimized with the Yoast SEO plugin v27.4 - https:\/\/yoast.com\/product\/yoast-seo-wordpress\/ -->\n<title>RETTMobil 2024: Protagonist - STEM mit seinen Innovationen - Stem Ems<\/title>\n<meta name=\"description\" content=\"Stem nahm an der Rettmobil 2024 teil und wurde auf der Messe bekannt. Erfahren Sie mehr \u00fcber die Innovationen von Stem!\" \/>\n<meta name=\"robots\" content=\"index, follow, max-snippet:-1, max-image-preview:large, max-video-preview:-1\" \/>\n<link rel=\"canonical\" href=\"https:\/\/www.stem.it\/de\/community-de\/rettmobil-2024-protagonist-stem-mit-seinen-innovationen\/\" \/>\n<meta property=\"og:locale\" content=\"de_DE\" \/>\n<meta property=\"og:type\" content=\"article\" \/>\n<meta property=\"og:title\" content=\"RETTMobil 2024: Protagonist - STEM mit seinen Innovationen - Stem Ems\" \/>\n<meta property=\"og:description\" content=\"Stem nahm an der Rettmobil 2024 teil und wurde auf der Messe bekannt. Erfahren Sie mehr \u00fcber die Innovationen von Stem!\" \/>\n<meta property=\"og:url\" content=\"https:\/\/www.stem.it\/de\/community-de\/rettmobil-2024-protagonist-stem-mit-seinen-innovationen\/\" \/>\n<meta property=\"og:site_name\" content=\"Stem Ems\" \/>\n<meta property=\"article:publisher\" content=\"https:\/\/www.facebook.com\/stememsemergencymedicalsystems\/\" \/>\n<meta property=\"article:published_time\" content=\"2024-05-10T06:54:42+00:00\" \/>\n<meta property=\"article:modified_time\" content=\"2025-03-05T10:13:21+00:00\" \/>\n<meta property=\"og:image\" content=\"https:\/\/www.stem.it\/wp-content\/uploads\/2024\/05\/Fiera-RETTmobil-2024-THE-EMS-BLOG-833x321-01-Copyright-1.jpg\" \/>\n\t<meta property=\"og:image:width\" content=\"834\" \/>\n\t<meta property=\"og:image:height\" content=\"322\" \/>\n\t<meta property=\"og:image:type\" content=\"image\/jpeg\" \/>\n<meta name=\"author\" content=\"webmarketing\" \/>\n<meta name=\"twitter:card\" content=\"summary_large_image\" \/>\n<meta name=\"twitter:label1\" content=\"Verfasst von\" \/>\n\t<meta name=\"twitter:data1\" content=\"webmarketing\" \/>\n\t<meta name=\"twitter:label2\" content=\"Gesch\u00e4tzte Lesezeit\" \/>\n\t<meta name=\"twitter:data2\" content=\"7\u00a0Minuten\" \/>\n<script type=\"application\/ld+json\" class=\"yoast-schema-graph\">{\"@context\":\"https:\\\/\\\/schema.org\",\"@graph\":[{\"@type\":\"Article\",\"@id\":\"https:\\\/\\\/www.stem.it\\\/de\\\/community-de\\\/rettmobil-2024-protagonist-stem-mit-seinen-innovationen\\\/#article\",\"isPartOf\":{\"@id\":\"https:\\\/\\\/www.stem.it\\\/de\\\/community-de\\\/rettmobil-2024-protagonist-stem-mit-seinen-innovationen\\\/\"},\"author\":{\"name\":\"webmarketing\",\"@id\":\"https:\\\/\\\/www.stem.it\\\/de\\\/#\\\/schema\\\/person\\\/54405616b318f734b7a507fd4a0a5476\"},\"headline\":\"RETTMobil 2024: Protagonist &#8211; STEM mit seinen Innovationen\",\"datePublished\":\"2024-05-10T06:54:42+00:00\",\"dateModified\":\"2025-03-05T10:13:21+00:00\",\"mainEntityOfPage\":{\"@id\":\"https:\\\/\\\/www.stem.it\\\/de\\\/community-de\\\/rettmobil-2024-protagonist-stem-mit-seinen-innovationen\\\/\"},\"wordCount\":1112,\"image\":{\"@id\":\"https:\\\/\\\/www.stem.it\\\/de\\\/community-de\\\/rettmobil-2024-protagonist-stem-mit-seinen-innovationen\\\/#primaryimage\"},\"thumbnailUrl\":\"https:\\\/\\\/www.stem.it\\\/wp-content\\\/uploads\\\/2024\\\/05\\\/Fiera-RETTmobil-2024-THE-EMS-BLOG-833x321-01-Copyright-1.jpg\",\"articleSection\":[\"Community\"],\"inLanguage\":\"de\"},{\"@type\":\"WebPage\",\"@id\":\"https:\\\/\\\/www.stem.it\\\/de\\\/community-de\\\/rettmobil-2024-protagonist-stem-mit-seinen-innovationen\\\/\",\"url\":\"https:\\\/\\\/www.stem.it\\\/de\\\/community-de\\\/rettmobil-2024-protagonist-stem-mit-seinen-innovationen\\\/\",\"name\":\"RETTMobil 2024: Protagonist - STEM mit seinen Innovationen - Stem Ems\",\"isPartOf\":{\"@id\":\"https:\\\/\\\/www.stem.it\\\/de\\\/#website\"},\"primaryImageOfPage\":{\"@id\":\"https:\\\/\\\/www.stem.it\\\/de\\\/community-de\\\/rettmobil-2024-protagonist-stem-mit-seinen-innovationen\\\/#primaryimage\"},\"image\":{\"@id\":\"https:\\\/\\\/www.stem.it\\\/de\\\/community-de\\\/rettmobil-2024-protagonist-stem-mit-seinen-innovationen\\\/#primaryimage\"},\"thumbnailUrl\":\"https:\\\/\\\/www.stem.it\\\/wp-content\\\/uploads\\\/2024\\\/05\\\/Fiera-RETTmobil-2024-THE-EMS-BLOG-833x321-01-Copyright-1.jpg\",\"datePublished\":\"2024-05-10T06:54:42+00:00\",\"dateModified\":\"2025-03-05T10:13:21+00:00\",\"author\":{\"@id\":\"https:\\\/\\\/www.stem.it\\\/de\\\/#\\\/schema\\\/person\\\/54405616b318f734b7a507fd4a0a5476\"},\"description\":\"Stem nahm an der Rettmobil 2024 teil und wurde auf der Messe bekannt. Erfahren Sie mehr \u00fcber die Innovationen von Stem!\",\"breadcrumb\":{\"@id\":\"https:\\\/\\\/www.stem.it\\\/de\\\/community-de\\\/rettmobil-2024-protagonist-stem-mit-seinen-innovationen\\\/#breadcrumb\"},\"inLanguage\":\"de\",\"potentialAction\":[{\"@type\":\"ReadAction\",\"target\":[\"https:\\\/\\\/www.stem.it\\\/de\\\/community-de\\\/rettmobil-2024-protagonist-stem-mit-seinen-innovationen\\\/\"]}]},{\"@type\":\"ImageObject\",\"inLanguage\":\"de\",\"@id\":\"https:\\\/\\\/www.stem.it\\\/de\\\/community-de\\\/rettmobil-2024-protagonist-stem-mit-seinen-innovationen\\\/#primaryimage\",\"url\":\"https:\\\/\\\/www.stem.it\\\/wp-content\\\/uploads\\\/2024\\\/05\\\/Fiera-RETTmobil-2024-THE-EMS-BLOG-833x321-01-Copyright-1.jpg\",\"contentUrl\":\"https:\\\/\\\/www.stem.it\\\/wp-content\\\/uploads\\\/2024\\\/05\\\/Fiera-RETTmobil-2024-THE-EMS-BLOG-833x321-01-Copyright-1.jpg\",\"width\":834,\"height\":322},{\"@type\":\"BreadcrumbList\",\"@id\":\"https:\\\/\\\/www.stem.it\\\/de\\\/community-de\\\/rettmobil-2024-protagonist-stem-mit-seinen-innovationen\\\/#breadcrumb\",\"itemListElement\":[{\"@type\":\"ListItem\",\"position\":1,\"name\":\"Home\",\"item\":\"https:\\\/\\\/www.stem.it\\\/de\\\/\"},{\"@type\":\"ListItem\",\"position\":2,\"name\":\"RETTMobil 2024: Protagonist &#8211; STEM mit seinen Innovationen\"}]},{\"@type\":\"WebSite\",\"@id\":\"https:\\\/\\\/www.stem.it\\\/de\\\/#website\",\"url\":\"https:\\\/\\\/www.stem.it\\\/de\\\/\",\"name\":\"Stem Ems\",\"description\":\"Prodotti di alta qualit\u00e0 per lavoro ed emergenza\",\"potentialAction\":[{\"@type\":\"SearchAction\",\"target\":{\"@type\":\"EntryPoint\",\"urlTemplate\":\"https:\\\/\\\/www.stem.it\\\/de\\\/?s={search_term_string}\"},\"query-input\":{\"@type\":\"PropertyValueSpecification\",\"valueRequired\":true,\"valueName\":\"search_term_string\"}}],\"inLanguage\":\"de\"},{\"@type\":\"Person\",\"@id\":\"https:\\\/\\\/www.stem.it\\\/de\\\/#\\\/schema\\\/person\\\/54405616b318f734b7a507fd4a0a5476\",\"name\":\"webmarketing\",\"image\":{\"@type\":\"ImageObject\",\"inLanguage\":\"de\",\"@id\":\"https:\\\/\\\/secure.gravatar.com\\\/avatar\\\/55ca24ab9f1b5382f5e97702f12eb1e8c2a749b22d7e6a79ade1e1fffae1338f?s=96&d=mm&r=g\",\"url\":\"https:\\\/\\\/secure.gravatar.com\\\/avatar\\\/55ca24ab9f1b5382f5e97702f12eb1e8c2a749b22d7e6a79ade1e1fffae1338f?s=96&d=mm&r=g\",\"contentUrl\":\"https:\\\/\\\/secure.gravatar.com\\\/avatar\\\/55ca24ab9f1b5382f5e97702f12eb1e8c2a749b22d7e6a79ade1e1fffae1338f?s=96&d=mm&r=g\",\"caption\":\"webmarketing\"}}]}<\/script>\n<!-- \/ Yoast SEO plugin. -->","yoast_head_json":{"title":"RETTMobil 2024: Protagonist - STEM mit seinen Innovationen - Stem Ems","description":"Stem nahm an der Rettmobil 2024 teil und wurde auf der Messe bekannt. Erfahren Sie mehr \u00fcber die Innovationen von Stem!","robots":{"index":"index","follow":"follow","max-snippet":"max-snippet:-1","max-image-preview":"max-image-preview:large","max-video-preview":"max-video-preview:-1"},"canonical":"https:\/\/www.stem.it\/de\/community-de\/rettmobil-2024-protagonist-stem-mit-seinen-innovationen\/","og_locale":"de_DE","og_type":"article","og_title":"RETTMobil 2024: Protagonist - STEM mit seinen Innovationen - Stem Ems","og_description":"Stem nahm an der Rettmobil 2024 teil und wurde auf der Messe bekannt. Erfahren Sie mehr \u00fcber die Innovationen von Stem!","og_url":"https:\/\/www.stem.it\/de\/community-de\/rettmobil-2024-protagonist-stem-mit-seinen-innovationen\/","og_site_name":"Stem Ems","article_publisher":"https:\/\/www.facebook.com\/stememsemergencymedicalsystems\/","article_published_time":"2024-05-10T06:54:42+00:00","article_modified_time":"2025-03-05T10:13:21+00:00","og_image":[{"width":834,"height":322,"url":"https:\/\/www.stem.it\/wp-content\/uploads\/2024\/05\/Fiera-RETTmobil-2024-THE-EMS-BLOG-833x321-01-Copyright-1.jpg","type":"image\/jpeg"}],"author":"webmarketing","twitter_card":"summary_large_image","twitter_misc":{"Verfasst von":"webmarketing","Gesch\u00e4tzte Lesezeit":"7\u00a0Minuten"},"schema":{"@context":"https:\/\/schema.org","@graph":[{"@type":"Article","@id":"https:\/\/www.stem.it\/de\/community-de\/rettmobil-2024-protagonist-stem-mit-seinen-innovationen\/#article","isPartOf":{"@id":"https:\/\/www.stem.it\/de\/community-de\/rettmobil-2024-protagonist-stem-mit-seinen-innovationen\/"},"author":{"name":"webmarketing","@id":"https:\/\/www.stem.it\/de\/#\/schema\/person\/54405616b318f734b7a507fd4a0a5476"},"headline":"RETTMobil 2024: Protagonist &#8211; STEM mit seinen Innovationen","datePublished":"2024-05-10T06:54:42+00:00","dateModified":"2025-03-05T10:13:21+00:00","mainEntityOfPage":{"@id":"https:\/\/www.stem.it\/de\/community-de\/rettmobil-2024-protagonist-stem-mit-seinen-innovationen\/"},"wordCount":1112,"image":{"@id":"https:\/\/www.stem.it\/de\/community-de\/rettmobil-2024-protagonist-stem-mit-seinen-innovationen\/#primaryimage"},"thumbnailUrl":"https:\/\/www.stem.it\/wp-content\/uploads\/2024\/05\/Fiera-RETTmobil-2024-THE-EMS-BLOG-833x321-01-Copyright-1.jpg","articleSection":["Community"],"inLanguage":"de"},{"@type":"WebPage","@id":"https:\/\/www.stem.it\/de\/community-de\/rettmobil-2024-protagonist-stem-mit-seinen-innovationen\/","url":"https:\/\/www.stem.it\/de\/community-de\/rettmobil-2024-protagonist-stem-mit-seinen-innovationen\/","name":"RETTMobil 2024: Protagonist - STEM mit seinen Innovationen - Stem Ems","isPartOf":{"@id":"https:\/\/www.stem.it\/de\/#website"},"primaryImageOfPage":{"@id":"https:\/\/www.stem.it\/de\/community-de\/rettmobil-2024-protagonist-stem-mit-seinen-innovationen\/#primaryimage"},"image":{"@id":"https:\/\/www.stem.it\/de\/community-de\/rettmobil-2024-protagonist-stem-mit-seinen-innovationen\/#primaryimage"},"thumbnailUrl":"https:\/\/www.stem.it\/wp-content\/uploads\/2024\/05\/Fiera-RETTmobil-2024-THE-EMS-BLOG-833x321-01-Copyright-1.jpg","datePublished":"2024-05-10T06:54:42+00:00","dateModified":"2025-03-05T10:13:21+00:00","author":{"@id":"https:\/\/www.stem.it\/de\/#\/schema\/person\/54405616b318f734b7a507fd4a0a5476"},"description":"Stem nahm an der Rettmobil 2024 teil und wurde auf der Messe bekannt. Erfahren Sie mehr \u00fcber die Innovationen von Stem!","breadcrumb":{"@id":"https:\/\/www.stem.it\/de\/community-de\/rettmobil-2024-protagonist-stem-mit-seinen-innovationen\/#breadcrumb"},"inLanguage":"de","potentialAction":[{"@type":"ReadAction","target":["https:\/\/www.stem.it\/de\/community-de\/rettmobil-2024-protagonist-stem-mit-seinen-innovationen\/"]}]},{"@type":"ImageObject","inLanguage":"de","@id":"https:\/\/www.stem.it\/de\/community-de\/rettmobil-2024-protagonist-stem-mit-seinen-innovationen\/#primaryimage","url":"https:\/\/www.stem.it\/wp-content\/uploads\/2024\/05\/Fiera-RETTmobil-2024-THE-EMS-BLOG-833x321-01-Copyright-1.jpg","contentUrl":"https:\/\/www.stem.it\/wp-content\/uploads\/2024\/05\/Fiera-RETTmobil-2024-THE-EMS-BLOG-833x321-01-Copyright-1.jpg","width":834,"height":322},{"@type":"BreadcrumbList","@id":"https:\/\/www.stem.it\/de\/community-de\/rettmobil-2024-protagonist-stem-mit-seinen-innovationen\/#breadcrumb","itemListElement":[{"@type":"ListItem","position":1,"name":"Home","item":"https:\/\/www.stem.it\/de\/"},{"@type":"ListItem","position":2,"name":"RETTMobil 2024: Protagonist &#8211; STEM mit seinen Innovationen"}]},{"@type":"WebSite","@id":"https:\/\/www.stem.it\/de\/#website","url":"https:\/\/www.stem.it\/de\/","name":"Stem Ems","description":"Prodotti di alta qualit\u00e0 per lavoro ed emergenza","potentialAction":[{"@type":"SearchAction","target":{"@type":"EntryPoint","urlTemplate":"https:\/\/www.stem.it\/de\/?s={search_term_string}"},"query-input":{"@type":"PropertyValueSpecification","valueRequired":true,"valueName":"search_term_string"}}],"inLanguage":"de"},{"@type":"Person","@id":"https:\/\/www.stem.it\/de\/#\/schema\/person\/54405616b318f734b7a507fd4a0a5476","name":"webmarketing","image":{"@type":"ImageObject","inLanguage":"de","@id":"https:\/\/secure.gravatar.com\/avatar\/55ca24ab9f1b5382f5e97702f12eb1e8c2a749b22d7e6a79ade1e1fffae1338f?s=96&d=mm&r=g","url":"https:\/\/secure.gravatar.com\/avatar\/55ca24ab9f1b5382f5e97702f12eb1e8c2a749b22d7e6a79ade1e1fffae1338f?s=96&d=mm&r=g","contentUrl":"https:\/\/secure.gravatar.com\/avatar\/55ca24ab9f1b5382f5e97702f12eb1e8c2a749b22d7e6a79ade1e1fffae1338f?s=96&d=mm&r=g","caption":"webmarketing"}}]}},"_links":{"self":[{"href":"https:\/\/www.stem.it\/de\/wp-json\/wp\/v2\/posts\/40472","targetHints":{"allow":["GET"]}}],"collection":[{"href":"https:\/\/www.stem.it\/de\/wp-json\/wp\/v2\/posts"}],"about":[{"href":"https:\/\/www.stem.it\/de\/wp-json\/wp\/v2\/types\/post"}],"author":[{"embeddable":true,"href":"https:\/\/www.stem.it\/de\/wp-json\/wp\/v2\/users\/12"}],"replies":[{"embeddable":true,"href":"https:\/\/www.stem.it\/de\/wp-json\/wp\/v2\/comments?post=40472"}],"version-history":[{"count":3,"href":"https:\/\/www.stem.it\/de\/wp-json\/wp\/v2\/posts\/40472\/revisions"}],"predecessor-version":[{"id":46142,"href":"https:\/\/www.stem.it\/de\/wp-json\/wp\/v2\/posts\/40472\/revisions\/46142"}],"wp:featuredmedia":[{"embeddable":true,"href":"https:\/\/www.stem.it\/de\/wp-json\/wp\/v2\/media\/40408"}],"wp:attachment":[{"href":"https:\/\/www.stem.it\/de\/wp-json\/wp\/v2\/media?parent=40472"}],"wp:term":[{"taxonomy":"category","embeddable":true,"href":"https:\/\/www.stem.it\/de\/wp-json\/wp\/v2\/categories?post=40472"},{"taxonomy":"post_tag","embeddable":true,"href":"https:\/\/www.stem.it\/de\/wp-json\/wp\/v2\/tags?post=40472"}],"curies":[{"name":"wp","href":"https:\/\/api.w.org\/{rel}","templated":true}]}}