{"id":39694,"date":"2024-02-16T11:20:23","date_gmt":"2024-02-16T10:20:23","guid":{"rendered":"https:\/\/www.stem.it\/?p=39694"},"modified":"2024-02-16T11:45:38","modified_gmt":"2024-02-16T10:45:38","slug":"gesundheitsnotstand-in-deutschland-personalmangel-und-erhoehte-anzahl-an-notrufen-gefaehrden-die-patientensicherheit","status":"publish","type":"post","link":"https:\/\/www.stem.it\/de\/community-de\/gesundheitsnotstand-in-deutschland-personalmangel-und-erhoehte-anzahl-an-notrufen-gefaehrden-die-patientensicherheit\/","title":{"rendered":"Gesundheitsnotstand in Deutschland: Personalmangel und erh\u00f6hte Anzahl an Notrufen gef\u00e4hrden die Patientensicherheit"},"content":{"rendered":"\n<h3 class=\"wp-block-heading\"><strong>Einleitung<\/strong><br><\/h3>\n\n\n\n<p><br>In einer akuten und bedeutenden Notsituation steht das medizinische deutsche Notfallversorgungssystem vor einem kritischen Scheideweg. Da Personal- und Krankenwagenmangel das gesamte System belasten, befindet sich das Land in einem beispiellosen Kampf um die Aufrechterhaltung der Qualit\u00e4t und P\u00fcnktlichkeit der medizinischen Versorgung. In Berlin, dem pulsierenden Herzen der Nation, hat die Zahl der Notrufe alarmierende Ausma\u00dfe erreicht und offenbart eine Realit\u00e4t, die weit \u00fcber die Grenzen der Hauptstadt hinausreicht. In diesem komplexen Kontext wird deutlich, wie dringend rechtzeitige Interventionen seitens Gesundheitseinrichtungen und der Regierung ist, um eine zuverl\u00e4ssige und sichere Gesundheitsversorgung f\u00fcr alle deutschen B\u00fcrger zu gew\u00e4hrleisten.<\/p>\n\n\n\n<h3 class=\"wp-block-heading\"><strong>Mangel an Personal und Krankenwagen: Herausforderungen und L\u00f6sungen im deutschen Gesundheitsnotstand<br><\/strong><\/h3>\n\n\n\n<p>Der Mangel an Personal und Krankenwagen stellt das medizinische Notfallversorgungssystem in Deutschland auf eine harte Probe und bringt es an den Rand des Zusammenbruchs. In den letzten Jahren ist die Zahl der Notrufe in Berlin deutlich gestiegen und verzeichnete zwischen 2013 und 2021 einen Anstieg von 40 %, womit es die besorgniserregende Zahl von 425.000 Notrufen pro Jahr erreichte.<\/p>\n\n\n\n<p>Diese kritische Situation ist im ganzen Land weit verbreitet, und Notaufnahmen haben Schwierigkeiten, den wachsenden Bedarf an Pflege zu bew\u00e4ltigen. Der Ausnahmezustand wird ausgerufen, sobald 80 % der Rettungswagen unterwegs sind und die vorgeschriebene Reaktionszeit von 10 Minuten nicht mehr eingehalten werden kann. Diese au\u00dfergew\u00f6hnlichen Umst\u00e4nde sind jedoch fast zur Regel geworden.<\/p>\n\n\n\n<p>Viele Einrichtungen, beispielsweise das Universit\u00e4tsklinikum Leipzig, haben k\u00fcrzlich dazu aufgerufen, den Zustrom nicht dringender Patienten zu begrenzen.<\/p>\n\n\n\n<p>Die Realit\u00e4t sieht so aus, dass Absagen von Rettungsdiensten an der Tagesordnung sind und bei Spitzenauslastungen einige Notaufnahmen berechtigt sind, die Aufnahme neuer Patienten auszusetzen, weil sie keine angemessene Versorgung mehr bieten k\u00f6nnen. Manchmal m\u00fcssen Patienten in weit entfernte Kliniken verlegt werden, da die n\u00e4chstgelegenen Einrichtungen \u00fcberlastet sind.<\/p>\n\n\n\n<p>Der wachsenden Nachfrage nach Pflege stehen eine unterbesetzte Belegschaft und ein Mangel an Krankenwagen gegen\u00fcber, was die Gesundheit von Patienten und Personal gef\u00e4hrdet. Die Situation hat ein kritisches Ausma\u00df erreicht, da viele Krankenwagenfahrten die erwartete t\u00e4gliche Anzahl an Eins\u00e4tzen weit \u00fcberschreiten, was sowohl das Wohlergehen der Patienten als auch des Personals gef\u00e4hrdet.<\/p>\n\n\n\n<p>Dar\u00fcber hinaus deutet die Entscheidung der Landesregierung, eine Ausnahmeregelung zu verl\u00e4ngern, die den Einsatz von teilweise ausgebildeten Hilfssanit\u00e4tern anstelle von vollst\u00e4ndig ausgebildeten Notfallsanit\u00e4tern erlaubt, in Verbindung mit der h\u00e4ufigen Genehmigung von Fahrzeugen von Krankentransportunternehmen in Notsituationen, auf einen besorgniserregenden Trend Richtung einer dauerhaften Verschlechterung der Qualit\u00e4t der medizinischen Notfallversorgung hin.<\/p>\n\n\n\n<h3 class=\"wp-block-heading\"><strong>Die schwerwiegenden Auswirkungen von Personalengp\u00e4ssen <\/strong><strong><\/strong><\/h3>\n\n\n\n<p>Die Folgen dieser Situation sind verheerend. In vielen F\u00e4llen m\u00fcssen Patienten stundenlang auf einen Krankenwagen warten, wodurch sich ihr Gesundheitszustand weiter verschlechtert und in einigen F\u00e4llen sogar ihr Leben aufs Spiel gesetzt wird. In anderen Situationen sind Krankenwagenfahrer gezwungen, Patienten in weit entfernte Krankenh\u00e4user zu transportieren, was zu Verz\u00f6gerungen bei der medizinischen Behandlung f\u00fchrt und somit das Risiko von Komplikationen f\u00fcr die Patienten erh\u00f6ht.<\/p>\n\n\n\n<p>Der Pr\u00e4sident des Deutschen Berufsverbandes Rettungsdienst (DBRD), Frank Flake, betonte den Ernst der Lage: \u201eEs besteht ein erheblicher Interventionsdruck\u201c und \u201edas System befindet sich im Zustand des Zusammenbruchs\u201c, wodurch h\u00e4ufig auf Notf\u00e4lle nicht ad\u00e4quat reagiert werden kann.<\/p>\n\n\n\n<h3 class=\"wp-block-heading\"><strong>Dringende und notwendige L\u00f6sungen: Ein Appell an die Gesundheitsbeh\u00f6rden und die Regierung<\/strong><strong><\/strong><\/h3>\n\n\n\n<p>Es ist zwingend erforderlich, dass die Gesundheitsbeh\u00f6rden und die Bundesregierung sofortige und wirksame Ma\u00dfnahmen zur Bew\u00e4ltigung dieser Krise ergreifen.<\/p>\n\n\n\n<p>Um Wartezeiten zu verk\u00fcrzen und die Qualit\u00e4t der medizinischen Notfallversorgung zu verbessern, ist die dringende Rekrutierung von qualifiziertem Personal unerl\u00e4sslich.<\/p>\n\n\n\n<p>Dar\u00fcber hinaus ist es wichtig, in den Kauf neuer Krankenwagen und die Modernisierung der medizinischen Ausr\u00fcstung zu investieren, um sicherzustellen, dass die Mitarbeiter im Gesundheitswesen \u00fcber die Mittel verf\u00fcgen, die sie ben\u00f6tigen, um umgehend auf Notrufe reagieren zu k\u00f6nnen.<\/p>\n\n\n\n<p>Diese Krise kann weder ignoriert noch \u00fcbersehen werden. Die Zukunft der Gesundheitssicherheit der deutschen B\u00fcrger h\u00e4ngt vom unmittelbaren Handeln der zust\u00e4ndigen Beh\u00f6rden ab. Nur durch eine entschlossene und schnelle Reaktion wird es m\u00f6glich sein, das Leben und das Wohlergehen der B\u00fcrger zu sch\u00fctzen und ein zuverl\u00e4ssiges und sicheres medizinisches Notfallsystem f\u00fcr alle wiederherzustellen.<\/p>\n\n\n\n<h2 class=\"wp-block-heading\"><strong>Schlussfolgerung:<\/strong><strong><\/strong><\/h2>\n\n\n\n<h2 class=\"wp-block-heading\">Investition von entscheidender Bedeutung: Personal und Ausr\u00fcstung<\/h2>\n\n\n\n<p>Die Krise im Rettungsdienst in Deutschland ist ein dramatisches Zeugnis f\u00fcr die Folgen oberfl\u00e4chlicher Politik und mangelnder Vorbereitung. Der jahrelang vernachl\u00e4ssigte Personalmangel ist nun in einer Notlage explodiert, die eine sofortige und gut koordinierte Intervention der Gesundheitsbeh\u00f6rden und der deutschen Regierung erfordert.<\/p>\n\n\n\n<p>Um diese Herausforderung wirksam anzugehen, ist es entscheidend, substantiell in die humanen und Ausbildungsressourcen des Gesundheitssektors zu investieren. Gleichzeitig ist die Investition in neue und aktualisierte Rettungswagen von gleicherma\u00dfen entscheidender Bedeutung. Neue Rettungswagen m\u00fcssen mit modernster Technologie und Ausr\u00fcstung ausgestattet sein, um eine schnelle und effektive Notfallintervention zu gew\u00e4hrleisten. Dazu geh\u00f6ren fortschrittliche Patienten\u00fcberwachungssysteme, Ausr\u00fcstung zur kardiopulmonalen Reanimation, sichere und komfortable Transportvorrichtungen f\u00fcr Patienten sowie die Verf\u00fcgbarkeit von lebenswichtigen Medikamenten und diagnostischen Instrumenten.<\/p>\n\n\n\n<p>Dar\u00fcber hinaus ist es wichtig, bei der Anschaffung neuer Rettungswagen die Umweltvertr\u00e4glichkeit zu ber\u00fccksichtigen. Durch die Auswahl von Modellen mit geringem \u00f6kologischen Fu\u00dfabdruck und reduziertem Energieverbrauch k\u00f6nnen wir eine umweltfreundlichere Gesundheitsversorgung f\u00fcr zuk\u00fcnftige Generationen gew\u00e4hrleisten. Die Integration von Sto\u00dfd\u00e4mpfern und elektrischen Tragen, wie sie von STEM Ems angeboten werden, ist ein weiterer Schritt zur Verbesserung der Effizienz und Sicherheit von Rettungsoperationen.<\/p>\n\n\n\n<p>L\u00e4nder wie die Schweiz haben bereits seit langem elektrische Tragen als Standard \u00fcbernommen. Die Bedeutung von Sto\u00dfd\u00e4mpfern wird jedoch immer noch weitgehend untersch\u00e4tzt, auch in fortgeschritteneren Nationen. Dieser Faktor ist entscheidend, um den Komfort der Patienten w\u00e4hrend des Transports zu gew\u00e4hrleisten, wird aber oft nicht angemessen beachtet.<\/p>\n\n\n\n<div class=\"contenitore_cabiria_desktop\" style=\"margin-top:40px; padding:0; height:400px;\">\n    <table style=\"border-collapse:collapse;\">\n        <tbody>\n            <tr style=\"background-color:#2f2f2f;\">\n                <td style=\"border-color:#2f2f2f;\" width=\"35%\">\n                    <img decoding=\"async\" src=\"https:\/\/www.stem.it\/wp-content\/uploads\/2024\/02\/Emergenza-sanitaria-in-Germania-02-THE-EMS-BLOG-833x321-04-1.png\" style=\"float:right; width:560px;\">\n                <\/td>\n                <td style=\"border-color:#98D801; vertical-align: middle;\" width=\"65%\">\n                  \n                    <p style=\"color:#ffffff; text-align:left; font-size:23px;\"> Entdecken Sie Spark <sub><\/sub> von Stem.<br> Die erste elektrische robotische Trage, die den medizinischen Transport revolutioniert. <\/p><div style=\"background-color:#98D801 <div style=\"background-color:#98D801; border-radius:100px; padding:10px; margin-right:320px; text-align:center;\">\n\n <a href=\"https:\/\/spark.stem.it\/de\/\" target=\"_blank\" style=\"color:#98D801 !important; text-decoration:none; font-size:15px;\" rel=\"noopener\">Finde mehr heraus<\/a>\n                    <\/div>\n                <\/td>\n            <\/tr>\n        <\/tbody>\n    <\/table>\n<\/div>\n\n\n\n<h3 class=\"wp-block-heading\"><strong>Personalschulung und fortschrittliche Technologien<\/strong><\/h3>\n\n\n\n<p>Die Ausbildung und Vorbereitung neuer Fachkr\u00e4fte im Gesundheitswesen hat in Deutschland Priorit\u00e4t. Ohne eine Aufstockung des kompetenten Personals und eine Verbesserung der Krankenwageninfrastruktur wird jedoch eine gr\u00fcndliche und strenge Schulung allein leider nicht ausreichen, um die aktuelle Krise im Rettungsdienstsystem zu bew\u00e4ltigen.<\/p>\n\n\n\n<h3 class=\"wp-block-heading\"><strong>Krankenwagen-Infrastruktur: Komfort und Sicherheit<\/strong><strong><\/strong><\/h3>\n\n\n\n<p>Es ist wichtig, einen gleichberechtigten Zugang zu medizinischen Rettungsdiensten in allen Regionen des Landes sicherzustellen.<\/p>\n\n\n\n<p>Derzeit stehen viele l\u00e4ndliche und abgelegene Gemeinden in Deutschland vor gro\u00dfen Herausforderungen beim Zugang zu medizinischer Notfallversorgung.<\/p>\n\n\n\n<p>Die langen Anfahrtswege zu Krankenhauseinrichtungen und die verl\u00e4ngerten Reaktionszeiten von Krankenwagen k\u00f6nnen in Notsituationen das Leben von Patienten gef\u00e4hrden.<\/p>\n\n\n\n<p>Dieses Szenario erfordert eine sorgf\u00e4ltige Planung und strategische Verteilung der Ressourcen, um sicherzustellen, dass selbst die entlegensten Gebiete des Landes rechtzeitig Zugang zu medizinischen Notfalldiensten haben.<\/p>\n\n\n\n<h3 class=\"wp-block-heading\"><strong>Herausforderungen und Perspektiven f\u00fcr l\u00e4ndliche und abgelegene Gemeinden<\/strong><strong><\/strong><\/h3>\n\n\n\n<p>Interventionen wie die Einrichtung von Erste-Hilfe-Stellen in l\u00e4ndlichen Gemeinden und der Einsatz innovativer Technologien wie Telemedizin k\u00f6nnen dazu beitragen, die L\u00fccke beim Zugang zu medizinischen Rettungsdiensten zu schlie\u00dfen und eine angemessene Versorgung aller Menschen unabh\u00e4ngig von ihrem geografischen Standort sicherzustellen.<\/p>\n\n\n\n<p>Nur durch konkretes und langfristiges Engagement wird es m\u00f6glich sein, diese Krise zu \u00fcberwinden und ein verl\u00e4ssliches und sicheres medizinisches Notfallsystem f\u00fcr alle Bundesb\u00fcrger wiederherzustellen.<\/p>\n\n\n\n<p>Eine enge und synergetische Zusammenarbeit zwischen \u00f6ffentlichen Institutionen, Gesundheitsorganisationen und der lokalen Gemeinschaft ist von grundlegender Bedeutung f\u00fcr den Aufbau einer besseren Zukunft f\u00fcr das deutsche Gesundheitssystem und die Gew\u00e4hrleistung einer qualitativ hochwertigen Gesundheitsversorgung f\u00fcr alle, die diese ben\u00f6tigen.<\/p>\n\n\n\n<p>Um ein Gesundheitsumfeld zu gew\u00e4hrleisten, das landesweit Vertrauen schafft, sollten die Gesundheit und Sicherheit der B\u00fcrger im Mittelpunkt aller Entscheidungen und Ma\u00dfnahmen stehen.<\/p>\n","protected":false},"excerpt":{"rendered":"<p>Einleitung In einer akuten und bedeutenden Notsituation steht das medizinische deutsche Notfallversorgungssystem vor einem kritischen Scheideweg. Da Personal- und Krankenwagenmangel das gesamte System belasten, befindet sich das Land in einem [&hellip;]<\/p>\n","protected":false},"author":12,"featured_media":39702,"comment_status":"closed","ping_status":"closed","sticky":false,"template":"","format":"standard","meta":{"footnotes":""},"categories":[237],"tags":[],"class_list":["post-39694","post","type-post","status-publish","format-standard","has-post-thumbnail","hentry","category-community-de"],"yoast_head":"<!-- This site is optimized with the Yoast SEO plugin v27.4 - https:\/\/yoast.com\/product\/yoast-seo-wordpress\/ -->\n<title>Gesundheitsnotstand in Deutschland: Personalmangel und erh\u00f6hte Anzahl an Notrufen gef\u00e4hrden die Patientensicherheit - Stem Ems<\/title>\n<meta name=\"robots\" content=\"index, follow, max-snippet:-1, max-image-preview:large, max-video-preview:-1\" \/>\n<link rel=\"canonical\" href=\"https:\/\/www.stem.it\/de\/community-de\/gesundheitsnotstand-in-deutschland-personalmangel-und-erhoehte-anzahl-an-notrufen-gefaehrden-die-patientensicherheit\/\" \/>\n<meta property=\"og:locale\" content=\"de_DE\" \/>\n<meta property=\"og:type\" content=\"article\" \/>\n<meta property=\"og:title\" content=\"Gesundheitsnotstand in Deutschland: Personalmangel und erh\u00f6hte Anzahl an Notrufen gef\u00e4hrden die Patientensicherheit - Stem Ems\" \/>\n<meta property=\"og:description\" content=\"Einleitung In einer akuten und bedeutenden Notsituation steht das medizinische deutsche Notfallversorgungssystem vor einem kritischen Scheideweg. Da Personal- und Krankenwagenmangel das gesamte System belasten, befindet sich das Land in einem [&hellip;]\" \/>\n<meta property=\"og:url\" content=\"https:\/\/www.stem.it\/de\/community-de\/gesundheitsnotstand-in-deutschland-personalmangel-und-erhoehte-anzahl-an-notrufen-gefaehrden-die-patientensicherheit\/\" \/>\n<meta property=\"og:site_name\" content=\"Stem Ems\" \/>\n<meta property=\"article:publisher\" content=\"https:\/\/www.facebook.com\/stememsemergencymedicalsystems\/\" \/>\n<meta property=\"article:published_time\" content=\"2024-02-16T10:20:23+00:00\" \/>\n<meta property=\"article:modified_time\" content=\"2024-02-16T10:45:38+00:00\" \/>\n<meta property=\"og:image\" content=\"https:\/\/www.stem.it\/wp-content\/uploads\/2024\/02\/Emergenza-sanitaria-in-Germania-THE-EMS-BLOG-833x321-01.jpg\" \/>\n\t<meta property=\"og:image:width\" content=\"834\" \/>\n\t<meta property=\"og:image:height\" content=\"322\" \/>\n\t<meta property=\"og:image:type\" content=\"image\/jpeg\" \/>\n<meta name=\"author\" content=\"webmarketing\" \/>\n<meta name=\"twitter:card\" content=\"summary_large_image\" \/>\n<meta name=\"twitter:label1\" content=\"Verfasst von\" \/>\n\t<meta name=\"twitter:data1\" content=\"webmarketing\" \/>\n\t<meta name=\"twitter:label2\" content=\"Gesch\u00e4tzte Lesezeit\" \/>\n\t<meta name=\"twitter:data2\" content=\"7\u00a0Minuten\" \/>\n<script type=\"application\/ld+json\" class=\"yoast-schema-graph\">{\"@context\":\"https:\\\/\\\/schema.org\",\"@graph\":[{\"@type\":\"Article\",\"@id\":\"https:\\\/\\\/www.stem.it\\\/de\\\/community-de\\\/gesundheitsnotstand-in-deutschland-personalmangel-und-erhoehte-anzahl-an-notrufen-gefaehrden-die-patientensicherheit\\\/#article\",\"isPartOf\":{\"@id\":\"https:\\\/\\\/www.stem.it\\\/de\\\/community-de\\\/gesundheitsnotstand-in-deutschland-personalmangel-und-erhoehte-anzahl-an-notrufen-gefaehrden-die-patientensicherheit\\\/\"},\"author\":{\"name\":\"webmarketing\",\"@id\":\"https:\\\/\\\/www.stem.it\\\/de\\\/#\\\/schema\\\/person\\\/54405616b318f734b7a507fd4a0a5476\"},\"headline\":\"Gesundheitsnotstand in Deutschland: Personalmangel und erh\u00f6hte Anzahl an Notrufen gef\u00e4hrden die Patientensicherheit\",\"datePublished\":\"2024-02-16T10:20:23+00:00\",\"dateModified\":\"2024-02-16T10:45:38+00:00\",\"mainEntityOfPage\":{\"@id\":\"https:\\\/\\\/www.stem.it\\\/de\\\/community-de\\\/gesundheitsnotstand-in-deutschland-personalmangel-und-erhoehte-anzahl-an-notrufen-gefaehrden-die-patientensicherheit\\\/\"},\"wordCount\":982,\"image\":{\"@id\":\"https:\\\/\\\/www.stem.it\\\/de\\\/community-de\\\/gesundheitsnotstand-in-deutschland-personalmangel-und-erhoehte-anzahl-an-notrufen-gefaehrden-die-patientensicherheit\\\/#primaryimage\"},\"thumbnailUrl\":\"https:\\\/\\\/www.stem.it\\\/wp-content\\\/uploads\\\/2024\\\/02\\\/Emergenza-sanitaria-in-Germania-THE-EMS-BLOG-833x321-01.jpg\",\"articleSection\":[\"Community\"],\"inLanguage\":\"de\"},{\"@type\":\"WebPage\",\"@id\":\"https:\\\/\\\/www.stem.it\\\/de\\\/community-de\\\/gesundheitsnotstand-in-deutschland-personalmangel-und-erhoehte-anzahl-an-notrufen-gefaehrden-die-patientensicherheit\\\/\",\"url\":\"https:\\\/\\\/www.stem.it\\\/de\\\/community-de\\\/gesundheitsnotstand-in-deutschland-personalmangel-und-erhoehte-anzahl-an-notrufen-gefaehrden-die-patientensicherheit\\\/\",\"name\":\"Gesundheitsnotstand in Deutschland: Personalmangel und erh\u00f6hte Anzahl an Notrufen gef\u00e4hrden die Patientensicherheit - Stem Ems\",\"isPartOf\":{\"@id\":\"https:\\\/\\\/www.stem.it\\\/de\\\/#website\"},\"primaryImageOfPage\":{\"@id\":\"https:\\\/\\\/www.stem.it\\\/de\\\/community-de\\\/gesundheitsnotstand-in-deutschland-personalmangel-und-erhoehte-anzahl-an-notrufen-gefaehrden-die-patientensicherheit\\\/#primaryimage\"},\"image\":{\"@id\":\"https:\\\/\\\/www.stem.it\\\/de\\\/community-de\\\/gesundheitsnotstand-in-deutschland-personalmangel-und-erhoehte-anzahl-an-notrufen-gefaehrden-die-patientensicherheit\\\/#primaryimage\"},\"thumbnailUrl\":\"https:\\\/\\\/www.stem.it\\\/wp-content\\\/uploads\\\/2024\\\/02\\\/Emergenza-sanitaria-in-Germania-THE-EMS-BLOG-833x321-01.jpg\",\"datePublished\":\"2024-02-16T10:20:23+00:00\",\"dateModified\":\"2024-02-16T10:45:38+00:00\",\"author\":{\"@id\":\"https:\\\/\\\/www.stem.it\\\/de\\\/#\\\/schema\\\/person\\\/54405616b318f734b7a507fd4a0a5476\"},\"breadcrumb\":{\"@id\":\"https:\\\/\\\/www.stem.it\\\/de\\\/community-de\\\/gesundheitsnotstand-in-deutschland-personalmangel-und-erhoehte-anzahl-an-notrufen-gefaehrden-die-patientensicherheit\\\/#breadcrumb\"},\"inLanguage\":\"de\",\"potentialAction\":[{\"@type\":\"ReadAction\",\"target\":[\"https:\\\/\\\/www.stem.it\\\/de\\\/community-de\\\/gesundheitsnotstand-in-deutschland-personalmangel-und-erhoehte-anzahl-an-notrufen-gefaehrden-die-patientensicherheit\\\/\"]}]},{\"@type\":\"ImageObject\",\"inLanguage\":\"de\",\"@id\":\"https:\\\/\\\/www.stem.it\\\/de\\\/community-de\\\/gesundheitsnotstand-in-deutschland-personalmangel-und-erhoehte-anzahl-an-notrufen-gefaehrden-die-patientensicherheit\\\/#primaryimage\",\"url\":\"https:\\\/\\\/www.stem.it\\\/wp-content\\\/uploads\\\/2024\\\/02\\\/Emergenza-sanitaria-in-Germania-THE-EMS-BLOG-833x321-01.jpg\",\"contentUrl\":\"https:\\\/\\\/www.stem.it\\\/wp-content\\\/uploads\\\/2024\\\/02\\\/Emergenza-sanitaria-in-Germania-THE-EMS-BLOG-833x321-01.jpg\",\"width\":834,\"height\":322},{\"@type\":\"BreadcrumbList\",\"@id\":\"https:\\\/\\\/www.stem.it\\\/de\\\/community-de\\\/gesundheitsnotstand-in-deutschland-personalmangel-und-erhoehte-anzahl-an-notrufen-gefaehrden-die-patientensicherheit\\\/#breadcrumb\",\"itemListElement\":[{\"@type\":\"ListItem\",\"position\":1,\"name\":\"Home\",\"item\":\"https:\\\/\\\/www.stem.it\\\/de\\\/\"},{\"@type\":\"ListItem\",\"position\":2,\"name\":\"Gesundheitsnotstand in Deutschland: Personalmangel und erh\u00f6hte Anzahl an Notrufen gef\u00e4hrden die Patientensicherheit\"}]},{\"@type\":\"WebSite\",\"@id\":\"https:\\\/\\\/www.stem.it\\\/de\\\/#website\",\"url\":\"https:\\\/\\\/www.stem.it\\\/de\\\/\",\"name\":\"Stem Ems\",\"description\":\"Prodotti di alta qualit\u00e0 per lavoro ed emergenza\",\"potentialAction\":[{\"@type\":\"SearchAction\",\"target\":{\"@type\":\"EntryPoint\",\"urlTemplate\":\"https:\\\/\\\/www.stem.it\\\/de\\\/?s={search_term_string}\"},\"query-input\":{\"@type\":\"PropertyValueSpecification\",\"valueRequired\":true,\"valueName\":\"search_term_string\"}}],\"inLanguage\":\"de\"},{\"@type\":\"Person\",\"@id\":\"https:\\\/\\\/www.stem.it\\\/de\\\/#\\\/schema\\\/person\\\/54405616b318f734b7a507fd4a0a5476\",\"name\":\"webmarketing\",\"image\":{\"@type\":\"ImageObject\",\"inLanguage\":\"de\",\"@id\":\"https:\\\/\\\/secure.gravatar.com\\\/avatar\\\/55ca24ab9f1b5382f5e97702f12eb1e8c2a749b22d7e6a79ade1e1fffae1338f?s=96&d=mm&r=g\",\"url\":\"https:\\\/\\\/secure.gravatar.com\\\/avatar\\\/55ca24ab9f1b5382f5e97702f12eb1e8c2a749b22d7e6a79ade1e1fffae1338f?s=96&d=mm&r=g\",\"contentUrl\":\"https:\\\/\\\/secure.gravatar.com\\\/avatar\\\/55ca24ab9f1b5382f5e97702f12eb1e8c2a749b22d7e6a79ade1e1fffae1338f?s=96&d=mm&r=g\",\"caption\":\"webmarketing\"}}]}<\/script>\n<!-- \/ Yoast SEO plugin. -->","yoast_head_json":{"title":"Gesundheitsnotstand in Deutschland: Personalmangel und erh\u00f6hte Anzahl an Notrufen gef\u00e4hrden die Patientensicherheit - Stem Ems","robots":{"index":"index","follow":"follow","max-snippet":"max-snippet:-1","max-image-preview":"max-image-preview:large","max-video-preview":"max-video-preview:-1"},"canonical":"https:\/\/www.stem.it\/de\/community-de\/gesundheitsnotstand-in-deutschland-personalmangel-und-erhoehte-anzahl-an-notrufen-gefaehrden-die-patientensicherheit\/","og_locale":"de_DE","og_type":"article","og_title":"Gesundheitsnotstand in Deutschland: Personalmangel und erh\u00f6hte Anzahl an Notrufen gef\u00e4hrden die Patientensicherheit - Stem Ems","og_description":"Einleitung In einer akuten und bedeutenden Notsituation steht das medizinische deutsche Notfallversorgungssystem vor einem kritischen Scheideweg. Da Personal- und Krankenwagenmangel das gesamte System belasten, befindet sich das Land in einem [&hellip;]","og_url":"https:\/\/www.stem.it\/de\/community-de\/gesundheitsnotstand-in-deutschland-personalmangel-und-erhoehte-anzahl-an-notrufen-gefaehrden-die-patientensicherheit\/","og_site_name":"Stem Ems","article_publisher":"https:\/\/www.facebook.com\/stememsemergencymedicalsystems\/","article_published_time":"2024-02-16T10:20:23+00:00","article_modified_time":"2024-02-16T10:45:38+00:00","og_image":[{"width":834,"height":322,"url":"https:\/\/www.stem.it\/wp-content\/uploads\/2024\/02\/Emergenza-sanitaria-in-Germania-THE-EMS-BLOG-833x321-01.jpg","type":"image\/jpeg"}],"author":"webmarketing","twitter_card":"summary_large_image","twitter_misc":{"Verfasst von":"webmarketing","Gesch\u00e4tzte Lesezeit":"7\u00a0Minuten"},"schema":{"@context":"https:\/\/schema.org","@graph":[{"@type":"Article","@id":"https:\/\/www.stem.it\/de\/community-de\/gesundheitsnotstand-in-deutschland-personalmangel-und-erhoehte-anzahl-an-notrufen-gefaehrden-die-patientensicherheit\/#article","isPartOf":{"@id":"https:\/\/www.stem.it\/de\/community-de\/gesundheitsnotstand-in-deutschland-personalmangel-und-erhoehte-anzahl-an-notrufen-gefaehrden-die-patientensicherheit\/"},"author":{"name":"webmarketing","@id":"https:\/\/www.stem.it\/de\/#\/schema\/person\/54405616b318f734b7a507fd4a0a5476"},"headline":"Gesundheitsnotstand in Deutschland: Personalmangel und erh\u00f6hte Anzahl an Notrufen gef\u00e4hrden die Patientensicherheit","datePublished":"2024-02-16T10:20:23+00:00","dateModified":"2024-02-16T10:45:38+00:00","mainEntityOfPage":{"@id":"https:\/\/www.stem.it\/de\/community-de\/gesundheitsnotstand-in-deutschland-personalmangel-und-erhoehte-anzahl-an-notrufen-gefaehrden-die-patientensicherheit\/"},"wordCount":982,"image":{"@id":"https:\/\/www.stem.it\/de\/community-de\/gesundheitsnotstand-in-deutschland-personalmangel-und-erhoehte-anzahl-an-notrufen-gefaehrden-die-patientensicherheit\/#primaryimage"},"thumbnailUrl":"https:\/\/www.stem.it\/wp-content\/uploads\/2024\/02\/Emergenza-sanitaria-in-Germania-THE-EMS-BLOG-833x321-01.jpg","articleSection":["Community"],"inLanguage":"de"},{"@type":"WebPage","@id":"https:\/\/www.stem.it\/de\/community-de\/gesundheitsnotstand-in-deutschland-personalmangel-und-erhoehte-anzahl-an-notrufen-gefaehrden-die-patientensicherheit\/","url":"https:\/\/www.stem.it\/de\/community-de\/gesundheitsnotstand-in-deutschland-personalmangel-und-erhoehte-anzahl-an-notrufen-gefaehrden-die-patientensicherheit\/","name":"Gesundheitsnotstand in Deutschland: Personalmangel und erh\u00f6hte Anzahl an Notrufen gef\u00e4hrden die Patientensicherheit - Stem Ems","isPartOf":{"@id":"https:\/\/www.stem.it\/de\/#website"},"primaryImageOfPage":{"@id":"https:\/\/www.stem.it\/de\/community-de\/gesundheitsnotstand-in-deutschland-personalmangel-und-erhoehte-anzahl-an-notrufen-gefaehrden-die-patientensicherheit\/#primaryimage"},"image":{"@id":"https:\/\/www.stem.it\/de\/community-de\/gesundheitsnotstand-in-deutschland-personalmangel-und-erhoehte-anzahl-an-notrufen-gefaehrden-die-patientensicherheit\/#primaryimage"},"thumbnailUrl":"https:\/\/www.stem.it\/wp-content\/uploads\/2024\/02\/Emergenza-sanitaria-in-Germania-THE-EMS-BLOG-833x321-01.jpg","datePublished":"2024-02-16T10:20:23+00:00","dateModified":"2024-02-16T10:45:38+00:00","author":{"@id":"https:\/\/www.stem.it\/de\/#\/schema\/person\/54405616b318f734b7a507fd4a0a5476"},"breadcrumb":{"@id":"https:\/\/www.stem.it\/de\/community-de\/gesundheitsnotstand-in-deutschland-personalmangel-und-erhoehte-anzahl-an-notrufen-gefaehrden-die-patientensicherheit\/#breadcrumb"},"inLanguage":"de","potentialAction":[{"@type":"ReadAction","target":["https:\/\/www.stem.it\/de\/community-de\/gesundheitsnotstand-in-deutschland-personalmangel-und-erhoehte-anzahl-an-notrufen-gefaehrden-die-patientensicherheit\/"]}]},{"@type":"ImageObject","inLanguage":"de","@id":"https:\/\/www.stem.it\/de\/community-de\/gesundheitsnotstand-in-deutschland-personalmangel-und-erhoehte-anzahl-an-notrufen-gefaehrden-die-patientensicherheit\/#primaryimage","url":"https:\/\/www.stem.it\/wp-content\/uploads\/2024\/02\/Emergenza-sanitaria-in-Germania-THE-EMS-BLOG-833x321-01.jpg","contentUrl":"https:\/\/www.stem.it\/wp-content\/uploads\/2024\/02\/Emergenza-sanitaria-in-Germania-THE-EMS-BLOG-833x321-01.jpg","width":834,"height":322},{"@type":"BreadcrumbList","@id":"https:\/\/www.stem.it\/de\/community-de\/gesundheitsnotstand-in-deutschland-personalmangel-und-erhoehte-anzahl-an-notrufen-gefaehrden-die-patientensicherheit\/#breadcrumb","itemListElement":[{"@type":"ListItem","position":1,"name":"Home","item":"https:\/\/www.stem.it\/de\/"},{"@type":"ListItem","position":2,"name":"Gesundheitsnotstand in Deutschland: Personalmangel und erh\u00f6hte Anzahl an Notrufen gef\u00e4hrden die Patientensicherheit"}]},{"@type":"WebSite","@id":"https:\/\/www.stem.it\/de\/#website","url":"https:\/\/www.stem.it\/de\/","name":"Stem Ems","description":"Prodotti di alta qualit\u00e0 per lavoro ed emergenza","potentialAction":[{"@type":"SearchAction","target":{"@type":"EntryPoint","urlTemplate":"https:\/\/www.stem.it\/de\/?s={search_term_string}"},"query-input":{"@type":"PropertyValueSpecification","valueRequired":true,"valueName":"search_term_string"}}],"inLanguage":"de"},{"@type":"Person","@id":"https:\/\/www.stem.it\/de\/#\/schema\/person\/54405616b318f734b7a507fd4a0a5476","name":"webmarketing","image":{"@type":"ImageObject","inLanguage":"de","@id":"https:\/\/secure.gravatar.com\/avatar\/55ca24ab9f1b5382f5e97702f12eb1e8c2a749b22d7e6a79ade1e1fffae1338f?s=96&d=mm&r=g","url":"https:\/\/secure.gravatar.com\/avatar\/55ca24ab9f1b5382f5e97702f12eb1e8c2a749b22d7e6a79ade1e1fffae1338f?s=96&d=mm&r=g","contentUrl":"https:\/\/secure.gravatar.com\/avatar\/55ca24ab9f1b5382f5e97702f12eb1e8c2a749b22d7e6a79ade1e1fffae1338f?s=96&d=mm&r=g","caption":"webmarketing"}}]}},"_links":{"self":[{"href":"https:\/\/www.stem.it\/de\/wp-json\/wp\/v2\/posts\/39694","targetHints":{"allow":["GET"]}}],"collection":[{"href":"https:\/\/www.stem.it\/de\/wp-json\/wp\/v2\/posts"}],"about":[{"href":"https:\/\/www.stem.it\/de\/wp-json\/wp\/v2\/types\/post"}],"author":[{"embeddable":true,"href":"https:\/\/www.stem.it\/de\/wp-json\/wp\/v2\/users\/12"}],"replies":[{"embeddable":true,"href":"https:\/\/www.stem.it\/de\/wp-json\/wp\/v2\/comments?post=39694"}],"version-history":[{"count":3,"href":"https:\/\/www.stem.it\/de\/wp-json\/wp\/v2\/posts\/39694\/revisions"}],"predecessor-version":[{"id":39708,"href":"https:\/\/www.stem.it\/de\/wp-json\/wp\/v2\/posts\/39694\/revisions\/39708"}],"wp:featuredmedia":[{"embeddable":true,"href":"https:\/\/www.stem.it\/de\/wp-json\/wp\/v2\/media\/39702"}],"wp:attachment":[{"href":"https:\/\/www.stem.it\/de\/wp-json\/wp\/v2\/media?parent=39694"}],"wp:term":[{"taxonomy":"category","embeddable":true,"href":"https:\/\/www.stem.it\/de\/wp-json\/wp\/v2\/categories?post=39694"},{"taxonomy":"post_tag","embeddable":true,"href":"https:\/\/www.stem.it\/de\/wp-json\/wp\/v2\/tags?post=39694"}],"curies":[{"name":"wp","href":"https:\/\/api.w.org\/{rel}","templated":true}]}}