{"id":34564,"date":"2023-03-06T14:55:22","date_gmt":"2023-03-06T13:55:22","guid":{"rendered":"https:\/\/www.stem.it\/?p=34564"},"modified":"2023-03-08T10:11:08","modified_gmt":"2023-03-08T09:11:08","slug":"elektrische-krankenwagen-im-medizinischen-transport","status":"publish","type":"post","link":"https:\/\/www.stem.it\/de\/normative\/elektrische-krankenwagen-im-medizinischen-transport\/","title":{"rendered":"Elektrofahrzeugen f\u00fcr den medizinischen Transport"},"content":{"rendered":"<\/p>\n\n<style type=\"text\/css\" data-created_by=\"avia_inline_auto\" id=\"style-css-av-lb6hgwv2-8f4a072d8a0677c95d2b4fda115b4f81\">\n.avia-image-container.av-lb6hgwv2-8f4a072d8a0677c95d2b4fda115b4f81 img.avia_image{\nbox-shadow:none;\n}\n.avia-image-container.av-lb6hgwv2-8f4a072d8a0677c95d2b4fda115b4f81 .av-image-caption-overlay-center{\ncolor:#ffffff;\n}\n<\/style>\n<div  class='avia-image-container av-lb6hgwv2-8f4a072d8a0677c95d2b4fda115b4f81 av-styling- avia-align-center  avia-builder-el-0  el_before_av_textblock  avia-builder-el-first '   itemprop=\"image\" itemscope=\"itemscope\" itemtype=\"https:\/\/schema.org\/ImageObject\" ><div class=\"avia-image-container-inner\"><div class=\"avia-image-overlay-wrap\"><img decoding=\"async\" fetchpriority=\"high\" class='wp-image-34571 avia-img-lazy-loading-not-34571 avia_image ' src=\"https:\/\/www.stem.it\/wp-content\/uploads\/2023\/02\/Ambulanza-Elettrica-THE-EMS-BLOG-833x321-1.jpg\" alt='Elektrische Krankenwagen im medizinischen Transport' title='Elektrische Krankenwagen im medizinischen Transport'  height=\"321\" width=\"833\"  itemprop=\"thumbnailUrl\" srcset=\"https:\/\/www.stem.it\/wp-content\/uploads\/2023\/02\/Ambulanza-Elettrica-THE-EMS-BLOG-833x321-1.jpg 833w, https:\/\/www.stem.it\/wp-content\/uploads\/2023\/02\/Ambulanza-Elettrica-THE-EMS-BLOG-833x321-1-300x116.jpg 300w, https:\/\/www.stem.it\/wp-content\/uploads\/2023\/02\/Ambulanza-Elettrica-THE-EMS-BLOG-833x321-1-768x296.jpg 768w, https:\/\/www.stem.it\/wp-content\/uploads\/2023\/02\/Ambulanza-Elettrica-THE-EMS-BLOG-833x321-1-705x272.jpg 705w\" sizes=\"(max-width: 833px) 100vw, 833px\" \/><\/div><\/div><\/div>\n<section  class='av_textblock_section av-lb6hdytb-777cf9b48f7257176cb422ca2998a015 '   itemscope=\"itemscope\" itemtype=\"https:\/\/schema.org\/BlogPosting\" itemprop=\"blogPost\" ><div class='avia_textblock'  itemprop=\"text\" ><h1><strong>Elektrofahrzeugen f\u00fcr den medizinischen Transport: elektro-Krankenwagen umweltfreundliche Fahrzeuge im Einklang mit Nachhaltigkeit<\/strong><\/h1>\n<p>Die Einf\u00fchrung von Elektrofahrzeugen in die Welt des medizinischen Transports hat inzwischen in mehreren L\u00e4ndern stattgefunden, auch wenn bei den Endverbrauchern diesbez\u00fcglich noch einige Zweifel bestehen. Normativ sind die europ\u00e4ischen Organisationen noch nicht alle auf einer Linie und bei Spezialfahrzeugen gibt es noch keine klaren Regelungen, wie aus der Norm EN:1789 hervorgeht. Tats\u00e4chlich gibt es im Text keine Hinweise auf elektrische Krankenwagen, obwohl es bereits in mehreren europ\u00e4ischen L\u00e4ndern Vorort-Vorf\u00fchrungen gegeben hat.<\/p>\n<p>Dabei handelt es sich um kompaktere und nachhaltigere Fahrzeuge, aber mit h\u00f6heren Anschaffungskosten. M\u00f6glicherweise ist diese Art von Krankenwagen nicht f\u00fcr alle Dienste geeignet, z. B. k\u00f6nnten dringende Notfalleins\u00e4tze (118) ausgeschlossen werden. Bei Langstreckentransporten m\u00fcssen dagegen viele Aspekte beachtet werden. Zun\u00e4chst einmal das Timing eines Dienstes, das sich zwangsl\u00e4ufig \u00e4ndert, wenn ein E-Fahrzeug zum Einsatz kommt. Der elektrische Krankenwagen erfordert au\u00dferdem das Aufladen der Batterien, eine Aktion, die die Fahrzeit verl\u00e4ngern kann. Dar\u00fcber hinaus muss das Personal mit den entsprechenden f\u00fcr die Art des durchzuf\u00fchrenden Transports erforderlichen Kenntnissen starten. Die Benutzer m\u00fcssen den Standort der Ladestationen klar vor Augen haben, um unerwartete Ereignisse zu vermeiden. Insbesondere der Rettungsfahrer sollte bez\u00fcglich seiner Fahrweise einige Dinge ber\u00fccksichtigen. Die Ladedauer von Elektrofahrzeugen variiert je nach Stra\u00dfenzustand und Fahrzeugtyp und vor allem der Geschwindigkeit. Kurz gesagt, es ist notwendig, neue Gewohnheiten anzunehmen und das eigene Wissen basierend auf Ad- hoc-Praktiken umzusetzen.<\/p>\n<p>Sehen wir uns einige inner- und au\u00dfereurop\u00e4ische F\u00e4lle von elektrischen Krankenwagen an.<\/p>\n<h2><strong>Elektrische Krankenwagen im medizinischen Transport: das Beispiel NHS<\/strong><\/h2>\n<p>Der britische Gesundheitsdienst (<a href=\"https:\/\/www.nhs.uk\/\">NHS<\/a>) hat eine neue Flotte von Elektrofahrzeugen auf die Stra\u00dfe gebracht, die den Bereich psychische Gesundheit unterst\u00fctzen sollen. Die Rede ist von <a href=\"https:\/\/electrek.co\/2022\/08\/31\/england-investing-ev-ambulance-fleet-dedicated-mental-health-crises\/\">21 emissionsfreien IV-Krankenwagen<\/a>. Der NHS hatte bereits <a href=\"https:\/\/www.electrive.com\/2021\/08\/09\/nhs-procures-fleet-of-electric-ambulances\/\">2021\u00a0<\/a>ein auf die Anschaffung von vollelektrischen Fahrzeugen abzielendes Projekt. Der Gedanke dahinter war ein \u00f6kologisch nachhaltiger Plan, der mehr als 100 Arbeitspl\u00e4tze schaffen sollte. Die Fahrzeuge, in die die Verwaltung investiert hat, sind leicht und nutzerfreundlich f\u00fcr Ehrenamtliche und Sanit\u00e4ter und mit fortschrittlicher Technologie ausgestattet. Die Einf\u00fchrung von umweltfreundlichen Krankenwagen tr\u00e4gt dazu bei, das von der britischen Regierung gesetzte Ziel zu erreichen: Ab 2040 werden im britischen Gesundheitsdienst (NHS) nur noch emissionsfreie Fahrzeuge im Einsatz sein.<\/p>\n<h2><strong>Elektrische Krankenwagen im medizinischen Transport: das Beispiel Profile<\/strong><\/h2>\n<p>Auch<a href=\"https:\/\/profilevehicles.com\/en\/\"> Profile Vehicles<\/a> engagiert sich mit seiner elektrischen Version eines Fahrzeugs f\u00fcr den Patiententransport f\u00fcr den Kampf gegen Umweltverschmutzung. Ab Fr\u00fchling 2022 ist <a href=\"https:\/\/profilevehicles.com\/en\/eadvanz-in-europe\/\">eAdvanz<\/a>\u00a0in mehreren europ\u00e4ischen L\u00e4ndern auf Demo-Tour: Holland, D\u00e4nemark, \u00d6sterreich, die Schweiz, Schweden, Finnland und Estland waren einige der wichtigsten Stationen. Das Fahrzeug eAdvanz war sofort erfolgreich und die Produktion wurde bereits aktiviert. Tats\u00e4chlich wurde der erste Krankenwagen von Profile Vehicles bereits in Schweden an Samariten Ambulans AB verkauft.<\/p>\n<p>Das angeboten Fahrzeug hat eine Reichweite von ca. 300 km (deklariert). Bei Bedarf kann die Option \u201eSchnellladung\u201c genutzt werden, dank der das Fahrzeug in nur 15 Minuten wieder eine Reichweite von 100 km erzielt.<\/p>\n<h3><strong>Worte eines Rettungsfahrers<\/strong><\/h3>\n<p>Simone Filippini, verantwortlich f\u00fcr den Fuhrpark des Roten Kreuzes Treviglio (Bergamo, Italien), erl\u00e4utert der Redaktion von \u201eThe Ems Blog\u201c seine Meinung \u00fcber Elektrofahrzeuge f\u00fcr den Rettungseinsatz.<\/p>\n<p>\u201eMeiner Meinung nach ist der Einsatz von elektrischen Krankenwagen ideal f\u00fcr sekund\u00e4re Transfers, aber nicht f\u00fcr den notgebundenen Rettungsdienst. Man darf nicht vergessen, dass sich die angegebenen Reichweiten auf eine nahezu konstante Nutzung in Bezug auf die Geschwindigkeit beziehen.\u201c Die Schwierigkeit, elektrische Krankenwagen in den 118-Dienst einzuf\u00fchren, wird durch die Sorge der Rettungskr\u00e4fte best\u00e4tigt, dass diese im Stressfall nicht leistungsstark sind. Simone hingegen findet \u201edie Nutzung eines Elektrofahrzeugs f\u00fcr Sekund\u00e4rdiensteistungen ideal, wo die Entfernung in km bereits im Voraus bekannt ist und vor allem die Zeit zum Aufladen des Fahrzeugs zur Verf\u00fcgung steht, da es sich um vorab geplante Dienste handelt.\u201c<\/p>\n<h3><strong>Entsorgung elektrischer Komponenten<\/strong><\/h3>\n<p>Laut einer im <a href=\"https:\/\/www.sciencedirect.com\/science\/article\/pii\/S2666202721000161\">International Journal of Thermofluids<\/a>, ver\u00f6ffentlichten Studie wird es im Jahr 2030 weltweit 125 Millionen Elektrofahrzeuge geben. Bez\u00fcglich der Emissionen lassen diese Zahlen einen Hoffnungsschimmer aufglimmen. Die M\u00f6glichkeit, die Umweltverschmutzung durch den Einzug neuer Technologien in das Leben von immer mehr Menschen zu bek\u00e4mpfen, gewinnt an Realit\u00e4t. Die Frage ist jedoch: Sind wir f\u00fcr die Entsorgung und das anschlie\u00dfende Recycling von Elektroteilen ger\u00fcstet? Einige Studien berichten, dass bis heute nur 5 % des Lithiums zur\u00fcckgewonnen werden. Die Gefahr einer sch\u00e4dlichen Abfallansammlung ist real. Damit diese nachhaltige Wende konkret wird, ist bez\u00fcglich der Entsorgungstechnologien noch ein weiterer Schritt erforderlich. Wenn wir beim Recycling ins Hintertreffen geraten, waren alle bisherigen Bem\u00fchungen und Investitionen umsonst.<\/p>\n<p>Die vorgeschlagenen sind nur einige der vielen Beispiele von Unternehmen, die einen Schritt hin zur Elektro-Energie gemacht haben und ihre Hand in Richtung einer nachhaltigeren Zukunft ausgestreckt haben.<\/p>\n<\/div><\/section>\n<div  class='flex_column av-19beld0-4e6d678e8d5025c849b327a141df4608 av_one_fourth  avia-builder-el-2  el_after_av_textblock  el_before_av_one_half  first flex_column_div  column-top-margin'     ><\/div>\n<div  class='flex_column av-lb6j12tg-674f5c37cee7564d2cf2f9e3676fce46 av_one_half  avia-builder-el-3  el_after_av_one_fourth  el_before_av_one_fourth  flex_column_div avia-link-column av-column-link  column-top-margin'    data-link-column-url=\"https:\/\/www.stem.it\/de\/about\/\"   ><a class=\"av-screen-reader-only\" href=https:\/\/www.stem.it\/de\/about\/ >Folge einem manuell hinzugef\u00fcgten Link<\/a><section  class='av_textblock_section av-lb6j5903-5bc803a63aa3406f9d34a3aa26a5626a '   itemscope=\"itemscope\" itemtype=\"https:\/\/schema.org\/BlogPosting\" itemprop=\"blogPost\" ><div class='avia_textblock'  itemprop=\"text\" ><h4 class=\"av_bottone av_bottone_verde\">Entdecken Stem<\/h4>\n<\/div><\/section><\/div>\n<div  class='flex_column av-o4yw2s-5c0a672ebeece583e5650aec670a905b av_one_fourth  avia-builder-el-5  el_after_av_one_half  avia-builder-el-last  flex_column_div  column-top-margin'     ><\/div>\n","protected":false},"excerpt":{"rendered":"<p>Die Einf\u00fchrung von Elektrofahrzeugen in die Welt des medizinischen Transports hat inzwischen in mehreren L\u00e4ndern stattgefunden, auch wenn bei den Endverbrauchern diesbez\u00fcglich noch einige Zweifel bestehen. Normativ sind die europ\u00e4ischen Organisationen noch nicht alle auf einer Linie und bei Spezialfahrzeugen gibt es noch keine klaren Regelungen, wie aus der Norm EN:1789 hervorgeht.<\/p>\n","protected":false},"author":12,"featured_media":34571,"comment_status":"closed","ping_status":"closed","sticky":false,"template":"","format":"standard","meta":{"footnotes":""},"categories":[245,232,1,247,249,233],"tags":[],"class_list":["post-34564","post","type-post","status-publish","format-standard","has-post-thumbnail","hentry","category-emergency-tech","category-il-mondo-del-soccorso","category-normative","category-technologies-pour-le-secourisme","category-tecnologias-de-emergencia","category-tecnologie-per-lemergenza"],"yoast_head":"<!-- This site is optimized with the Yoast SEO plugin v27.4 - https:\/\/yoast.com\/product\/yoast-seo-wordpress\/ -->\n<title>Elektrofahrzeugen f\u00fcr den medizinischen Transport<\/title>\n<meta name=\"description\" content=\"Elektrofahrzeugen f\u00fcr den medizinischen Transport. Wir analysieren die Vor- und Nachteile in unserem Artikel.\" \/>\n<meta name=\"robots\" content=\"index, follow, max-snippet:-1, max-image-preview:large, max-video-preview:-1\" \/>\n<link rel=\"canonical\" href=\"https:\/\/www.stem.it\/de\/normative\/elektrische-krankenwagen-im-medizinischen-transport\/\" \/>\n<meta property=\"og:locale\" content=\"de_DE\" \/>\n<meta property=\"og:type\" content=\"article\" \/>\n<meta property=\"og:title\" content=\"Elektrofahrzeugen f\u00fcr den medizinischen Transport\" \/>\n<meta property=\"og:description\" content=\"Elektrofahrzeugen f\u00fcr den medizinischen Transport. Wir analysieren die Vor- und Nachteile in unserem Artikel.\" \/>\n<meta property=\"og:url\" content=\"https:\/\/www.stem.it\/de\/normative\/elektrische-krankenwagen-im-medizinischen-transport\/\" \/>\n<meta property=\"og:site_name\" content=\"Stem Ems\" \/>\n<meta property=\"article:publisher\" content=\"https:\/\/www.facebook.com\/stememsemergencymedicalsystems\/\" \/>\n<meta property=\"article:published_time\" content=\"2023-03-06T13:55:22+00:00\" \/>\n<meta property=\"article:modified_time\" content=\"2023-03-08T09:11:08+00:00\" \/>\n<meta property=\"og:image\" content=\"https:\/\/www.stem.it\/wp-content\/uploads\/2023\/02\/Ambulanza-Elettrica-THE-EMS-BLOG-833x321-1.jpg\" \/>\n\t<meta property=\"og:image:width\" content=\"833\" \/>\n\t<meta property=\"og:image:height\" content=\"321\" \/>\n\t<meta property=\"og:image:type\" content=\"image\/jpeg\" \/>\n<meta name=\"author\" content=\"webmarketing\" \/>\n<meta name=\"twitter:card\" content=\"summary_large_image\" \/>\n<meta name=\"twitter:label1\" content=\"Verfasst von\" \/>\n\t<meta name=\"twitter:data1\" content=\"webmarketing\" \/>\n\t<meta name=\"twitter:label2\" content=\"Gesch\u00e4tzte Lesezeit\" \/>\n\t<meta name=\"twitter:data2\" content=\"6\u00a0Minuten\" \/>\n<script type=\"application\/ld+json\" class=\"yoast-schema-graph\">{\"@context\":\"https:\\\/\\\/schema.org\",\"@graph\":[{\"@type\":\"Article\",\"@id\":\"https:\\\/\\\/www.stem.it\\\/de\\\/normative\\\/elektrische-krankenwagen-im-medizinischen-transport\\\/#article\",\"isPartOf\":{\"@id\":\"https:\\\/\\\/www.stem.it\\\/de\\\/normative\\\/elektrische-krankenwagen-im-medizinischen-transport\\\/\"},\"author\":{\"name\":\"webmarketing\",\"@id\":\"https:\\\/\\\/www.stem.it\\\/de\\\/#\\\/schema\\\/person\\\/54405616b318f734b7a507fd4a0a5476\"},\"headline\":\"Elektrofahrzeugen f\u00fcr den medizinischen Transport\",\"datePublished\":\"2023-03-06T13:55:22+00:00\",\"dateModified\":\"2023-03-08T09:11:08+00:00\",\"mainEntityOfPage\":{\"@id\":\"https:\\\/\\\/www.stem.it\\\/de\\\/normative\\\/elektrische-krankenwagen-im-medizinischen-transport\\\/\"},\"wordCount\":1463,\"image\":{\"@id\":\"https:\\\/\\\/www.stem.it\\\/de\\\/normative\\\/elektrische-krankenwagen-im-medizinischen-transport\\\/#primaryimage\"},\"thumbnailUrl\":\"https:\\\/\\\/www.stem.it\\\/wp-content\\\/uploads\\\/2023\\\/02\\\/Ambulanza-Elettrica-THE-EMS-BLOG-833x321-1.jpg\",\"articleSection\":[\"Emergency Tech\",\"Il mondo del soccorso\",\"Normative\",\"Technologies pour le secourisme\",\"Tecnolog\u00edas de emergencia\",\"Tecnologie per l\u2019emergenza\"],\"inLanguage\":\"de\"},{\"@type\":\"WebPage\",\"@id\":\"https:\\\/\\\/www.stem.it\\\/de\\\/normative\\\/elektrische-krankenwagen-im-medizinischen-transport\\\/\",\"url\":\"https:\\\/\\\/www.stem.it\\\/de\\\/normative\\\/elektrische-krankenwagen-im-medizinischen-transport\\\/\",\"name\":\"Elektrofahrzeugen f\u00fcr den medizinischen Transport\",\"isPartOf\":{\"@id\":\"https:\\\/\\\/www.stem.it\\\/de\\\/#website\"},\"primaryImageOfPage\":{\"@id\":\"https:\\\/\\\/www.stem.it\\\/de\\\/normative\\\/elektrische-krankenwagen-im-medizinischen-transport\\\/#primaryimage\"},\"image\":{\"@id\":\"https:\\\/\\\/www.stem.it\\\/de\\\/normative\\\/elektrische-krankenwagen-im-medizinischen-transport\\\/#primaryimage\"},\"thumbnailUrl\":\"https:\\\/\\\/www.stem.it\\\/wp-content\\\/uploads\\\/2023\\\/02\\\/Ambulanza-Elettrica-THE-EMS-BLOG-833x321-1.jpg\",\"datePublished\":\"2023-03-06T13:55:22+00:00\",\"dateModified\":\"2023-03-08T09:11:08+00:00\",\"author\":{\"@id\":\"https:\\\/\\\/www.stem.it\\\/de\\\/#\\\/schema\\\/person\\\/54405616b318f734b7a507fd4a0a5476\"},\"description\":\"Elektrofahrzeugen f\u00fcr den medizinischen Transport. Wir analysieren die Vor- und Nachteile in unserem Artikel.\",\"breadcrumb\":{\"@id\":\"https:\\\/\\\/www.stem.it\\\/de\\\/normative\\\/elektrische-krankenwagen-im-medizinischen-transport\\\/#breadcrumb\"},\"inLanguage\":\"de\",\"potentialAction\":[{\"@type\":\"ReadAction\",\"target\":[\"https:\\\/\\\/www.stem.it\\\/de\\\/normative\\\/elektrische-krankenwagen-im-medizinischen-transport\\\/\"]}]},{\"@type\":\"ImageObject\",\"inLanguage\":\"de\",\"@id\":\"https:\\\/\\\/www.stem.it\\\/de\\\/normative\\\/elektrische-krankenwagen-im-medizinischen-transport\\\/#primaryimage\",\"url\":\"https:\\\/\\\/www.stem.it\\\/wp-content\\\/uploads\\\/2023\\\/02\\\/Ambulanza-Elettrica-THE-EMS-BLOG-833x321-1.jpg\",\"contentUrl\":\"https:\\\/\\\/www.stem.it\\\/wp-content\\\/uploads\\\/2023\\\/02\\\/Ambulanza-Elettrica-THE-EMS-BLOG-833x321-1.jpg\",\"width\":833,\"height\":321,\"caption\":\"Ambulanza elettrica\"},{\"@type\":\"BreadcrumbList\",\"@id\":\"https:\\\/\\\/www.stem.it\\\/de\\\/normative\\\/elektrische-krankenwagen-im-medizinischen-transport\\\/#breadcrumb\",\"itemListElement\":[{\"@type\":\"ListItem\",\"position\":1,\"name\":\"Home\",\"item\":\"https:\\\/\\\/www.stem.it\\\/de\\\/\"},{\"@type\":\"ListItem\",\"position\":2,\"name\":\"Elektrofahrzeugen f\u00fcr den medizinischen Transport\"}]},{\"@type\":\"WebSite\",\"@id\":\"https:\\\/\\\/www.stem.it\\\/de\\\/#website\",\"url\":\"https:\\\/\\\/www.stem.it\\\/de\\\/\",\"name\":\"Stem Ems\",\"description\":\"Prodotti di alta qualit\u00e0 per lavoro ed emergenza\",\"potentialAction\":[{\"@type\":\"SearchAction\",\"target\":{\"@type\":\"EntryPoint\",\"urlTemplate\":\"https:\\\/\\\/www.stem.it\\\/de\\\/?s={search_term_string}\"},\"query-input\":{\"@type\":\"PropertyValueSpecification\",\"valueRequired\":true,\"valueName\":\"search_term_string\"}}],\"inLanguage\":\"de\"},{\"@type\":\"Person\",\"@id\":\"https:\\\/\\\/www.stem.it\\\/de\\\/#\\\/schema\\\/person\\\/54405616b318f734b7a507fd4a0a5476\",\"name\":\"webmarketing\",\"image\":{\"@type\":\"ImageObject\",\"inLanguage\":\"de\",\"@id\":\"https:\\\/\\\/secure.gravatar.com\\\/avatar\\\/55ca24ab9f1b5382f5e97702f12eb1e8c2a749b22d7e6a79ade1e1fffae1338f?s=96&d=mm&r=g\",\"url\":\"https:\\\/\\\/secure.gravatar.com\\\/avatar\\\/55ca24ab9f1b5382f5e97702f12eb1e8c2a749b22d7e6a79ade1e1fffae1338f?s=96&d=mm&r=g\",\"contentUrl\":\"https:\\\/\\\/secure.gravatar.com\\\/avatar\\\/55ca24ab9f1b5382f5e97702f12eb1e8c2a749b22d7e6a79ade1e1fffae1338f?s=96&d=mm&r=g\",\"caption\":\"webmarketing\"}}]}<\/script>\n<!-- \/ Yoast SEO plugin. -->","yoast_head_json":{"title":"Elektrofahrzeugen f\u00fcr den medizinischen Transport","description":"Elektrofahrzeugen f\u00fcr den medizinischen Transport. Wir analysieren die Vor- und Nachteile in unserem Artikel.","robots":{"index":"index","follow":"follow","max-snippet":"max-snippet:-1","max-image-preview":"max-image-preview:large","max-video-preview":"max-video-preview:-1"},"canonical":"https:\/\/www.stem.it\/de\/normative\/elektrische-krankenwagen-im-medizinischen-transport\/","og_locale":"de_DE","og_type":"article","og_title":"Elektrofahrzeugen f\u00fcr den medizinischen Transport","og_description":"Elektrofahrzeugen f\u00fcr den medizinischen Transport. Wir analysieren die Vor- und Nachteile in unserem Artikel.","og_url":"https:\/\/www.stem.it\/de\/normative\/elektrische-krankenwagen-im-medizinischen-transport\/","og_site_name":"Stem Ems","article_publisher":"https:\/\/www.facebook.com\/stememsemergencymedicalsystems\/","article_published_time":"2023-03-06T13:55:22+00:00","article_modified_time":"2023-03-08T09:11:08+00:00","og_image":[{"width":833,"height":321,"url":"https:\/\/www.stem.it\/wp-content\/uploads\/2023\/02\/Ambulanza-Elettrica-THE-EMS-BLOG-833x321-1.jpg","type":"image\/jpeg"}],"author":"webmarketing","twitter_card":"summary_large_image","twitter_misc":{"Verfasst von":"webmarketing","Gesch\u00e4tzte Lesezeit":"6\u00a0Minuten"},"schema":{"@context":"https:\/\/schema.org","@graph":[{"@type":"Article","@id":"https:\/\/www.stem.it\/de\/normative\/elektrische-krankenwagen-im-medizinischen-transport\/#article","isPartOf":{"@id":"https:\/\/www.stem.it\/de\/normative\/elektrische-krankenwagen-im-medizinischen-transport\/"},"author":{"name":"webmarketing","@id":"https:\/\/www.stem.it\/de\/#\/schema\/person\/54405616b318f734b7a507fd4a0a5476"},"headline":"Elektrofahrzeugen f\u00fcr den medizinischen Transport","datePublished":"2023-03-06T13:55:22+00:00","dateModified":"2023-03-08T09:11:08+00:00","mainEntityOfPage":{"@id":"https:\/\/www.stem.it\/de\/normative\/elektrische-krankenwagen-im-medizinischen-transport\/"},"wordCount":1463,"image":{"@id":"https:\/\/www.stem.it\/de\/normative\/elektrische-krankenwagen-im-medizinischen-transport\/#primaryimage"},"thumbnailUrl":"https:\/\/www.stem.it\/wp-content\/uploads\/2023\/02\/Ambulanza-Elettrica-THE-EMS-BLOG-833x321-1.jpg","articleSection":["Emergency Tech","Il mondo del soccorso","Normative","Technologies pour le secourisme","Tecnolog\u00edas de emergencia","Tecnologie per l\u2019emergenza"],"inLanguage":"de"},{"@type":"WebPage","@id":"https:\/\/www.stem.it\/de\/normative\/elektrische-krankenwagen-im-medizinischen-transport\/","url":"https:\/\/www.stem.it\/de\/normative\/elektrische-krankenwagen-im-medizinischen-transport\/","name":"Elektrofahrzeugen f\u00fcr den medizinischen Transport","isPartOf":{"@id":"https:\/\/www.stem.it\/de\/#website"},"primaryImageOfPage":{"@id":"https:\/\/www.stem.it\/de\/normative\/elektrische-krankenwagen-im-medizinischen-transport\/#primaryimage"},"image":{"@id":"https:\/\/www.stem.it\/de\/normative\/elektrische-krankenwagen-im-medizinischen-transport\/#primaryimage"},"thumbnailUrl":"https:\/\/www.stem.it\/wp-content\/uploads\/2023\/02\/Ambulanza-Elettrica-THE-EMS-BLOG-833x321-1.jpg","datePublished":"2023-03-06T13:55:22+00:00","dateModified":"2023-03-08T09:11:08+00:00","author":{"@id":"https:\/\/www.stem.it\/de\/#\/schema\/person\/54405616b318f734b7a507fd4a0a5476"},"description":"Elektrofahrzeugen f\u00fcr den medizinischen Transport. Wir analysieren die Vor- und Nachteile in unserem Artikel.","breadcrumb":{"@id":"https:\/\/www.stem.it\/de\/normative\/elektrische-krankenwagen-im-medizinischen-transport\/#breadcrumb"},"inLanguage":"de","potentialAction":[{"@type":"ReadAction","target":["https:\/\/www.stem.it\/de\/normative\/elektrische-krankenwagen-im-medizinischen-transport\/"]}]},{"@type":"ImageObject","inLanguage":"de","@id":"https:\/\/www.stem.it\/de\/normative\/elektrische-krankenwagen-im-medizinischen-transport\/#primaryimage","url":"https:\/\/www.stem.it\/wp-content\/uploads\/2023\/02\/Ambulanza-Elettrica-THE-EMS-BLOG-833x321-1.jpg","contentUrl":"https:\/\/www.stem.it\/wp-content\/uploads\/2023\/02\/Ambulanza-Elettrica-THE-EMS-BLOG-833x321-1.jpg","width":833,"height":321,"caption":"Ambulanza elettrica"},{"@type":"BreadcrumbList","@id":"https:\/\/www.stem.it\/de\/normative\/elektrische-krankenwagen-im-medizinischen-transport\/#breadcrumb","itemListElement":[{"@type":"ListItem","position":1,"name":"Home","item":"https:\/\/www.stem.it\/de\/"},{"@type":"ListItem","position":2,"name":"Elektrofahrzeugen f\u00fcr den medizinischen Transport"}]},{"@type":"WebSite","@id":"https:\/\/www.stem.it\/de\/#website","url":"https:\/\/www.stem.it\/de\/","name":"Stem Ems","description":"Prodotti di alta qualit\u00e0 per lavoro ed emergenza","potentialAction":[{"@type":"SearchAction","target":{"@type":"EntryPoint","urlTemplate":"https:\/\/www.stem.it\/de\/?s={search_term_string}"},"query-input":{"@type":"PropertyValueSpecification","valueRequired":true,"valueName":"search_term_string"}}],"inLanguage":"de"},{"@type":"Person","@id":"https:\/\/www.stem.it\/de\/#\/schema\/person\/54405616b318f734b7a507fd4a0a5476","name":"webmarketing","image":{"@type":"ImageObject","inLanguage":"de","@id":"https:\/\/secure.gravatar.com\/avatar\/55ca24ab9f1b5382f5e97702f12eb1e8c2a749b22d7e6a79ade1e1fffae1338f?s=96&d=mm&r=g","url":"https:\/\/secure.gravatar.com\/avatar\/55ca24ab9f1b5382f5e97702f12eb1e8c2a749b22d7e6a79ade1e1fffae1338f?s=96&d=mm&r=g","contentUrl":"https:\/\/secure.gravatar.com\/avatar\/55ca24ab9f1b5382f5e97702f12eb1e8c2a749b22d7e6a79ade1e1fffae1338f?s=96&d=mm&r=g","caption":"webmarketing"}}]}},"_links":{"self":[{"href":"https:\/\/www.stem.it\/de\/wp-json\/wp\/v2\/posts\/34564","targetHints":{"allow":["GET"]}}],"collection":[{"href":"https:\/\/www.stem.it\/de\/wp-json\/wp\/v2\/posts"}],"about":[{"href":"https:\/\/www.stem.it\/de\/wp-json\/wp\/v2\/types\/post"}],"author":[{"embeddable":true,"href":"https:\/\/www.stem.it\/de\/wp-json\/wp\/v2\/users\/12"}],"replies":[{"embeddable":true,"href":"https:\/\/www.stem.it\/de\/wp-json\/wp\/v2\/comments?post=34564"}],"version-history":[{"count":3,"href":"https:\/\/www.stem.it\/de\/wp-json\/wp\/v2\/posts\/34564\/revisions"}],"predecessor-version":[{"id":35069,"href":"https:\/\/www.stem.it\/de\/wp-json\/wp\/v2\/posts\/34564\/revisions\/35069"}],"wp:featuredmedia":[{"embeddable":true,"href":"https:\/\/www.stem.it\/de\/wp-json\/wp\/v2\/media\/34571"}],"wp:attachment":[{"href":"https:\/\/www.stem.it\/de\/wp-json\/wp\/v2\/media?parent=34564"}],"wp:term":[{"taxonomy":"category","embeddable":true,"href":"https:\/\/www.stem.it\/de\/wp-json\/wp\/v2\/categories?post=34564"},{"taxonomy":"post_tag","embeddable":true,"href":"https:\/\/www.stem.it\/de\/wp-json\/wp\/v2\/tags?post=34564"}],"curies":[{"name":"wp","href":"https:\/\/api.w.org\/{rel}","templated":true}]}}