{"id":31330,"date":"2022-08-24T15:14:22","date_gmt":"2022-08-24T13:14:22","guid":{"rendered":"https:\/\/www.stem.it\/?p=31330"},"modified":"2022-10-14T16:05:35","modified_gmt":"2022-10-14T14:05:35","slug":"risiko-erschuetterungen-verletzungen-ambulanzfahrzeug","status":"publish","type":"post","link":"https:\/\/www.stem.it\/de\/regeln-gesetze-und-normen\/risiko-erschuetterungen-verletzungen-ambulanzfahrzeug\/","title":{"rendered":"Das Risiko durch Ersch\u00fctterungen im Ambulanzfahrzeug. Wie lassen sich sekund\u00e4re Transportsch\u00e4den verringern?"},"content":{"rendered":"\n<p>Eines der vielschichtigsten und gleichzeitig meist unzureichend behandelten Themen bei der Ausbildung von Rettungskr\u00e4ften ist zweifelsohne das der <strong>sekund\u00e4ren Transportsch\u00e4den<\/strong>, also alle Beeintr\u00e4chtigungen und Ver\u00e4nderungen des Krankheitsbilds eines Patienten aufgrund der Verlegung des Patienten vom Unfallort\/Krankheitsort in die zust\u00e4ndige Krankenhauseinrichtung. Sehen wir uns den derzeitigen Stand der Gesetze und Richtlinien an und untersuchen wir die wichtigsten Daten zum Risiko durch Ersch\u00fctterungen und die m\u00f6glichen L\u00f6sungen des Problems.<\/p>\n\n\n\n<h2 class=\"wp-block-heading\">Die derzeitigen Bestimmungen f\u00fcr die Bef\u00f6rderung von Patienten mit Polytrauma<\/h2>\n\n\n\n<p>In allen <strong>Anleitungen zur Vorbereitung der ambulanten Rettung<\/strong> geht es haupts\u00e4chlich um die <strong>\u201eBehandlung\u201c des Patienten<\/strong>, unabh\u00e4ngig davon, ob er an einer Krankheit leidet oder an einem Unfall beteiligt war, wobei die Vorg\u00e4nge nach dem Verladen der verletzten Person in das Rettungsfahrzeug fast v\u00f6llig au\u00dfer Acht gelassen werden.<br>Insbesondere die Abschnitte, die die Versorgung der Patienten mit Polytraumata betreffen, beschreiben sehr detailliert, welche Vorrichtungen zur Verf\u00fcgung stehen m\u00fcssen, welche Handgriffe erlaubt sind und welche unbedingt vermieden werden m\u00fcssen, um Sch\u00e4den an der Halswirbels\u00e4ule so weit wie m\u00f6glich zu vermeiden bzw. zu begrenzen. Vom Rettungspersonal wird eine korrekte und gewissenhafte Verwendung der Immobilisationsmittel (Cervicalst\u00fctzen, Spineboards, Rettungskorsetts und eventuelle Vakuumschienen und\/oder Vakuummatratzen) verlangt, und es wird empfohlen, bei jeder Immobilisationsma\u00dfnahme nur Bewegungen entlang der Rotationsachse der Wirbels\u00e4ule durchzuf\u00fchren, um das Risiko der Gef\u00e4hrdung der Wirbels\u00e4ule im Falle einer Wirbels\u00e4ulenverletzung zu vermeiden.<\/p>\n\n\n\n<p>Entgegen den Erwartungen liefern die Leitlinien keine besonders sorgf\u00e4ltige Anleitung f\u00fcr den <strong>Transport des Patienten im Ambulanzfahrzeug<\/strong>, als w\u00e4re diese sensible Phase der Rettung v\u00f6llig risikofrei. Sogar die beiden auf internationaler Ebene wichtigsten Rettungsmethoden f\u00fcr die Versorgung von Traumapatienten, das <strong>Prehospital Trauma Care (PTC)- und das Advanced Trauma Life Support (ATLS)-Protokoll<\/strong>, befassen sich nur am Rande mit der Frage <strong>sekund\u00e4rer Transportsch\u00e4den<\/strong>.<\/p>\n\n\n\n<p>Doch die Statistiken sprechen eine deutliche Sprache und erfordern mehr Augenmerk auf das Thema: <strong>Zwischen 3 und 25 Prozent der Patienten mit Polytrauma weisen Wirbels\u00e4ulensch\u00e4den auf, die w\u00e4hrend des Transports (im Ambulanzfahrzeug) oder der pr\u00e4hospitalen Behandlung entstanden sind<\/strong>.<\/p>\n\n\n\n<h2 class=\"wp-block-heading\">Das Risiko durch Ersch\u00fctterungen: einige Daten<\/h2>\n\n\n\n<p>W\u00e4hrend des Transports im Ambulanzfahrzeug ist der Patient zahlreichen Faktoren wie L\u00e4rm, der Temperatur und vor allem den <strong>Ersch\u00fctterungen<\/strong> ausgesetzt, die durch das st\u00e4ndige <strong>Beschleunigen und Bremsen<\/strong> sowie durch das <strong>\u00dcberfahren von Bodenwellen oder unebenen Stra\u00dfen<\/strong> entstehen. Diese haben unterschiedliche Auswirkungen auf den menschlichen K\u00f6rper.<\/p>\n\n\n\n<p>Im <strong>Einheitstext \u00fcber Arbeitsschutz<\/strong>, GvD 81\/2008 (Titel VIII), gelten <strong>mechanische Ersch\u00fctterungen<\/strong> als physikalischer Risikofaktor f\u00fcr die Gesundheit und Sicherheit von Arbeitnehmern und im speziellen Fall der bef\u00f6rderten Personen. So werden <strong>Grenzwerte f\u00fcr die Belastung durch Ersch\u00fctterungen<\/strong> f\u00fcr einen Bezugszeitraum von acht Stunden festgelegt.<\/p>\n\n\n\n<p>In einer wichtigen <a href=\"#studie\" rel=\"nofollow\">Studie<sup>1<\/sup><\/a> <strong>\u00fcber Ambulanzfahrzeugen durch die ARES (Regionale Gesellschaft f\u00fcr medizinische Notf\u00e4lle) 118 Viterbo<\/strong> wurden die Belastungen durch L\u00e4rm und Ersch\u00fctterungen sowohl f\u00fcr die Rettungskr\u00e4fte als auch f\u00fcr die transportierten Personen gemessen. In Bezug auf die Werte der bef\u00f6rderten Personen zeigten die Ergebnisse hohe Beschleunigungswerte; bei Fahrten auf innerst\u00e4dtischen Stra\u00dfen mit eingeschalteten Signalanlagen und Kennleuchte wurde der in der Gesetzesverordnung 81\/2008 f\u00fcr Arbeitnehmer vorgesehene Belastungsgrenzwert \u00fcber kurze Zeitr\u00e4ume \u00fcberschritten.<br>Der menschliche K\u00f6rper reagiert am st\u00e4rksten auf niedrige Frequenzen zwischen 2 und 20 Hz und die Auswirkungen sind je nach Organ unterschiedlich: die nachstehende Tabelle zeigt die Resonanzfrequenzen verschiedener Organe und Apparate und die damit verbundenen Symptome.<\/p>\n\n\n\n<figure class=\"wp-block-image size-full\"><img loading=\"lazy\" decoding=\"async\" width=\"800\" height=\"308\" src=\"https:\/\/www.stem.it\/wp-content\/uploads\/2022\/08\/tabella-trasporti-sensibili-de.jpg\" alt=\"\" class=\"wp-image-31331\" srcset=\"https:\/\/www.stem.it\/wp-content\/uploads\/2022\/08\/tabella-trasporti-sensibili-de.jpg 800w, https:\/\/www.stem.it\/wp-content\/uploads\/2022\/08\/tabella-trasporti-sensibili-de-300x116.jpg 300w, https:\/\/www.stem.it\/wp-content\/uploads\/2022\/08\/tabella-trasporti-sensibili-de-768x296.jpg 768w, https:\/\/www.stem.it\/wp-content\/uploads\/2022\/08\/tabella-trasporti-sensibili-de-705x271.jpg 705w\" sizes=\"auto, (max-width: 800px) 100vw, 800px\" \/><\/figure>\n\n\n\n<p>Ersch\u00fctterungen haben demnach Auswirkungen auf die Vitalfunktionen und verursachen physiologische Ver\u00e4nderungen, die den klinischen Zustand des transportierten Patienten verschlimmern k\u00f6nnen.<br>Die Studie verdeutlicht die <strong>Notwendigkeit und Bedeutung von Vorrichtungen in Ambulanzfahrzeugen, die die auf die Patienten einwirkenden Ersch\u00fctterungen<\/strong>, die Hauptverursacher der im ersten Teil des Artikels beschriebenen sekund\u00e4ren Transportsch\u00e4den, <strong>d\u00e4mpfen k\u00f6nnen<\/strong>.<\/p>\n\n\n\n<h2 class=\"wp-block-heading\">Transportsch\u00e4den: der Ansatz<\/h2>\n\n\n\n<p>Ein interessantes Konzept zur Ann\u00e4herung an das Thema aus einem anderen Blickwinkel als bisher findet sich in den <strong>Leitlinien der HEMS Association<\/strong> (Helicopter Emergency Medical Service) aus dem Jahr 2014 \u00fcber den <strong>Einsatz von Immobilisationsvorrichtungen<\/strong>. Das Dokument stellt fest, dass die Immobilisationstechniken und die Anwendung der Vorrichtungen keine Therapie darstellen, sondern eine Vorsichtsma\u00dfnahme zur Vermeidung von so genannten \u201eTransportsch\u00e4den\u201c. Wird dieser Grundsatz zudem mit der Erkenntnis verkn\u00fcpft, dass die Notfallrettung au\u00dferhalb des Krankenhauses ein Prozess ist, der im Moment des Notrufs beginnt und mit der Versorgung des Verletzten durch das medizinische Personal der zust\u00e4ndigen Krankenhauseinrichtung endet, k\u00f6nnen die Grundlagen f\u00fcr ein <strong>Bewusstsein geschaffen werden, das f\u00fcr die Minimierung der Auswirkungen von Krankentransporten unerl\u00e4sslich ist<\/strong>.<\/p>\n\n\n\n<p>Dabei ist zu betonen, dass der Fahrstil sowie die Art des Fahrzeugs, mit dem der Transport durchgef\u00fchrt wird, zwar wichtige, aber nicht entscheidende Faktoren f\u00fcr das Risikomanagement sind. Mit anderen Worten: Selbst eine vorsichtige Fahrweise in einem einigerma\u00dfen komfortablen Fahrzeug kann die Auswirkungen des Transports auf die Gesundheit des Patienten nicht ausreichend verringern. Dar\u00fcber hinaus betreffen durch den Transport bedingte Sch\u00e4den nicht nur Unfallpatienten, sondern auch Menschen mit anderen Krankheiten.<\/p>\n\n\n\n<h2 class=\"wp-block-heading\">Technologische L\u00f6sungen vor Ort gegen Transportsch\u00e4den<\/h2>\n\n\n\n<p>Im Laufe der Jahre kamen f\u00fcr die angesprochenen Problemstellungen verschiedene L\u00f6sungen auf den Markt, die die Branche inzwischen als wertvolle Verb\u00fcndete anerkannt hat.<br>Unter anderem <strong>gefederte Tragenlagerungen<\/strong> zur Verringerung von Ersch\u00fctterungen und Belastungen der transportierten Person.<\/p>\n\n\n\n<p>Das weltweit erste Unternehmen, das eine gefederte Tragenlagerung produzierte, war die Firma Stem Srl, ein f\u00fchrender Hersteller moderner Transportvorrichtungen f\u00fcr Ambulanzfahrzeugen. EDEN ist die einzige sto\u00dfged\u00e4mpfte Tragenlagerung mit einer selbstregulierenden hydropneumatischen Federung, die sich an das Gewicht des Patienten anpasst, um quer zur Fahrtrichtung wirkende Beanspruchungen zu d\u00e4mpfen und so die normalerweise auf den Patienten einwirkenden Ersch\u00fctterungen deutlich zu reduzieren.<br>Wie im ersten Teil des Artikels ausf\u00fchrlich er\u00f6rtert, ist die <strong>Verwendung spezieller Ausr\u00fcstungen<\/strong> zur Verringerung sekund\u00e4rer Transportsch\u00e4den zum jetzigen Zeitpunkt kurz- bis mittelfristig die <strong>beste L\u00f6sung<\/strong> zur Verbesserung der Qualit\u00e4tsstandards im Rettungswesen.<\/p>\n\n\n\n<h2 class=\"wp-block-heading\">Abschlussbetrachtungen<\/h2>\n\n\n\n<p>Mehr als vierzig Jahre nach der Einf\u00fchrung des angels\u00e4chsischen Notrettungsmanagementmodells und zwanzig Jahre nach der Gr\u00fcndung des 118-Notrettungsdienstes in Italien ist eine <strong>\u00dcberarbeitung<\/strong> und <strong>Erg\u00e4nzung der Leitlinien<\/strong> sowohl f\u00fcr den <strong>Transport<\/strong> als auch hinsichtlich der <strong>Ausr\u00fcstung der Rettungsfahrzeuge notwendiger<\/strong> denn je, um einen leistungsf\u00e4higen und hochwertigen Rettungsdienst anbieten zu k\u00f6nnen. Andererseits wurden in den vergangenen Jahren bereits einige Grundprinzipien der Rettung in Frage gestellt, darunter auch die <a href=\"https:\/\/www.nurse24.it\/specializzazioni\/emergenza-urgenza\/paziente-politraumatizzato-quale-futuro-per-immobilizzazione.html\" target=\"_blank\" rel=\"noreferrer noopener nofollow\">Immobilisierungsmethoden<\/a>, die zum ersten Mal Jahre nach ihrer Einf\u00fchrung analysiert wurden, um ihre Effektivit\u00e4t und Validit\u00e4t im Laufe der Zeit zu \u00fcberpr\u00fcfen.<\/p>\n\n\n\n<p>In Erwartung, dass auch die Fahrzeuge, die als Rettungsfahrzeuge ausgestattet werden, spezifisch f\u00fcr den Personentransport konzipiert und somit angemessen ausgestattet werden, um die Risikofaktoren, denen Patienten und Einsatzkr\u00e4fte w\u00e4hrend des Transports ausgesetzt sind, auf ein Mindestma\u00df zu beschr\u00e4nken, halten wir es f\u00fcr die <strong>Aufgabe der einzelnen Gebietsk\u00f6rperschaften<\/strong>, die Einsatz- und Rettungsdienste anbieten, die besten auf dem Markt erh\u00e4ltlichen Hilfsmittel auszuw\u00e4hlen.<\/p>\n\n\n\n<p><sup><span id=\"studie\">1<\/span><\/sup> Nataletti P. et al., \u00abStudio pilota dell\u2019esposizione a rumore e vibrazioni egli addetti dei mezzi di soccorso del 118 e dei trasportati\u00bb. ISPESL, Dipartimento di Igiene del Lavoro, Laboratorio Agenti Fisici, Monte Porzio Catone (RM).<\/p>\n","protected":false},"excerpt":{"rendered":"<p>Eines der vielschichtigsten und gleichzeitig meist unzureichend behandelten Themen bei der Ausbildung von Rettungskr\u00e4ften ist zweifelsohne das der sekund\u00e4ren Transportsch\u00e4den, also alle Beeintr\u00e4chtigungen und Ver\u00e4nderungen des Krankheitsbilds eines Patienten aufgrund [&hellip;]<\/p>\n","protected":false},"author":8,"featured_media":31227,"comment_status":"closed","ping_status":"closed","sticky":false,"template":"","format":"standard","meta":{"footnotes":""},"categories":[59],"tags":[],"class_list":["post-31330","post","type-post","status-publish","format-standard","has-post-thumbnail","hentry","category-regeln-gesetze-und-normen"],"yoast_head":"<!-- This site is optimized with the Yoast SEO plugin v27.4 - https:\/\/yoast.com\/product\/yoast-seo-wordpress\/ -->\n<title>Ersch\u00fctterungen im Ambulanzfahrzeug und sekund\u00e4re Transportsch\u00e4den | The EMS Blog<\/title>\n<meta name=\"description\" content=\"Ersch\u00fctterungen im Ambulanzfahrzeug sind die Hauptursache f\u00fcr sekund\u00e4re Sch\u00e4den der Patienten w\u00e4hrend des Transports. Eine Untersuchung des Problems und der L\u00f6sungen.\" \/>\n<meta name=\"robots\" content=\"index, follow, max-snippet:-1, max-image-preview:large, max-video-preview:-1\" \/>\n<link rel=\"canonical\" href=\"https:\/\/www.stem.it\/de\/regeln-gesetze-und-normen\/risiko-erschuetterungen-verletzungen-ambulanzfahrzeug\/\" \/>\n<meta property=\"og:locale\" content=\"de_DE\" \/>\n<meta property=\"og:type\" content=\"article\" \/>\n<meta property=\"og:title\" content=\"Ersch\u00fctterungen im Ambulanzfahrzeug und sekund\u00e4re Transportsch\u00e4den | The EMS Blog\" \/>\n<meta property=\"og:description\" content=\"Ersch\u00fctterungen im Ambulanzfahrzeug sind die Hauptursache f\u00fcr sekund\u00e4re Sch\u00e4den der Patienten w\u00e4hrend des Transports. Eine Untersuchung des Problems und der L\u00f6sungen.\" \/>\n<meta property=\"og:url\" content=\"https:\/\/www.stem.it\/de\/regeln-gesetze-und-normen\/risiko-erschuetterungen-verletzungen-ambulanzfahrzeug\/\" \/>\n<meta property=\"og:site_name\" content=\"Stem Ems\" \/>\n<meta property=\"article:publisher\" content=\"https:\/\/www.facebook.com\/stememsemergencymedicalsystems\/\" \/>\n<meta property=\"article:published_time\" content=\"2022-08-24T13:14:22+00:00\" \/>\n<meta property=\"article:modified_time\" content=\"2022-10-14T14:05:35+00:00\" \/>\n<meta property=\"og:image\" content=\"https:\/\/www.stem.it\/wp-content\/uploads\/2022\/08\/rischio-vibrazioni-ambulanza.jpg\" \/>\n\t<meta property=\"og:image:width\" content=\"833\" \/>\n\t<meta property=\"og:image:height\" content=\"321\" \/>\n\t<meta property=\"og:image:type\" content=\"image\/jpeg\" \/>\n<meta name=\"author\" content=\"kedos\" \/>\n<meta name=\"twitter:card\" content=\"summary_large_image\" \/>\n<meta name=\"twitter:label1\" content=\"Verfasst von\" \/>\n\t<meta name=\"twitter:data1\" content=\"kedos\" \/>\n\t<meta name=\"twitter:label2\" content=\"Gesch\u00e4tzte Lesezeit\" \/>\n\t<meta name=\"twitter:data2\" content=\"6\u00a0Minuten\" \/>\n<script type=\"application\/ld+json\" class=\"yoast-schema-graph\">{\"@context\":\"https:\\\/\\\/schema.org\",\"@graph\":[{\"@type\":\"Article\",\"@id\":\"https:\\\/\\\/www.stem.it\\\/de\\\/regeln-gesetze-und-normen\\\/risiko-erschuetterungen-verletzungen-ambulanzfahrzeug\\\/#article\",\"isPartOf\":{\"@id\":\"https:\\\/\\\/www.stem.it\\\/de\\\/regeln-gesetze-und-normen\\\/risiko-erschuetterungen-verletzungen-ambulanzfahrzeug\\\/\"},\"author\":{\"name\":\"kedos\",\"@id\":\"https:\\\/\\\/www.stem.it\\\/de\\\/#\\\/schema\\\/person\\\/ed2c0dbb7ccf5e46288b8b9446421bd9\"},\"headline\":\"Das Risiko durch Ersch\u00fctterungen im Ambulanzfahrzeug. Wie lassen sich sekund\u00e4re Transportsch\u00e4den verringern?\",\"datePublished\":\"2022-08-24T13:14:22+00:00\",\"dateModified\":\"2022-10-14T14:05:35+00:00\",\"mainEntityOfPage\":{\"@id\":\"https:\\\/\\\/www.stem.it\\\/de\\\/regeln-gesetze-und-normen\\\/risiko-erschuetterungen-verletzungen-ambulanzfahrzeug\\\/\"},\"wordCount\":1215,\"image\":{\"@id\":\"https:\\\/\\\/www.stem.it\\\/de\\\/regeln-gesetze-und-normen\\\/risiko-erschuetterungen-verletzungen-ambulanzfahrzeug\\\/#primaryimage\"},\"thumbnailUrl\":\"https:\\\/\\\/www.stem.it\\\/wp-content\\\/uploads\\\/2022\\\/08\\\/rischio-vibrazioni-ambulanza.jpg\",\"articleSection\":[\"Regeln, Gesetze und Normen\"],\"inLanguage\":\"de\"},{\"@type\":\"WebPage\",\"@id\":\"https:\\\/\\\/www.stem.it\\\/de\\\/regeln-gesetze-und-normen\\\/risiko-erschuetterungen-verletzungen-ambulanzfahrzeug\\\/\",\"url\":\"https:\\\/\\\/www.stem.it\\\/de\\\/regeln-gesetze-und-normen\\\/risiko-erschuetterungen-verletzungen-ambulanzfahrzeug\\\/\",\"name\":\"Ersch\u00fctterungen im Ambulanzfahrzeug und sekund\u00e4re Transportsch\u00e4den | The EMS Blog\",\"isPartOf\":{\"@id\":\"https:\\\/\\\/www.stem.it\\\/de\\\/#website\"},\"primaryImageOfPage\":{\"@id\":\"https:\\\/\\\/www.stem.it\\\/de\\\/regeln-gesetze-und-normen\\\/risiko-erschuetterungen-verletzungen-ambulanzfahrzeug\\\/#primaryimage\"},\"image\":{\"@id\":\"https:\\\/\\\/www.stem.it\\\/de\\\/regeln-gesetze-und-normen\\\/risiko-erschuetterungen-verletzungen-ambulanzfahrzeug\\\/#primaryimage\"},\"thumbnailUrl\":\"https:\\\/\\\/www.stem.it\\\/wp-content\\\/uploads\\\/2022\\\/08\\\/rischio-vibrazioni-ambulanza.jpg\",\"datePublished\":\"2022-08-24T13:14:22+00:00\",\"dateModified\":\"2022-10-14T14:05:35+00:00\",\"author\":{\"@id\":\"https:\\\/\\\/www.stem.it\\\/de\\\/#\\\/schema\\\/person\\\/ed2c0dbb7ccf5e46288b8b9446421bd9\"},\"description\":\"Ersch\u00fctterungen im Ambulanzfahrzeug sind die Hauptursache f\u00fcr sekund\u00e4re Sch\u00e4den der Patienten w\u00e4hrend des Transports. Eine Untersuchung des Problems und der L\u00f6sungen.\",\"breadcrumb\":{\"@id\":\"https:\\\/\\\/www.stem.it\\\/de\\\/regeln-gesetze-und-normen\\\/risiko-erschuetterungen-verletzungen-ambulanzfahrzeug\\\/#breadcrumb\"},\"inLanguage\":\"de\",\"potentialAction\":[{\"@type\":\"ReadAction\",\"target\":[\"https:\\\/\\\/www.stem.it\\\/de\\\/regeln-gesetze-und-normen\\\/risiko-erschuetterungen-verletzungen-ambulanzfahrzeug\\\/\"]}]},{\"@type\":\"ImageObject\",\"inLanguage\":\"de\",\"@id\":\"https:\\\/\\\/www.stem.it\\\/de\\\/regeln-gesetze-und-normen\\\/risiko-erschuetterungen-verletzungen-ambulanzfahrzeug\\\/#primaryimage\",\"url\":\"https:\\\/\\\/www.stem.it\\\/wp-content\\\/uploads\\\/2022\\\/08\\\/rischio-vibrazioni-ambulanza.jpg\",\"contentUrl\":\"https:\\\/\\\/www.stem.it\\\/wp-content\\\/uploads\\\/2022\\\/08\\\/rischio-vibrazioni-ambulanza.jpg\",\"width\":833,\"height\":321,\"caption\":\"rischio vibrazioni e danni secondari nel trasporto in ambulanza\"},{\"@type\":\"BreadcrumbList\",\"@id\":\"https:\\\/\\\/www.stem.it\\\/de\\\/regeln-gesetze-und-normen\\\/risiko-erschuetterungen-verletzungen-ambulanzfahrzeug\\\/#breadcrumb\",\"itemListElement\":[{\"@type\":\"ListItem\",\"position\":1,\"name\":\"Home\",\"item\":\"https:\\\/\\\/www.stem.it\\\/de\\\/\"},{\"@type\":\"ListItem\",\"position\":2,\"name\":\"Das Risiko durch Ersch\u00fctterungen im Ambulanzfahrzeug. Wie lassen sich sekund\u00e4re Transportsch\u00e4den verringern?\"}]},{\"@type\":\"WebSite\",\"@id\":\"https:\\\/\\\/www.stem.it\\\/de\\\/#website\",\"url\":\"https:\\\/\\\/www.stem.it\\\/de\\\/\",\"name\":\"Stem Ems\",\"description\":\"Prodotti di alta qualit\u00e0 per lavoro ed emergenza\",\"potentialAction\":[{\"@type\":\"SearchAction\",\"target\":{\"@type\":\"EntryPoint\",\"urlTemplate\":\"https:\\\/\\\/www.stem.it\\\/de\\\/?s={search_term_string}\"},\"query-input\":{\"@type\":\"PropertyValueSpecification\",\"valueRequired\":true,\"valueName\":\"search_term_string\"}}],\"inLanguage\":\"de\"},{\"@type\":\"Person\",\"@id\":\"https:\\\/\\\/www.stem.it\\\/de\\\/#\\\/schema\\\/person\\\/ed2c0dbb7ccf5e46288b8b9446421bd9\",\"name\":\"kedos\",\"image\":{\"@type\":\"ImageObject\",\"inLanguage\":\"de\",\"@id\":\"https:\\\/\\\/secure.gravatar.com\\\/avatar\\\/0cf0f65013daf2393366816b80bc771016138b1dd74bf1051026fa00b412f21f?s=96&d=mm&r=g\",\"url\":\"https:\\\/\\\/secure.gravatar.com\\\/avatar\\\/0cf0f65013daf2393366816b80bc771016138b1dd74bf1051026fa00b412f21f?s=96&d=mm&r=g\",\"contentUrl\":\"https:\\\/\\\/secure.gravatar.com\\\/avatar\\\/0cf0f65013daf2393366816b80bc771016138b1dd74bf1051026fa00b412f21f?s=96&d=mm&r=g\",\"caption\":\"kedos\"}}]}<\/script>\n<!-- \/ Yoast SEO plugin. -->","yoast_head_json":{"title":"Ersch\u00fctterungen im Ambulanzfahrzeug und sekund\u00e4re Transportsch\u00e4den | The EMS Blog","description":"Ersch\u00fctterungen im Ambulanzfahrzeug sind die Hauptursache f\u00fcr sekund\u00e4re Sch\u00e4den der Patienten w\u00e4hrend des Transports. Eine Untersuchung des Problems und der L\u00f6sungen.","robots":{"index":"index","follow":"follow","max-snippet":"max-snippet:-1","max-image-preview":"max-image-preview:large","max-video-preview":"max-video-preview:-1"},"canonical":"https:\/\/www.stem.it\/de\/regeln-gesetze-und-normen\/risiko-erschuetterungen-verletzungen-ambulanzfahrzeug\/","og_locale":"de_DE","og_type":"article","og_title":"Ersch\u00fctterungen im Ambulanzfahrzeug und sekund\u00e4re Transportsch\u00e4den | The EMS Blog","og_description":"Ersch\u00fctterungen im Ambulanzfahrzeug sind die Hauptursache f\u00fcr sekund\u00e4re Sch\u00e4den der Patienten w\u00e4hrend des Transports. Eine Untersuchung des Problems und der L\u00f6sungen.","og_url":"https:\/\/www.stem.it\/de\/regeln-gesetze-und-normen\/risiko-erschuetterungen-verletzungen-ambulanzfahrzeug\/","og_site_name":"Stem Ems","article_publisher":"https:\/\/www.facebook.com\/stememsemergencymedicalsystems\/","article_published_time":"2022-08-24T13:14:22+00:00","article_modified_time":"2022-10-14T14:05:35+00:00","og_image":[{"width":833,"height":321,"url":"https:\/\/www.stem.it\/wp-content\/uploads\/2022\/08\/rischio-vibrazioni-ambulanza.jpg","type":"image\/jpeg"}],"author":"kedos","twitter_card":"summary_large_image","twitter_misc":{"Verfasst von":"kedos","Gesch\u00e4tzte Lesezeit":"6\u00a0Minuten"},"schema":{"@context":"https:\/\/schema.org","@graph":[{"@type":"Article","@id":"https:\/\/www.stem.it\/de\/regeln-gesetze-und-normen\/risiko-erschuetterungen-verletzungen-ambulanzfahrzeug\/#article","isPartOf":{"@id":"https:\/\/www.stem.it\/de\/regeln-gesetze-und-normen\/risiko-erschuetterungen-verletzungen-ambulanzfahrzeug\/"},"author":{"name":"kedos","@id":"https:\/\/www.stem.it\/de\/#\/schema\/person\/ed2c0dbb7ccf5e46288b8b9446421bd9"},"headline":"Das Risiko durch Ersch\u00fctterungen im Ambulanzfahrzeug. Wie lassen sich sekund\u00e4re Transportsch\u00e4den verringern?","datePublished":"2022-08-24T13:14:22+00:00","dateModified":"2022-10-14T14:05:35+00:00","mainEntityOfPage":{"@id":"https:\/\/www.stem.it\/de\/regeln-gesetze-und-normen\/risiko-erschuetterungen-verletzungen-ambulanzfahrzeug\/"},"wordCount":1215,"image":{"@id":"https:\/\/www.stem.it\/de\/regeln-gesetze-und-normen\/risiko-erschuetterungen-verletzungen-ambulanzfahrzeug\/#primaryimage"},"thumbnailUrl":"https:\/\/www.stem.it\/wp-content\/uploads\/2022\/08\/rischio-vibrazioni-ambulanza.jpg","articleSection":["Regeln, Gesetze und Normen"],"inLanguage":"de"},{"@type":"WebPage","@id":"https:\/\/www.stem.it\/de\/regeln-gesetze-und-normen\/risiko-erschuetterungen-verletzungen-ambulanzfahrzeug\/","url":"https:\/\/www.stem.it\/de\/regeln-gesetze-und-normen\/risiko-erschuetterungen-verletzungen-ambulanzfahrzeug\/","name":"Ersch\u00fctterungen im Ambulanzfahrzeug und sekund\u00e4re Transportsch\u00e4den | The EMS Blog","isPartOf":{"@id":"https:\/\/www.stem.it\/de\/#website"},"primaryImageOfPage":{"@id":"https:\/\/www.stem.it\/de\/regeln-gesetze-und-normen\/risiko-erschuetterungen-verletzungen-ambulanzfahrzeug\/#primaryimage"},"image":{"@id":"https:\/\/www.stem.it\/de\/regeln-gesetze-und-normen\/risiko-erschuetterungen-verletzungen-ambulanzfahrzeug\/#primaryimage"},"thumbnailUrl":"https:\/\/www.stem.it\/wp-content\/uploads\/2022\/08\/rischio-vibrazioni-ambulanza.jpg","datePublished":"2022-08-24T13:14:22+00:00","dateModified":"2022-10-14T14:05:35+00:00","author":{"@id":"https:\/\/www.stem.it\/de\/#\/schema\/person\/ed2c0dbb7ccf5e46288b8b9446421bd9"},"description":"Ersch\u00fctterungen im Ambulanzfahrzeug sind die Hauptursache f\u00fcr sekund\u00e4re Sch\u00e4den der Patienten w\u00e4hrend des Transports. Eine Untersuchung des Problems und der L\u00f6sungen.","breadcrumb":{"@id":"https:\/\/www.stem.it\/de\/regeln-gesetze-und-normen\/risiko-erschuetterungen-verletzungen-ambulanzfahrzeug\/#breadcrumb"},"inLanguage":"de","potentialAction":[{"@type":"ReadAction","target":["https:\/\/www.stem.it\/de\/regeln-gesetze-und-normen\/risiko-erschuetterungen-verletzungen-ambulanzfahrzeug\/"]}]},{"@type":"ImageObject","inLanguage":"de","@id":"https:\/\/www.stem.it\/de\/regeln-gesetze-und-normen\/risiko-erschuetterungen-verletzungen-ambulanzfahrzeug\/#primaryimage","url":"https:\/\/www.stem.it\/wp-content\/uploads\/2022\/08\/rischio-vibrazioni-ambulanza.jpg","contentUrl":"https:\/\/www.stem.it\/wp-content\/uploads\/2022\/08\/rischio-vibrazioni-ambulanza.jpg","width":833,"height":321,"caption":"rischio vibrazioni e danni secondari nel trasporto in ambulanza"},{"@type":"BreadcrumbList","@id":"https:\/\/www.stem.it\/de\/regeln-gesetze-und-normen\/risiko-erschuetterungen-verletzungen-ambulanzfahrzeug\/#breadcrumb","itemListElement":[{"@type":"ListItem","position":1,"name":"Home","item":"https:\/\/www.stem.it\/de\/"},{"@type":"ListItem","position":2,"name":"Das Risiko durch Ersch\u00fctterungen im Ambulanzfahrzeug. Wie lassen sich sekund\u00e4re Transportsch\u00e4den verringern?"}]},{"@type":"WebSite","@id":"https:\/\/www.stem.it\/de\/#website","url":"https:\/\/www.stem.it\/de\/","name":"Stem Ems","description":"Prodotti di alta qualit\u00e0 per lavoro ed emergenza","potentialAction":[{"@type":"SearchAction","target":{"@type":"EntryPoint","urlTemplate":"https:\/\/www.stem.it\/de\/?s={search_term_string}"},"query-input":{"@type":"PropertyValueSpecification","valueRequired":true,"valueName":"search_term_string"}}],"inLanguage":"de"},{"@type":"Person","@id":"https:\/\/www.stem.it\/de\/#\/schema\/person\/ed2c0dbb7ccf5e46288b8b9446421bd9","name":"kedos","image":{"@type":"ImageObject","inLanguage":"de","@id":"https:\/\/secure.gravatar.com\/avatar\/0cf0f65013daf2393366816b80bc771016138b1dd74bf1051026fa00b412f21f?s=96&d=mm&r=g","url":"https:\/\/secure.gravatar.com\/avatar\/0cf0f65013daf2393366816b80bc771016138b1dd74bf1051026fa00b412f21f?s=96&d=mm&r=g","contentUrl":"https:\/\/secure.gravatar.com\/avatar\/0cf0f65013daf2393366816b80bc771016138b1dd74bf1051026fa00b412f21f?s=96&d=mm&r=g","caption":"kedos"}}]}},"_links":{"self":[{"href":"https:\/\/www.stem.it\/de\/wp-json\/wp\/v2\/posts\/31330","targetHints":{"allow":["GET"]}}],"collection":[{"href":"https:\/\/www.stem.it\/de\/wp-json\/wp\/v2\/posts"}],"about":[{"href":"https:\/\/www.stem.it\/de\/wp-json\/wp\/v2\/types\/post"}],"author":[{"embeddable":true,"href":"https:\/\/www.stem.it\/de\/wp-json\/wp\/v2\/users\/8"}],"replies":[{"embeddable":true,"href":"https:\/\/www.stem.it\/de\/wp-json\/wp\/v2\/comments?post=31330"}],"version-history":[{"count":1,"href":"https:\/\/www.stem.it\/de\/wp-json\/wp\/v2\/posts\/31330\/revisions"}],"predecessor-version":[{"id":31337,"href":"https:\/\/www.stem.it\/de\/wp-json\/wp\/v2\/posts\/31330\/revisions\/31337"}],"wp:featuredmedia":[{"embeddable":true,"href":"https:\/\/www.stem.it\/de\/wp-json\/wp\/v2\/media\/31227"}],"wp:attachment":[{"href":"https:\/\/www.stem.it\/de\/wp-json\/wp\/v2\/media?parent=31330"}],"wp:term":[{"taxonomy":"category","embeddable":true,"href":"https:\/\/www.stem.it\/de\/wp-json\/wp\/v2\/categories?post=31330"},{"taxonomy":"post_tag","embeddable":true,"href":"https:\/\/www.stem.it\/de\/wp-json\/wp\/v2\/tags?post=31330"}],"curies":[{"name":"wp","href":"https:\/\/api.w.org\/{rel}","templated":true}]}}