{"id":19771,"date":"2021-11-26T09:06:29","date_gmt":"2021-11-26T08:06:29","guid":{"rendered":"https:\/\/www.stem.it\/?p=19771"},"modified":"2022-10-21T16:48:24","modified_gmt":"2022-10-21T14:48:24","slug":"tragenlagerungen-nutzung-in-europa","status":"publish","type":"post","link":"https:\/\/www.stem.it\/de\/community-de\/tragenlagerungen-nutzung-in-europa\/","title":{"rendered":"Die am h\u00e4ufigsten verwendeten Tragenlagerungen in Europa"},"content":{"rendered":"\n<p>Jedes europ\u00e4ische Land hat sein \u201eeigenes\u201c f\u00fcr Rettungseins\u00e4tze bevorzugtes Basismodell f\u00fcr Tragenauflagen und Tragenlagerungen im Krankenwagen.<\/p>\n\n\n\n<p>Die bevorzugte L\u00f6sung ergibt sich aus einer Reihe von Elementen:&nbsp;<br>\u2022 Tradition;<br>\u2022 Organisation der Rettung;&nbsp;<br>\u2022 Ausbildung des Personals;<br>\u2022 Pr\u00e4disposition f\u00fcr technologische Innovation;<br>\u2022 Budget.<\/p>\n\n\n\n<p>Es gibt keine Ideall\u00f6sung, da jedes Land\/System unterschiedliche Faktoren in den Vordergrund r\u00fcckt.<\/p>\n\n\n\n<h2 class=\"wp-block-heading\">Ein differenziertes, dynamisches Szenario<\/h2>\n\n\n\n<p><strong>Italien<\/strong> und <strong>Frankreich<\/strong> bevorzugen nach wie vor manuell bediente Tragenlagerungen.&nbsp;<br>In <strong>Deutschland<\/strong> hingegen kommen vorrangig Tragenlagerungen <strong>mit Elektromotor<\/strong> zum Einsatz, in den <strong>Niederlanden<\/strong> ist dies bereits ausnahmslos der Fall.&nbsp;<br>Die <strong>osteurop\u00e4ischen L\u00e4nder<\/strong> orientieren sich an den deutschen Erfahrungen, von denen sie die Organisation der medizinischen Notfallversorgung \u00fcbernehmen, und bereiten sich deshalb auf eine Umstellung von manuellen auf elektrische Tragenlagerungen &#8211; auch mit Hightech-Ausstattung &#8211; vor.<\/p>\n\n\n\n<p>Die Erfahrungswerte von Stem Technology sind bezeichnend f\u00fcr die Situation in verschiedenen europ\u00e4ischen L\u00e4ndern. Konkret werden in den 2.400 <strong>italienischen<\/strong> Rettungszentren die Modelle MODU-1-TR und MODU-2-TR, d. h. <strong>Tragenlagerungen mit einfachem oder Doppelfach<\/strong> und 300 mm seitlicher Verschiebung, am h\u00e4ufigsten eingesetzt. Die Entriegelung der Verschiebung erfolgt \u00fcber ein Fu\u00dfpedal.&nbsp;<\/p>\n\n\n\n<p>In <strong>Frankreich<\/strong> bevorzugt man das Modell R-3L wegen seiner <strong>zahlreichen Funktionen<\/strong> und seiner <strong>einfachen Handhabung<\/strong>; au\u00dferdem verf\u00fcgt es \u00fcber ein Sicherheitssystem, das wie alle elektromechanischen Tragenlagerungen von Stem das Entladen der Trage auch ohne Stromversorgung erm\u00f6glicht.<\/p>\n\n\n\n<p>In <strong>Deutschland<\/strong> ist eher das elektrische System MEC-EL verbreitet, auch wenn sich der Markt in letzter Zeit zunehmend in Richtung der moderneren Version Compact-EL bewegt, einer Tragenlagerung mit einem <strong>doppelten Standardfach<\/strong> f\u00fcr Spineboard und Schaufeltrage. Die Neigungssteuerung der ausziehbaren Fl\u00e4che erm\u00f6glicht die <strong>Regulierung der Ladeh\u00f6he<\/strong>; die <strong>Entriegelung per Fu\u00dfpedal f\u00fcr die seitliche Bewegung <\/strong>erm\u00f6glicht die Arretierung der Lagerung in jeder Position.<\/p>\n\n\n\n<h2 class=\"wp-block-heading\">Der Trend hin zu gefederten Tragenlagerungen<\/h2>\n\n\n\n<p>Es besteht ein wachsendes Interesse an <strong>moderneren Lagerungen<\/strong> mit innovativer <strong>Federung<\/strong>, die heute f\u00fcr die verschiedene Patiententypen unverzichtbar ist, wie z. B. f\u00fcr Patienten mit <strong>Polytrauma<\/strong>, bei denen die Minimierung von durch unebenen Untergrund verursachten Vibrationen und St\u00f6\u00dfen f\u00fcr einen besseren klinischen Verlauf unerl\u00e4sslich ist.&nbsp;<\/p>\n\n\n\n<p>Aufschlussreich war dabei die <strong>Situation eines Patienten<\/strong>, der sich nach einem Autounfall zur Rettung seiner Gliedma\u00dfen einer Sauerstofftherapie in einer \u00dcberdruckkammer unterziehen musste. F\u00fcr seine Verlegung aus der Station waren jeden Tag zwei Fahrten mit dem Krankenwagen erforderlich. Der Patient wurde diverse Male sowohl auf einer ungefederten als auch auf einer gefederten Trage transportiert. Mit gefederter Tragenlagerung war die auf die beeintr\u00e4chtigte Gliedma\u00dfe \u00fcbertragene Vibration deutlich geringer, was auch f\u00fcr die Therapie sehr von Vorteil war.<\/p>\n\n\n\n<figure class=\"wp-block-embed is-type-video is-provider-youtube wp-block-embed-youtube wp-embed-aspect-16-9 wp-has-aspect-ratio\"><div class=\"wp-block-embed__wrapper\">\n<div class='avia-iframe-wrap'><iframe loading=\"lazy\" title=\"Davide\u2019s testimony on the importance of the shock-absorbing stretcher support | Stem Technology\" width=\"1500\" height=\"844\" src=\"https:\/\/www.youtube.com\/embed\/U7Tfjh9cnq4?feature=oembed\" frameborder=\"0\" allow=\"accelerometer; autoplay; clipboard-write; encrypted-media; gyroscope; picture-in-picture\" allowfullscreen><\/iframe><\/div>\n<\/div><\/figure>\n\n\n\n<h2 class=\"wp-block-heading\">Elektrische Tragenlagerungen: Marktausrichtung<\/h2>\n\n\n\n<p>In Bezug auf elektrische Tragenlagerungen entwickelt sich der Markt in Richtung von Produkten mit <strong>hohem Leistungsniveau<\/strong>, das insbesondere von zwei Modellen angeboten wird: OPTIMUS-PESP-TR und EDEN.<\/p>\n\n\n\n<p>Dank ihrer <strong>hydropneumatischen Federung<\/strong> sorgt die Tragenlagerung EDEN f\u00fcr reduzierte Vibrationen und somit f\u00fcr eine Reduzierung der f\u00fcr die Patienten unangenehmen Kinetose. Dar\u00fcber hinaus kalibriert EDEN die Federung zwischen 0 und 400 kg und ist daher f\u00fcr alle Arten von Patienten, einschlie\u00dflich Kindern, geeignet.&nbsp;<br>Stem hat in Zusammenarbeit mit der Universit\u00e4t Padua Studien und Tests f\u00fcr die Ermittlung der Wirksamkeit und der Vorteile dieser Tragenlagerung gem\u00e4\u00df der Norm ISO 2631-1 \u00fcber die Auswirkungen von w\u00e4hrend der Fahrt auf den Patienten \u00fcbertragenen Vibrationen auf den menschlichen K\u00f6rper durchgef\u00fchrt. Dabei wurde festgestellt, dass die besonders sch\u00e4dlichen <strong>niederfrequenten vertikalen Vibrationen um 50 % reduziert werden<\/strong>. EDEN eignet sich somit f\u00fcr alle Transporte: Patienten mit Infarkt, Polytrauma, intubierte Patienten, Neugeborene und Kinder.<\/p>\n\n\n\n<figure class=\"wp-block-embed is-type-video is-provider-youtube wp-block-embed-youtube wp-embed-aspect-16-9 wp-has-aspect-ratio\"><div class=\"wp-block-embed__wrapper\">\n<div class='avia-iframe-wrap'><iframe loading=\"lazy\" title=\"Sto\u00dfged\u00e4mpfte  Lagerung f\u00fcr Tragen mit verstellbarer Neigung Mod. EDEN\" width=\"1500\" height=\"844\" src=\"https:\/\/www.youtube.com\/embed\/tBKu2JKkY0w?feature=oembed\" frameborder=\"0\" allow=\"accelerometer; autoplay; clipboard-write; encrypted-media; gyroscope; picture-in-picture\" allowfullscreen><\/iframe><\/div>\n<\/div><\/figure>\n\n\n\n<h2 class=\"wp-block-heading\">Der Blick auf Rettungspersonal und Sicherheit: das Ladesystem<\/h2>\n\n\n\n<p>Au\u00dferdem sollte ein Ladesystem vorhanden sein, das das Be- und Entladen der Trage erleichtert, da der Be-\/Entladevorgangs beim Rettungspersonal mitunter zu akuten Muskel- und Skeletterkrankungen f\u00fchren kann.&nbsp;<\/p>\n\n\n\n<p>Ein elektrisch gesteuertes System wie SHERPA, mit dem die Trage per Schnellspanngurt von der Tragenlagerung gezogen bzw. getrennt werden kann, verringert die Anstrengung auch beim Ein- bzw. Ausladen bariatrischer Patienten erheblich. Au\u00dferdem werden Unf\u00e4lle beim Entladen verhindert: Der Sicherheitsgurt \u201eh\u00e4lt\u201c die Trage, bis sie vollst\u00e4ndig auf dem Boden steht.<br>Der technologische Fortschritt f\u00f6rdert so einen empathischeren Arbeitsansatz des Krankenwagenpersonals. Befreit von k\u00f6rperlicher Anstrengung und mit geringeren Bedenken hat das Rettungspersonal mehr Zeit, sich der emotionalen und psychologischen Unterst\u00fctzung des Patienten und seiner Angeh\u00f6rigen zu widmen, insbesondere bei Eins\u00e4tzen zu Hause.&nbsp;<\/p>\n\n\n\n<p>Wenn man sich die Ausstattung der Not- und Rettungsdienste in Europa ansieht, erkennt man einen Trend zur <strong>Vielseitigkeit der Rettungsfahrzeuge<\/strong> und zum Einsatz verschiedener Modelle von Tragenlagerungen in der bereitstehenden Rettungswagenflotte.<\/p>\n","protected":false},"excerpt":{"rendered":"<p>Jedes europ\u00e4ische Land hat sein \u201eeigenes\u201c f\u00fcr Rettungseins\u00e4tze bevorzugtes Basismodell f\u00fcr Tragenauflagen und Tragenlagerungen im Krankenwagen. Die bevorzugte L\u00f6sung ergibt sich aus einer Reihe von Elementen:&nbsp;\u2022 Tradition;\u2022 Organisation der Rettung;&nbsp;\u2022 [&hellip;]<\/p>\n","protected":false},"author":8,"featured_media":19763,"comment_status":"closed","ping_status":"closed","sticky":false,"template":"","format":"standard","meta":{"footnotes":""},"categories":[237],"tags":[],"class_list":["post-19771","post","type-post","status-publish","format-standard","has-post-thumbnail","hentry","category-community-de"],"yoast_head":"<!-- This site is optimized with the Yoast SEO plugin v27.4 - https:\/\/yoast.com\/product\/yoast-seo-wordpress\/ -->\n<title>Welche Tragenlagerungen werden in Europa verwendet? | The Ems Blog<\/title>\n<meta name=\"description\" content=\"In jedem europ\u00e4ischen Land werden unterschiedliche Arten von Tagenauflagen und Tragenlagerungen verwendet. Analyse der Ausrichtung des europ\u00e4ischen Marktes nach L\u00e4ndern.\" \/>\n<meta name=\"robots\" content=\"index, follow, max-snippet:-1, max-image-preview:large, max-video-preview:-1\" \/>\n<link rel=\"canonical\" href=\"https:\/\/www.stem.it\/de\/community-de\/tragenlagerungen-nutzung-in-europa\/\" \/>\n<meta property=\"og:locale\" content=\"de_DE\" \/>\n<meta property=\"og:type\" content=\"article\" \/>\n<meta property=\"og:title\" content=\"Welche Tragenlagerungen werden in Europa verwendet? | The Ems Blog\" \/>\n<meta property=\"og:description\" content=\"In jedem europ\u00e4ischen Land werden unterschiedliche Arten von Tagenauflagen und Tragenlagerungen verwendet. Analyse der Ausrichtung des europ\u00e4ischen Marktes nach L\u00e4ndern.\" \/>\n<meta property=\"og:url\" content=\"https:\/\/www.stem.it\/de\/community-de\/tragenlagerungen-nutzung-in-europa\/\" \/>\n<meta property=\"og:site_name\" content=\"Stem Ems\" \/>\n<meta property=\"article:publisher\" content=\"https:\/\/www.facebook.com\/stememsemergencymedicalsystems\/\" \/>\n<meta property=\"article:published_time\" content=\"2021-11-26T08:06:29+00:00\" \/>\n<meta property=\"article:modified_time\" content=\"2022-10-21T14:48:24+00:00\" \/>\n<meta property=\"og:image\" content=\"https:\/\/www.stem.it\/wp-content\/uploads\/2021\/11\/supporti-barella-uso-europa-stem-technology-1-scaled.jpg\" \/>\n\t<meta property=\"og:image:width\" content=\"2560\" \/>\n\t<meta property=\"og:image:height\" content=\"987\" \/>\n\t<meta property=\"og:image:type\" content=\"image\/jpeg\" \/>\n<meta name=\"author\" content=\"kedos\" \/>\n<meta name=\"twitter:card\" content=\"summary_large_image\" \/>\n<meta name=\"twitter:label1\" content=\"Verfasst von\" \/>\n\t<meta name=\"twitter:data1\" content=\"kedos\" \/>\n\t<meta name=\"twitter:label2\" content=\"Gesch\u00e4tzte Lesezeit\" \/>\n\t<meta name=\"twitter:data2\" content=\"4\u00a0Minuten\" \/>\n<script type=\"application\/ld+json\" class=\"yoast-schema-graph\">{\"@context\":\"https:\\\/\\\/schema.org\",\"@graph\":[{\"@type\":\"Article\",\"@id\":\"https:\\\/\\\/www.stem.it\\\/de\\\/community-de\\\/tragenlagerungen-nutzung-in-europa\\\/#article\",\"isPartOf\":{\"@id\":\"https:\\\/\\\/www.stem.it\\\/de\\\/community-de\\\/tragenlagerungen-nutzung-in-europa\\\/\"},\"author\":{\"name\":\"kedos\",\"@id\":\"https:\\\/\\\/www.stem.it\\\/de\\\/#\\\/schema\\\/person\\\/ed2c0dbb7ccf5e46288b8b9446421bd9\"},\"headline\":\"Die am h\u00e4ufigsten verwendeten Tragenlagerungen in Europa\",\"datePublished\":\"2021-11-26T08:06:29+00:00\",\"dateModified\":\"2022-10-21T14:48:24+00:00\",\"mainEntityOfPage\":{\"@id\":\"https:\\\/\\\/www.stem.it\\\/de\\\/community-de\\\/tragenlagerungen-nutzung-in-europa\\\/\"},\"wordCount\":787,\"image\":{\"@id\":\"https:\\\/\\\/www.stem.it\\\/de\\\/community-de\\\/tragenlagerungen-nutzung-in-europa\\\/#primaryimage\"},\"thumbnailUrl\":\"https:\\\/\\\/www.stem.it\\\/wp-content\\\/uploads\\\/2021\\\/11\\\/supporti-barella-uso-europa-stem-technology-1-scaled.jpg\",\"articleSection\":[\"Community\"],\"inLanguage\":\"de\"},{\"@type\":\"WebPage\",\"@id\":\"https:\\\/\\\/www.stem.it\\\/de\\\/community-de\\\/tragenlagerungen-nutzung-in-europa\\\/\",\"url\":\"https:\\\/\\\/www.stem.it\\\/de\\\/community-de\\\/tragenlagerungen-nutzung-in-europa\\\/\",\"name\":\"Welche Tragenlagerungen werden in Europa verwendet? | The Ems Blog\",\"isPartOf\":{\"@id\":\"https:\\\/\\\/www.stem.it\\\/de\\\/#website\"},\"primaryImageOfPage\":{\"@id\":\"https:\\\/\\\/www.stem.it\\\/de\\\/community-de\\\/tragenlagerungen-nutzung-in-europa\\\/#primaryimage\"},\"image\":{\"@id\":\"https:\\\/\\\/www.stem.it\\\/de\\\/community-de\\\/tragenlagerungen-nutzung-in-europa\\\/#primaryimage\"},\"thumbnailUrl\":\"https:\\\/\\\/www.stem.it\\\/wp-content\\\/uploads\\\/2021\\\/11\\\/supporti-barella-uso-europa-stem-technology-1-scaled.jpg\",\"datePublished\":\"2021-11-26T08:06:29+00:00\",\"dateModified\":\"2022-10-21T14:48:24+00:00\",\"author\":{\"@id\":\"https:\\\/\\\/www.stem.it\\\/de\\\/#\\\/schema\\\/person\\\/ed2c0dbb7ccf5e46288b8b9446421bd9\"},\"description\":\"In jedem europ\u00e4ischen Land werden unterschiedliche Arten von Tagenauflagen und Tragenlagerungen verwendet. Analyse der Ausrichtung des europ\u00e4ischen Marktes nach L\u00e4ndern.\",\"breadcrumb\":{\"@id\":\"https:\\\/\\\/www.stem.it\\\/de\\\/community-de\\\/tragenlagerungen-nutzung-in-europa\\\/#breadcrumb\"},\"inLanguage\":\"de\",\"potentialAction\":[{\"@type\":\"ReadAction\",\"target\":[\"https:\\\/\\\/www.stem.it\\\/de\\\/community-de\\\/tragenlagerungen-nutzung-in-europa\\\/\"]}]},{\"@type\":\"ImageObject\",\"inLanguage\":\"de\",\"@id\":\"https:\\\/\\\/www.stem.it\\\/de\\\/community-de\\\/tragenlagerungen-nutzung-in-europa\\\/#primaryimage\",\"url\":\"https:\\\/\\\/www.stem.it\\\/wp-content\\\/uploads\\\/2021\\\/11\\\/supporti-barella-uso-europa-stem-technology-1-scaled.jpg\",\"contentUrl\":\"https:\\\/\\\/www.stem.it\\\/wp-content\\\/uploads\\\/2021\\\/11\\\/supporti-barella-uso-europa-stem-technology-1-scaled.jpg\",\"width\":2560,\"height\":987,\"caption\":\"supporti barella in europa\"},{\"@type\":\"BreadcrumbList\",\"@id\":\"https:\\\/\\\/www.stem.it\\\/de\\\/community-de\\\/tragenlagerungen-nutzung-in-europa\\\/#breadcrumb\",\"itemListElement\":[{\"@type\":\"ListItem\",\"position\":1,\"name\":\"Home\",\"item\":\"https:\\\/\\\/www.stem.it\\\/de\\\/\"},{\"@type\":\"ListItem\",\"position\":2,\"name\":\"Die am h\u00e4ufigsten verwendeten Tragenlagerungen in Europa\"}]},{\"@type\":\"WebSite\",\"@id\":\"https:\\\/\\\/www.stem.it\\\/de\\\/#website\",\"url\":\"https:\\\/\\\/www.stem.it\\\/de\\\/\",\"name\":\"Stem Ems\",\"description\":\"Prodotti di alta qualit\u00e0 per lavoro ed emergenza\",\"potentialAction\":[{\"@type\":\"SearchAction\",\"target\":{\"@type\":\"EntryPoint\",\"urlTemplate\":\"https:\\\/\\\/www.stem.it\\\/de\\\/?s={search_term_string}\"},\"query-input\":{\"@type\":\"PropertyValueSpecification\",\"valueRequired\":true,\"valueName\":\"search_term_string\"}}],\"inLanguage\":\"de\"},{\"@type\":\"Person\",\"@id\":\"https:\\\/\\\/www.stem.it\\\/de\\\/#\\\/schema\\\/person\\\/ed2c0dbb7ccf5e46288b8b9446421bd9\",\"name\":\"kedos\",\"image\":{\"@type\":\"ImageObject\",\"inLanguage\":\"de\",\"@id\":\"https:\\\/\\\/secure.gravatar.com\\\/avatar\\\/0cf0f65013daf2393366816b80bc771016138b1dd74bf1051026fa00b412f21f?s=96&d=mm&r=g\",\"url\":\"https:\\\/\\\/secure.gravatar.com\\\/avatar\\\/0cf0f65013daf2393366816b80bc771016138b1dd74bf1051026fa00b412f21f?s=96&d=mm&r=g\",\"contentUrl\":\"https:\\\/\\\/secure.gravatar.com\\\/avatar\\\/0cf0f65013daf2393366816b80bc771016138b1dd74bf1051026fa00b412f21f?s=96&d=mm&r=g\",\"caption\":\"kedos\"}}]}<\/script>\n<!-- \/ Yoast SEO plugin. -->","yoast_head_json":{"title":"Welche Tragenlagerungen werden in Europa verwendet? | The Ems Blog","description":"In jedem europ\u00e4ischen Land werden unterschiedliche Arten von Tagenauflagen und Tragenlagerungen verwendet. Analyse der Ausrichtung des europ\u00e4ischen Marktes nach L\u00e4ndern.","robots":{"index":"index","follow":"follow","max-snippet":"max-snippet:-1","max-image-preview":"max-image-preview:large","max-video-preview":"max-video-preview:-1"},"canonical":"https:\/\/www.stem.it\/de\/community-de\/tragenlagerungen-nutzung-in-europa\/","og_locale":"de_DE","og_type":"article","og_title":"Welche Tragenlagerungen werden in Europa verwendet? | The Ems Blog","og_description":"In jedem europ\u00e4ischen Land werden unterschiedliche Arten von Tagenauflagen und Tragenlagerungen verwendet. Analyse der Ausrichtung des europ\u00e4ischen Marktes nach L\u00e4ndern.","og_url":"https:\/\/www.stem.it\/de\/community-de\/tragenlagerungen-nutzung-in-europa\/","og_site_name":"Stem Ems","article_publisher":"https:\/\/www.facebook.com\/stememsemergencymedicalsystems\/","article_published_time":"2021-11-26T08:06:29+00:00","article_modified_time":"2022-10-21T14:48:24+00:00","og_image":[{"width":2560,"height":987,"url":"https:\/\/www.stem.it\/wp-content\/uploads\/2021\/11\/supporti-barella-uso-europa-stem-technology-1-scaled.jpg","type":"image\/jpeg"}],"author":"kedos","twitter_card":"summary_large_image","twitter_misc":{"Verfasst von":"kedos","Gesch\u00e4tzte Lesezeit":"4\u00a0Minuten"},"schema":{"@context":"https:\/\/schema.org","@graph":[{"@type":"Article","@id":"https:\/\/www.stem.it\/de\/community-de\/tragenlagerungen-nutzung-in-europa\/#article","isPartOf":{"@id":"https:\/\/www.stem.it\/de\/community-de\/tragenlagerungen-nutzung-in-europa\/"},"author":{"name":"kedos","@id":"https:\/\/www.stem.it\/de\/#\/schema\/person\/ed2c0dbb7ccf5e46288b8b9446421bd9"},"headline":"Die am h\u00e4ufigsten verwendeten Tragenlagerungen in Europa","datePublished":"2021-11-26T08:06:29+00:00","dateModified":"2022-10-21T14:48:24+00:00","mainEntityOfPage":{"@id":"https:\/\/www.stem.it\/de\/community-de\/tragenlagerungen-nutzung-in-europa\/"},"wordCount":787,"image":{"@id":"https:\/\/www.stem.it\/de\/community-de\/tragenlagerungen-nutzung-in-europa\/#primaryimage"},"thumbnailUrl":"https:\/\/www.stem.it\/wp-content\/uploads\/2021\/11\/supporti-barella-uso-europa-stem-technology-1-scaled.jpg","articleSection":["Community"],"inLanguage":"de"},{"@type":"WebPage","@id":"https:\/\/www.stem.it\/de\/community-de\/tragenlagerungen-nutzung-in-europa\/","url":"https:\/\/www.stem.it\/de\/community-de\/tragenlagerungen-nutzung-in-europa\/","name":"Welche Tragenlagerungen werden in Europa verwendet? | The Ems Blog","isPartOf":{"@id":"https:\/\/www.stem.it\/de\/#website"},"primaryImageOfPage":{"@id":"https:\/\/www.stem.it\/de\/community-de\/tragenlagerungen-nutzung-in-europa\/#primaryimage"},"image":{"@id":"https:\/\/www.stem.it\/de\/community-de\/tragenlagerungen-nutzung-in-europa\/#primaryimage"},"thumbnailUrl":"https:\/\/www.stem.it\/wp-content\/uploads\/2021\/11\/supporti-barella-uso-europa-stem-technology-1-scaled.jpg","datePublished":"2021-11-26T08:06:29+00:00","dateModified":"2022-10-21T14:48:24+00:00","author":{"@id":"https:\/\/www.stem.it\/de\/#\/schema\/person\/ed2c0dbb7ccf5e46288b8b9446421bd9"},"description":"In jedem europ\u00e4ischen Land werden unterschiedliche Arten von Tagenauflagen und Tragenlagerungen verwendet. Analyse der Ausrichtung des europ\u00e4ischen Marktes nach L\u00e4ndern.","breadcrumb":{"@id":"https:\/\/www.stem.it\/de\/community-de\/tragenlagerungen-nutzung-in-europa\/#breadcrumb"},"inLanguage":"de","potentialAction":[{"@type":"ReadAction","target":["https:\/\/www.stem.it\/de\/community-de\/tragenlagerungen-nutzung-in-europa\/"]}]},{"@type":"ImageObject","inLanguage":"de","@id":"https:\/\/www.stem.it\/de\/community-de\/tragenlagerungen-nutzung-in-europa\/#primaryimage","url":"https:\/\/www.stem.it\/wp-content\/uploads\/2021\/11\/supporti-barella-uso-europa-stem-technology-1-scaled.jpg","contentUrl":"https:\/\/www.stem.it\/wp-content\/uploads\/2021\/11\/supporti-barella-uso-europa-stem-technology-1-scaled.jpg","width":2560,"height":987,"caption":"supporti barella in europa"},{"@type":"BreadcrumbList","@id":"https:\/\/www.stem.it\/de\/community-de\/tragenlagerungen-nutzung-in-europa\/#breadcrumb","itemListElement":[{"@type":"ListItem","position":1,"name":"Home","item":"https:\/\/www.stem.it\/de\/"},{"@type":"ListItem","position":2,"name":"Die am h\u00e4ufigsten verwendeten Tragenlagerungen in Europa"}]},{"@type":"WebSite","@id":"https:\/\/www.stem.it\/de\/#website","url":"https:\/\/www.stem.it\/de\/","name":"Stem Ems","description":"Prodotti di alta qualit\u00e0 per lavoro ed emergenza","potentialAction":[{"@type":"SearchAction","target":{"@type":"EntryPoint","urlTemplate":"https:\/\/www.stem.it\/de\/?s={search_term_string}"},"query-input":{"@type":"PropertyValueSpecification","valueRequired":true,"valueName":"search_term_string"}}],"inLanguage":"de"},{"@type":"Person","@id":"https:\/\/www.stem.it\/de\/#\/schema\/person\/ed2c0dbb7ccf5e46288b8b9446421bd9","name":"kedos","image":{"@type":"ImageObject","inLanguage":"de","@id":"https:\/\/secure.gravatar.com\/avatar\/0cf0f65013daf2393366816b80bc771016138b1dd74bf1051026fa00b412f21f?s=96&d=mm&r=g","url":"https:\/\/secure.gravatar.com\/avatar\/0cf0f65013daf2393366816b80bc771016138b1dd74bf1051026fa00b412f21f?s=96&d=mm&r=g","contentUrl":"https:\/\/secure.gravatar.com\/avatar\/0cf0f65013daf2393366816b80bc771016138b1dd74bf1051026fa00b412f21f?s=96&d=mm&r=g","caption":"kedos"}}]}},"_links":{"self":[{"href":"https:\/\/www.stem.it\/de\/wp-json\/wp\/v2\/posts\/19771","targetHints":{"allow":["GET"]}}],"collection":[{"href":"https:\/\/www.stem.it\/de\/wp-json\/wp\/v2\/posts"}],"about":[{"href":"https:\/\/www.stem.it\/de\/wp-json\/wp\/v2\/types\/post"}],"author":[{"embeddable":true,"href":"https:\/\/www.stem.it\/de\/wp-json\/wp\/v2\/users\/8"}],"replies":[{"embeddable":true,"href":"https:\/\/www.stem.it\/de\/wp-json\/wp\/v2\/comments?post=19771"}],"version-history":[{"count":2,"href":"https:\/\/www.stem.it\/de\/wp-json\/wp\/v2\/posts\/19771\/revisions"}],"predecessor-version":[{"id":19791,"href":"https:\/\/www.stem.it\/de\/wp-json\/wp\/v2\/posts\/19771\/revisions\/19791"}],"wp:featuredmedia":[{"embeddable":true,"href":"https:\/\/www.stem.it\/de\/wp-json\/wp\/v2\/media\/19763"}],"wp:attachment":[{"href":"https:\/\/www.stem.it\/de\/wp-json\/wp\/v2\/media?parent=19771"}],"wp:term":[{"taxonomy":"category","embeddable":true,"href":"https:\/\/www.stem.it\/de\/wp-json\/wp\/v2\/categories?post=19771"},{"taxonomy":"post_tag","embeddable":true,"href":"https:\/\/www.stem.it\/de\/wp-json\/wp\/v2\/tags?post=19771"}],"curies":[{"name":"wp","href":"https:\/\/api.w.org\/{rel}","templated":true}]}}