{"id":18364,"date":"2021-10-29T15:59:21","date_gmt":"2021-10-29T13:59:21","guid":{"rendered":"https:\/\/www.stem.it\/?p=18364"},"modified":"2021-10-29T15:45:18","modified_gmt":"2021-10-29T13:45:18","slug":"rettung-mit-dem-fahrrad","status":"publish","type":"post","link":"https:\/\/www.stem.it\/de\/community-de\/rettung-mit-dem-fahrrad\/","title":{"rendered":"Rettungseinsatz mit Fahrr\u00e4dern. Der Nutzen von Rettungseins\u00e4tzen mit dem Fahrrad"},"content":{"rendered":"\n<p>Erste Hilfe mit herk\u00f6mmlichen Mitteln, insbesondere mit Krankenwagen, ist manchmal aufgrund schwieriger territorialer, geografischer oder logistischer Gegebenheiten, nicht oder nur schwer m\u00f6glich. Neben den traditionellen Rettungsfahrzeugen gibt es f\u00fcr Notf\u00e4lle und Rettungseins\u00e4tze ausgestattete Fahrr\u00e4der. Die gemeinhin als Fahrradrettung bezeichnete Entwicklung ist relativ neu, hat aber eine gewisse Verbreitung gefunden.<\/p>\n\n\n\n<h2 class=\"wp-block-heading\"><strong>Warum und wann sind Rettungseins\u00e4tze mit dem Fahrrad n\u00fctzlich?<\/strong><\/h2>\n\n\n\n<p>Laut einer <a href=\"https:\/\/www.nonsprecare.it\/soccorso-in-bici\" target=\"_blank\" rel=\"noreferrer noopener\">Sch\u00e4tzung<\/a> k\u00f6nnen 30 % aller medizinischen Notf\u00e4lle durch den Einsatz von Fahrr\u00e4dern f\u00fcr die Anfahrt zum Notfallort bew\u00e4ltigt und somit der Einsatz eines Krankenwagens vermieden werden. Gleichzeitig k\u00f6nnen 80 % der Verz\u00f6gerungen durch die Anfahrt mit Rettungsfahrr\u00e4dern in st\u00e4dtischen Gebieten vermieden werden, da sie sich leicht durch den Stra\u00dfenverkehr lenken lassen. Dies gilt auch angesichts der Tatsache, dass nicht alle Rettungsma\u00dfnahmen gleicherma\u00dfen schwere F\u00e4lle betreffen und nicht alle zu einer Einweisung ins Krankenhaus f\u00fchren. Das Fahrrad kann den Krankenwagen \u201eentlasten\u201c und als erster und schnellster Rettungshelfer w\u00e4hrend der Wartezeit auf einen Krankenwagen eingesetzt werden, der nur noch gerufen wird, wenn sein Einsatz wirklich erforderlich ist.<\/p>\n\n\n\n<p><strong>Ein f\u00fcr die Notfallrettung ausger\u00fcstetes Fahrrad <\/strong>ist ein wertvolles Hilfsmittel, wenn der Ort eines Unfalls oder Notfalls in kurzer Zeit oder mit traditionellen Rettungsmitteln unerreichbar ist.<br><strong>Einkaufszentren und Messen<\/strong> zum Beispiel sind in gro\u00dfen, aber geschlossenen R\u00e4umen untergebracht, die f\u00fcr Rettungswagen nicht zug\u00e4nglich sind.<br><strong>Auch bei Gro\u00dfveranstaltungen unter freiem Himmel, bei Sportveranstaltungen und Zusammenk\u00fcnften<\/strong> kommt es zu Situationen, in denen der Einsatz eines vierr\u00e4drigen Krankenwagens aufgrund der beengten Platzverh\u00e4ltnisse und der gro\u00dfen Anzahl von Personen nicht oder nur schwer m\u00f6glich ist.<br>In diesen F\u00e4llen ist das Rettungsfahrrad ein wendiges und schnelles Mittel \u2013 gerade wegen dieser besonderen Bedingungen \u2013, um erste Hilfe durch einen Arzt oder Sanit\u00e4ter zu leisten, z. B. bei Ohnmacht, Verletzungen oder anderen Notf\u00e4llen.<br>Au\u00dferdem kann der Fahrradrettungsdienst sowohl in l\u00e4ndlichen als auch in st\u00e4dtischen Gebieten angesichts des Mangels an einer engmaschigen Ausstattung mit Krankenwagen ein <strong>wirksames erg\u00e4nzendes Instrument<\/strong> sein. <\/p>\n\n\n\n<h2 class=\"wp-block-heading\"><strong>Wie sieht ein Medical Bike aus<\/strong><\/h2>\n\n\n\n<p>Die Fahrr\u00e4der, die f\u00fcr die Erste Hilfe eingesetzt werden, sind vollwertige Fahrr\u00e4der. Dabei kann es sich um normale Fahrr\u00e4der, City- oder Mountainbikes oder um Elektrofahrr\u00e4der mit Tretunterst\u00fctzung handeln. Durch die Ausstattung mit einem zweitonigen <strong>Signalhorn<\/strong> in Kombination mit einem <strong>LED-Blaulicht<\/strong> und den <strong>Sanit\u00e4tskoffern<\/strong> mit den f\u00fcr die Erste Hilfe notwendigen medizinischen Ger\u00e4ten, Instrumenten und Medikamenten werden sie zu Rettungsfahrzeugen. Zur Mindestausstattung geh\u00f6ren Ger\u00e4te wie S\u00e4ttigungsmesser, Blutdruckmessger\u00e4t, Defibrillator, Arzneimittel, Sauerstoff und mehr.<\/p>\n\n\n\n<p>Je <strong>leistungsf\u00e4higer und besser<\/strong> das Fahrrad <strong>ausgestattet<\/strong> ist, desto leichter l\u00e4sst es sich auf verschiedenen Gel\u00e4ndetypen fahren und erm\u00f6glicht somit jede Art von Einsatz.<\/p>\n\n\n\n<p>Die <strong>Qualit\u00e4t der Ausstattung<\/strong> ist f\u00fcr das Rettungsfahrrad von gro\u00dfer Bedeutung: Ein Akku mit langer Autonomie, ein leichter Rahmen, die Art der Bereifung, die durch Reflektoren gew\u00e4hrleistete Sichtbarkeit, ein bequemer Sattel und eine robuste Kupplung wirken sich auf die Leistung des Fahrrads und somit auf rechtzeitige Ankunft am Einsatzort und auf den Komfort f\u00fcr den Bediener aus.<\/p>\n\n\n\n<p>Das Rettungswesen muss stets auf Innovation setzen, um die <strong>Qualit\u00e4t der Dienstleistung<\/strong> zu gew\u00e4hrleisten und den neuen Bed\u00fcrfnissen der Bev\u00f6lkerung gerecht zu werden, die sich aus den ver\u00e4nderten Gewohnheiten, Orten und Anforderungen an die Gesundheitsversorgung ergeben. Produkte wie das Rettungsfahrrad erweitern die Palette der Hilfsmittel f\u00fcr Einrichtungen und Einsatzkr\u00e4fte und erm\u00f6glichen die <strong>Optimierung von Ressourcen und Zeit<\/strong>: ein zus\u00e4tzliches Hilfsmittel f\u00fcr eine <strong>schnelle und wirksame, aber auch umweltfreundliche und nachhaltige Rettung<\/strong>.<\/p>\n\n\n\n<div class=\"contenitore_cabiria_desktop\" style=\"margin-top:40px; margin-bottom:60px; padding:0; height:400px;\">\n<table style=\"border-collapse:collapse;\">\n<tbody>\n<tr style=\"background-color:#efbb20; margin-top:-100px;\">\n<td style=\"border-color:#efbb20; padding-left:10px;\" width=\"40%\"><img decoding=\"async\" src=\"https:\/\/www.stem.it\/wp-content\/uploads\/2021\/10\/medical-e-bike.png\" style=\"float:right; width:600px;\"><\/td>\n<td style=\"border-color:#efbb20; vertical-align: middle; padding-right:10px;\" width=\"60%\"><p style=\"color:#ffffff; text-align:left; font-size:22px;\"><span style=\"color:#c80f1e; font-size:23px; margin-bottom:30px;\"><strong>E-Bike Medica Stem<\/strong><\/span><br>Elektrofahrrad mit Tretunterst\u00fctzung und Ausstattung f\u00fcr den Rettungseinsatz.<\/p><div style=\"background-color:#c80f1e;  border-radius:100px; padding:10px; width:320px; text-align:center;\"><a href=\"https:\/\/www.stem.it\/de\/produkte\/medical-e-bike\/\" target=\"_blank\" style=\"color:#ffffff; text-decoration:none; font-size:15px;\" rel=\"noopener\">Entdecken Sie die technischen Eigenschaften<\/a><\/div><\/td>\n<\/tr>\n<\/tbody>\n<\/table>\n<\/div>\n\n\n\n<div class=\"contenitore_cabiria_mobile\" style=\"margin-top:40px; padding:10px; height:480px; background-color:#efbb20; text-align:-webkit-center;\">\n<img decoding=\"async\" class=\"aligncenter\" src=\"https:\/\/www.stem.it\/wp-content\/uploads\/2021\/10\/medical-e-bike.png\" style=\"width:170px;\">\n<p style=\"color:#ffffff; text-align:center; font-size:18px; padding-left:10px; padding-right:10px;\"><span style=\"color:#c80f1e; font-size:23px; margin-bottom:30px;\"><strong>E-Bike Medica Stem<\/strong><\/span><br>Elektrofahrrad mit Tretunterst\u00fctzung und Ausstattung f\u00fcr den Rettungseinsatz.<\/p><div style=\"background-color:#c80f1e; width:280px; border-radius:100px; padding:10px; text-align:center;\"><a href=\"https:\/\/www.stem.it\/de\/produkte\/medical-e-bike\/\" target=\"_blank\" style=\"color:#ffffff; text-decoration:none; font-size:15px;\" rel=\"noopener\">Entdecken Sie die technischen Eigenschaften<\/a><\/div>\n<\/div>\n","protected":false},"excerpt":{"rendered":"<p>Erste Hilfe mit herk\u00f6mmlichen Mitteln, insbesondere mit Krankenwagen, ist manchmal aufgrund schwieriger territorialer, geografischer oder logistischer Gegebenheiten, nicht oder nur schwer m\u00f6glich. Neben den traditionellen Rettungsfahrzeugen gibt es f\u00fcr Notf\u00e4lle [&hellip;]<\/p>\n","protected":false},"author":8,"featured_media":18334,"comment_status":"closed","ping_status":"closed","sticky":false,"template":"","format":"standard","meta":{"footnotes":""},"categories":[237],"tags":[],"class_list":["post-18364","post","type-post","status-publish","format-standard","has-post-thumbnail","hentry","category-community-de"],"yoast_head":"<!-- This site is optimized with the Yoast SEO plugin v27.4 - https:\/\/yoast.com\/product\/yoast-seo-wordpress\/ -->\n<title>Rettung auf zwei R\u00e4dern. Erste Hilfe mit dem Fahrrad | Stem<\/title>\n<meta name=\"description\" content=\"Speziell ausger\u00fcstete Fahrr\u00e4der erm\u00f6glichen ein schnelles Eingreifen dort, wo herk\u00f6mmliche Rettungsmittel nicht so schnell eintreffen k\u00f6nnen.\" \/>\n<meta name=\"robots\" content=\"index, follow, max-snippet:-1, max-image-preview:large, max-video-preview:-1\" \/>\n<link rel=\"canonical\" href=\"https:\/\/www.stem.it\/de\/community-de\/rettung-mit-dem-fahrrad\/\" \/>\n<meta property=\"og:locale\" content=\"de_DE\" \/>\n<meta property=\"og:type\" content=\"article\" \/>\n<meta property=\"og:title\" content=\"Rettung auf zwei R\u00e4dern. Erste Hilfe mit dem Fahrrad | Stem\" \/>\n<meta property=\"og:description\" content=\"Speziell ausger\u00fcstete Fahrr\u00e4der erm\u00f6glichen ein schnelles Eingreifen dort, wo herk\u00f6mmliche Rettungsmittel nicht so schnell eintreffen k\u00f6nnen.\" \/>\n<meta property=\"og:url\" content=\"https:\/\/www.stem.it\/de\/community-de\/rettung-mit-dem-fahrrad\/\" \/>\n<meta property=\"og:site_name\" content=\"Stem Ems\" \/>\n<meta property=\"article:publisher\" content=\"https:\/\/www.facebook.com\/stememsemergencymedicalsystems\/\" \/>\n<meta property=\"article:published_time\" content=\"2021-10-29T13:59:21+00:00\" \/>\n<meta property=\"og:image\" content=\"https:\/\/www.stem.it\/wp-content\/uploads\/2021\/10\/Medical-E-Bike-Blog-Stem-scaled.jpg\" \/>\n\t<meta property=\"og:image:width\" content=\"2560\" \/>\n\t<meta property=\"og:image:height\" content=\"987\" \/>\n\t<meta property=\"og:image:type\" content=\"image\/jpeg\" \/>\n<meta name=\"author\" content=\"kedos\" \/>\n<meta name=\"twitter:card\" content=\"summary_large_image\" \/>\n<meta name=\"twitter:label1\" content=\"Verfasst von\" \/>\n\t<meta name=\"twitter:data1\" content=\"kedos\" \/>\n\t<meta name=\"twitter:label2\" content=\"Gesch\u00e4tzte Lesezeit\" \/>\n\t<meta name=\"twitter:data2\" content=\"3\u00a0Minuten\" \/>\n<script type=\"application\/ld+json\" class=\"yoast-schema-graph\">{\"@context\":\"https:\\\/\\\/schema.org\",\"@graph\":[{\"@type\":\"Article\",\"@id\":\"https:\\\/\\\/www.stem.it\\\/de\\\/community-de\\\/rettung-mit-dem-fahrrad\\\/#article\",\"isPartOf\":{\"@id\":\"https:\\\/\\\/www.stem.it\\\/de\\\/community-de\\\/rettung-mit-dem-fahrrad\\\/\"},\"author\":{\"name\":\"kedos\",\"@id\":\"https:\\\/\\\/www.stem.it\\\/de\\\/#\\\/schema\\\/person\\\/ed2c0dbb7ccf5e46288b8b9446421bd9\"},\"headline\":\"Rettungseinsatz mit Fahrr\u00e4dern. Der Nutzen von Rettungseins\u00e4tzen mit dem Fahrrad\",\"datePublished\":\"2021-10-29T13:59:21+00:00\",\"mainEntityOfPage\":{\"@id\":\"https:\\\/\\\/www.stem.it\\\/de\\\/community-de\\\/rettung-mit-dem-fahrrad\\\/\"},\"wordCount\":654,\"image\":{\"@id\":\"https:\\\/\\\/www.stem.it\\\/de\\\/community-de\\\/rettung-mit-dem-fahrrad\\\/#primaryimage\"},\"thumbnailUrl\":\"https:\\\/\\\/www.stem.it\\\/wp-content\\\/uploads\\\/2021\\\/10\\\/Medical-E-Bike-Blog-Stem-scaled.jpg\",\"articleSection\":[\"Community\"],\"inLanguage\":\"de\"},{\"@type\":\"WebPage\",\"@id\":\"https:\\\/\\\/www.stem.it\\\/de\\\/community-de\\\/rettung-mit-dem-fahrrad\\\/\",\"url\":\"https:\\\/\\\/www.stem.it\\\/de\\\/community-de\\\/rettung-mit-dem-fahrrad\\\/\",\"name\":\"Rettung auf zwei R\u00e4dern. Erste Hilfe mit dem Fahrrad | Stem\",\"isPartOf\":{\"@id\":\"https:\\\/\\\/www.stem.it\\\/de\\\/#website\"},\"primaryImageOfPage\":{\"@id\":\"https:\\\/\\\/www.stem.it\\\/de\\\/community-de\\\/rettung-mit-dem-fahrrad\\\/#primaryimage\"},\"image\":{\"@id\":\"https:\\\/\\\/www.stem.it\\\/de\\\/community-de\\\/rettung-mit-dem-fahrrad\\\/#primaryimage\"},\"thumbnailUrl\":\"https:\\\/\\\/www.stem.it\\\/wp-content\\\/uploads\\\/2021\\\/10\\\/Medical-E-Bike-Blog-Stem-scaled.jpg\",\"datePublished\":\"2021-10-29T13:59:21+00:00\",\"author\":{\"@id\":\"https:\\\/\\\/www.stem.it\\\/de\\\/#\\\/schema\\\/person\\\/ed2c0dbb7ccf5e46288b8b9446421bd9\"},\"description\":\"Speziell ausger\u00fcstete Fahrr\u00e4der erm\u00f6glichen ein schnelles Eingreifen dort, wo herk\u00f6mmliche Rettungsmittel nicht so schnell eintreffen k\u00f6nnen.\",\"breadcrumb\":{\"@id\":\"https:\\\/\\\/www.stem.it\\\/de\\\/community-de\\\/rettung-mit-dem-fahrrad\\\/#breadcrumb\"},\"inLanguage\":\"de\",\"potentialAction\":[{\"@type\":\"ReadAction\",\"target\":[\"https:\\\/\\\/www.stem.it\\\/de\\\/community-de\\\/rettung-mit-dem-fahrrad\\\/\"]}]},{\"@type\":\"ImageObject\",\"inLanguage\":\"de\",\"@id\":\"https:\\\/\\\/www.stem.it\\\/de\\\/community-de\\\/rettung-mit-dem-fahrrad\\\/#primaryimage\",\"url\":\"https:\\\/\\\/www.stem.it\\\/wp-content\\\/uploads\\\/2021\\\/10\\\/Medical-E-Bike-Blog-Stem-scaled.jpg\",\"contentUrl\":\"https:\\\/\\\/www.stem.it\\\/wp-content\\\/uploads\\\/2021\\\/10\\\/Medical-E-Bike-Blog-Stem-scaled.jpg\",\"width\":2560,\"height\":987,\"caption\":\"bike rescue\"},{\"@type\":\"BreadcrumbList\",\"@id\":\"https:\\\/\\\/www.stem.it\\\/de\\\/community-de\\\/rettung-mit-dem-fahrrad\\\/#breadcrumb\",\"itemListElement\":[{\"@type\":\"ListItem\",\"position\":1,\"name\":\"Home\",\"item\":\"https:\\\/\\\/www.stem.it\\\/de\\\/\"},{\"@type\":\"ListItem\",\"position\":2,\"name\":\"Rettungseinsatz mit Fahrr\u00e4dern. Der Nutzen von Rettungseins\u00e4tzen mit dem Fahrrad\"}]},{\"@type\":\"WebSite\",\"@id\":\"https:\\\/\\\/www.stem.it\\\/de\\\/#website\",\"url\":\"https:\\\/\\\/www.stem.it\\\/de\\\/\",\"name\":\"Stem Ems\",\"description\":\"Prodotti di alta qualit\u00e0 per lavoro ed emergenza\",\"potentialAction\":[{\"@type\":\"SearchAction\",\"target\":{\"@type\":\"EntryPoint\",\"urlTemplate\":\"https:\\\/\\\/www.stem.it\\\/de\\\/?s={search_term_string}\"},\"query-input\":{\"@type\":\"PropertyValueSpecification\",\"valueRequired\":true,\"valueName\":\"search_term_string\"}}],\"inLanguage\":\"de\"},{\"@type\":\"Person\",\"@id\":\"https:\\\/\\\/www.stem.it\\\/de\\\/#\\\/schema\\\/person\\\/ed2c0dbb7ccf5e46288b8b9446421bd9\",\"name\":\"kedos\",\"image\":{\"@type\":\"ImageObject\",\"inLanguage\":\"de\",\"@id\":\"https:\\\/\\\/secure.gravatar.com\\\/avatar\\\/0cf0f65013daf2393366816b80bc771016138b1dd74bf1051026fa00b412f21f?s=96&d=mm&r=g\",\"url\":\"https:\\\/\\\/secure.gravatar.com\\\/avatar\\\/0cf0f65013daf2393366816b80bc771016138b1dd74bf1051026fa00b412f21f?s=96&d=mm&r=g\",\"contentUrl\":\"https:\\\/\\\/secure.gravatar.com\\\/avatar\\\/0cf0f65013daf2393366816b80bc771016138b1dd74bf1051026fa00b412f21f?s=96&d=mm&r=g\",\"caption\":\"kedos\"}}]}<\/script>\n<!-- \/ Yoast SEO plugin. -->","yoast_head_json":{"title":"Rettung auf zwei R\u00e4dern. Erste Hilfe mit dem Fahrrad | Stem","description":"Speziell ausger\u00fcstete Fahrr\u00e4der erm\u00f6glichen ein schnelles Eingreifen dort, wo herk\u00f6mmliche Rettungsmittel nicht so schnell eintreffen k\u00f6nnen.","robots":{"index":"index","follow":"follow","max-snippet":"max-snippet:-1","max-image-preview":"max-image-preview:large","max-video-preview":"max-video-preview:-1"},"canonical":"https:\/\/www.stem.it\/de\/community-de\/rettung-mit-dem-fahrrad\/","og_locale":"de_DE","og_type":"article","og_title":"Rettung auf zwei R\u00e4dern. Erste Hilfe mit dem Fahrrad | Stem","og_description":"Speziell ausger\u00fcstete Fahrr\u00e4der erm\u00f6glichen ein schnelles Eingreifen dort, wo herk\u00f6mmliche Rettungsmittel nicht so schnell eintreffen k\u00f6nnen.","og_url":"https:\/\/www.stem.it\/de\/community-de\/rettung-mit-dem-fahrrad\/","og_site_name":"Stem Ems","article_publisher":"https:\/\/www.facebook.com\/stememsemergencymedicalsystems\/","article_published_time":"2021-10-29T13:59:21+00:00","og_image":[{"width":2560,"height":987,"url":"https:\/\/www.stem.it\/wp-content\/uploads\/2021\/10\/Medical-E-Bike-Blog-Stem-scaled.jpg","type":"image\/jpeg"}],"author":"kedos","twitter_card":"summary_large_image","twitter_misc":{"Verfasst von":"kedos","Gesch\u00e4tzte Lesezeit":"3\u00a0Minuten"},"schema":{"@context":"https:\/\/schema.org","@graph":[{"@type":"Article","@id":"https:\/\/www.stem.it\/de\/community-de\/rettung-mit-dem-fahrrad\/#article","isPartOf":{"@id":"https:\/\/www.stem.it\/de\/community-de\/rettung-mit-dem-fahrrad\/"},"author":{"name":"kedos","@id":"https:\/\/www.stem.it\/de\/#\/schema\/person\/ed2c0dbb7ccf5e46288b8b9446421bd9"},"headline":"Rettungseinsatz mit Fahrr\u00e4dern. Der Nutzen von Rettungseins\u00e4tzen mit dem Fahrrad","datePublished":"2021-10-29T13:59:21+00:00","mainEntityOfPage":{"@id":"https:\/\/www.stem.it\/de\/community-de\/rettung-mit-dem-fahrrad\/"},"wordCount":654,"image":{"@id":"https:\/\/www.stem.it\/de\/community-de\/rettung-mit-dem-fahrrad\/#primaryimage"},"thumbnailUrl":"https:\/\/www.stem.it\/wp-content\/uploads\/2021\/10\/Medical-E-Bike-Blog-Stem-scaled.jpg","articleSection":["Community"],"inLanguage":"de"},{"@type":"WebPage","@id":"https:\/\/www.stem.it\/de\/community-de\/rettung-mit-dem-fahrrad\/","url":"https:\/\/www.stem.it\/de\/community-de\/rettung-mit-dem-fahrrad\/","name":"Rettung auf zwei R\u00e4dern. Erste Hilfe mit dem Fahrrad | Stem","isPartOf":{"@id":"https:\/\/www.stem.it\/de\/#website"},"primaryImageOfPage":{"@id":"https:\/\/www.stem.it\/de\/community-de\/rettung-mit-dem-fahrrad\/#primaryimage"},"image":{"@id":"https:\/\/www.stem.it\/de\/community-de\/rettung-mit-dem-fahrrad\/#primaryimage"},"thumbnailUrl":"https:\/\/www.stem.it\/wp-content\/uploads\/2021\/10\/Medical-E-Bike-Blog-Stem-scaled.jpg","datePublished":"2021-10-29T13:59:21+00:00","author":{"@id":"https:\/\/www.stem.it\/de\/#\/schema\/person\/ed2c0dbb7ccf5e46288b8b9446421bd9"},"description":"Speziell ausger\u00fcstete Fahrr\u00e4der erm\u00f6glichen ein schnelles Eingreifen dort, wo herk\u00f6mmliche Rettungsmittel nicht so schnell eintreffen k\u00f6nnen.","breadcrumb":{"@id":"https:\/\/www.stem.it\/de\/community-de\/rettung-mit-dem-fahrrad\/#breadcrumb"},"inLanguage":"de","potentialAction":[{"@type":"ReadAction","target":["https:\/\/www.stem.it\/de\/community-de\/rettung-mit-dem-fahrrad\/"]}]},{"@type":"ImageObject","inLanguage":"de","@id":"https:\/\/www.stem.it\/de\/community-de\/rettung-mit-dem-fahrrad\/#primaryimage","url":"https:\/\/www.stem.it\/wp-content\/uploads\/2021\/10\/Medical-E-Bike-Blog-Stem-scaled.jpg","contentUrl":"https:\/\/www.stem.it\/wp-content\/uploads\/2021\/10\/Medical-E-Bike-Blog-Stem-scaled.jpg","width":2560,"height":987,"caption":"bike rescue"},{"@type":"BreadcrumbList","@id":"https:\/\/www.stem.it\/de\/community-de\/rettung-mit-dem-fahrrad\/#breadcrumb","itemListElement":[{"@type":"ListItem","position":1,"name":"Home","item":"https:\/\/www.stem.it\/de\/"},{"@type":"ListItem","position":2,"name":"Rettungseinsatz mit Fahrr\u00e4dern. Der Nutzen von Rettungseins\u00e4tzen mit dem Fahrrad"}]},{"@type":"WebSite","@id":"https:\/\/www.stem.it\/de\/#website","url":"https:\/\/www.stem.it\/de\/","name":"Stem Ems","description":"Prodotti di alta qualit\u00e0 per lavoro ed emergenza","potentialAction":[{"@type":"SearchAction","target":{"@type":"EntryPoint","urlTemplate":"https:\/\/www.stem.it\/de\/?s={search_term_string}"},"query-input":{"@type":"PropertyValueSpecification","valueRequired":true,"valueName":"search_term_string"}}],"inLanguage":"de"},{"@type":"Person","@id":"https:\/\/www.stem.it\/de\/#\/schema\/person\/ed2c0dbb7ccf5e46288b8b9446421bd9","name":"kedos","image":{"@type":"ImageObject","inLanguage":"de","@id":"https:\/\/secure.gravatar.com\/avatar\/0cf0f65013daf2393366816b80bc771016138b1dd74bf1051026fa00b412f21f?s=96&d=mm&r=g","url":"https:\/\/secure.gravatar.com\/avatar\/0cf0f65013daf2393366816b80bc771016138b1dd74bf1051026fa00b412f21f?s=96&d=mm&r=g","contentUrl":"https:\/\/secure.gravatar.com\/avatar\/0cf0f65013daf2393366816b80bc771016138b1dd74bf1051026fa00b412f21f?s=96&d=mm&r=g","caption":"kedos"}}]}},"_links":{"self":[{"href":"https:\/\/www.stem.it\/de\/wp-json\/wp\/v2\/posts\/18364","targetHints":{"allow":["GET"]}}],"collection":[{"href":"https:\/\/www.stem.it\/de\/wp-json\/wp\/v2\/posts"}],"about":[{"href":"https:\/\/www.stem.it\/de\/wp-json\/wp\/v2\/types\/post"}],"author":[{"embeddable":true,"href":"https:\/\/www.stem.it\/de\/wp-json\/wp\/v2\/users\/8"}],"replies":[{"embeddable":true,"href":"https:\/\/www.stem.it\/de\/wp-json\/wp\/v2\/comments?post=18364"}],"version-history":[{"count":2,"href":"https:\/\/www.stem.it\/de\/wp-json\/wp\/v2\/posts\/18364\/revisions"}],"predecessor-version":[{"id":18403,"href":"https:\/\/www.stem.it\/de\/wp-json\/wp\/v2\/posts\/18364\/revisions\/18403"}],"wp:featuredmedia":[{"embeddable":true,"href":"https:\/\/www.stem.it\/de\/wp-json\/wp\/v2\/media\/18334"}],"wp:attachment":[{"href":"https:\/\/www.stem.it\/de\/wp-json\/wp\/v2\/media?parent=18364"}],"wp:term":[{"taxonomy":"category","embeddable":true,"href":"https:\/\/www.stem.it\/de\/wp-json\/wp\/v2\/categories?post=18364"},{"taxonomy":"post_tag","embeddable":true,"href":"https:\/\/www.stem.it\/de\/wp-json\/wp\/v2\/tags?post=18364"}],"curies":[{"name":"wp","href":"https:\/\/api.w.org\/{rel}","templated":true}]}}