{"id":12806,"date":"2021-01-27T17:21:18","date_gmt":"2021-01-27T16:21:18","guid":{"rendered":"https:\/\/www.stem.it\/?p=12806"},"modified":"2021-08-06T11:19:00","modified_gmt":"2021-08-06T09:19:00","slug":"fruehgeborenen-transport","status":"publish","type":"post","link":"https:\/\/www.stem.it\/de\/notfalltechnologien\/fruehgeborenen-transport\/","title":{"rendered":"Fr\u00fchgeborene und der Neugeborenen-Transport: Ein wichtiges Thema"},"content":{"rendered":"\n<p>Weltweit wird jedes zehnte Baby zu fr\u00fch geboren. In Italien berichten die von der Regierung ver\u00f6ffentlichten Daten (im Jahr 2019) etwa 32.000 Fr\u00fchgeborene pro Jahr, <a href=\"http:\/\/www.salute.gov.it\/portale\/news\/p3_2_1_1_1.jsp?lingua=italiano&amp;menu=notizie&amp;p=dalministero&amp;id=3965#:~:text=Ministero%20della%20Salute&amp;text=Il%207%25%20del%20totale%20dei,gestazionale%20(dati%20Cedap%202016\" target=\"_blank\" rel=\"noreferrer noopener nofollow\">7% der Gesamtzahl der Geburten in unserem Land<\/a>.<\/p>\n\n\n\n<p>Diese Daten zeigen, dass Fr\u00fchgeburt in der Medizin ein gewichtiger Aspekt, und gleichzeitig eine gro\u00dfe Herausforderung f\u00fcr die Neonatologie ist. Dies erfordert die Implementierung technologischer und fachlicher L\u00f6sungen auf h\u00f6chstem Niveau.<\/p>\n\n\n\n<p>Fr\u00fchgeburten sind meist unvorhersehbare Ereignisse, und wenn man dazu noch die Schlie\u00dfung mehrerer Geburtszentren in Italien hinzuf\u00fcgt, wird klar, dass die Retter und die verf\u00fcgbaren technischen Ausstattungen eine wichtige Rolle spielen. Gefordert ist Professionalit\u00e4t, Fachkompetenz und geeignete ad-hoc-Ausstattung.<\/p>\n\n\n\n<p>Die Standardausstattung der Krankenwagen ist f\u00fcr die Inkubatoren bei Neugeborenen-Transporten nicht ausreichend. Dies wurde anl\u00e4sslich des Weltfr\u00fchgeborenentags am 17. November 2020 von den Krankenwagenfahrern, die Mitglieder der AASI (Vereinigung der italienischen Krankenwagenfahrer) sind, nachdr\u00fccklich bekr\u00e4ftigt.<\/p>\n\n\n\n<h2 class=\"wp-block-heading\">Sto\u00dfged\u00e4mpfte Tragenlagerungen<\/h2>\n\n\n\n<p><br>Es ist sehr wichtig, dass der Transport von Fr\u00fchgeborenen mit h\u00f6chster &#8222;Sorgfalt&#8220; und &#8222;Achtsamkeit&#8220; erfolgt. In diesem Fall spielt das Fahrzeug eine wichtige Rolle: die Tragenlagerung muss Komfort und Sicherheit gew\u00e4hrleisten, weil die Federung des Fahrzeugs wie auch die Stra\u00dfenverh\u00e4ltnisse dem S\u00e4ugling dies nicht garantieren k\u00f6nnen. Denken Sie nur an die Beschaffenheit unserer Stra\u00dfen mit Unebenheiten, Schlagl\u00f6chern, usw.<br>Es handelt sich um spezielle, sto\u00dfged\u00e4mpfte Tragenlagerungen, die noch nicht sehr etabliert sind und in den Rettungswagen kaum vorzufinden sind. Diese Tragenlagerungen erm\u00f6glichen die deutliche Verringerung der Auswirkungen von Schwingungen und Belastungen aufgrund von Bodenunebenheiten, und sind somit optimal f\u00fcr den Transport von Neugeborenen und polytraumatisierten Patienten geeignet.<\/p>\n\n\n\n<figure class=\"wp-block-embed is-type-video is-provider-youtube wp-block-embed-youtube wp-embed-aspect-16-9 wp-has-aspect-ratio\"><div class=\"wp-block-embed__wrapper\">\n<div class='avia-iframe-wrap'><iframe loading=\"lazy\" title=\"Klinische Daten zur Verwendung von sto\u00dfged\u00e4mpften Tragenlagerungen beim Transport von Neugeborenen\" width=\"1500\" height=\"844\" src=\"https:\/\/www.youtube.com\/embed\/AxUWQha42Ps?list=PLQveCnwY0CYhkWTkkocrd9keeYflXCDD4\" frameborder=\"0\" allow=\"accelerometer; autoplay; clipboard-write; encrypted-media; gyroscope; picture-in-picture\" allowfullscreen><\/iframe><\/div>\n<\/div><\/figure>\n\n\n\n<h2 class=\"wp-block-heading\">AASI, zwei Petitionen, die der Regierung eingereicht wurden<\/h2>\n\n\n\n<p><br>In diesen Zusammenhang wurden <strong>zwei parlamentarischen Petitionen<\/strong> von der <strong>AASI, der Vereinigung der italienischen Krankenwagenfahrer<\/strong>, anl\u00e4sslich des <strong>Weltfr\u00fchgeborenentags<\/strong> (am 17. November) eingereicht.<br>Ziel ist es, die Installation von sto\u00dfged\u00e4mpten Tragenlagerungen f\u00fcr Inkubatoren verpflichtend zu machen, um einen sicheren, wirksamen und schonenden Transport von Neugeborenen zu erm\u00f6glichen.<br>Dies ist ein gro\u00dfer Schritt vorw\u00e4rts zur L\u00f6sung eines dringenden Problems, das nicht l\u00e4nger aufgeschoben werden kann.<\/p>\n\n\n\n<h2 class=\"wp-block-heading\">STEN (Notfalltransportdienst f\u00fcr Neugeborene) mit Stem<\/h2>\n\n\n\n<p>Bei einigen Transporten, wie z. B. dem \u201eSTEN\u201c (Notfalltransportdienst f\u00fcr Neugeborene), ist die entsprechende Ausstattung des Krankenwagens ein wichtiger und entscheidender Aspekt.<br>Aus diesem Grund f\u00fchrte Stem 1988 weltweit zum ersten Mal die <strong>sto\u00dfged\u00e4mpfte Tragenlagerung<\/strong> ein. Diese erm\u00f6glicht die Verringerung der Auswirkungen von Schwingungen und St\u00f6\u00dfen beim Transport von Patienten in Rettungsfahrzeugen.<br>Eine innovative L\u00f6sung, die in den letzten 32 Jahren kontinuierlich verbessert wurde und die stets ein H\u00f6chstma\u00df an Komfort und Sicherheit beim Transport von Neugeborenen gew\u00e4hrleistet hat, wof\u00fcr die Familien der kleinen Patienten und die Anwender bis heute dankbar sind.<\/p>\n\n\n\n<p>Klicken <a href=\"https:\/\/www.stem.it\/de\/products\/stretcher-support-accessories\/attachment\/de\/?page_id=3672\" target=\"_blank\" rel=\"noreferrer noopener\">Sie hier<\/a> um unsere sto\u00dfged\u00e4mpften Tragenlagerungen zu entdecken.<\/p>\n","protected":false},"excerpt":{"rendered":"<p>Weltweit wird jedes zehnte Baby zu fr\u00fch geboren. In Italien berichten die von der Regierung ver\u00f6ffentlichten Daten (im Jahr 2019) etwa 32.000 Fr\u00fchgeborene pro Jahr, 7% der Gesamtzahl der Geburten in unserem Land. Diese Daten zeigen, dass Fr\u00fchgeburt in der Medizin ein gewichtiger Aspekt, und gleichzeitig eine gro\u00dfe Herausforderung f\u00fcr die Neonatologie ist. Dies erfordert die Implementierung technologischer und fachlicher L\u00f6sungen auf h\u00f6chstem Niveau. [&#8230;]<\/p>\n","protected":false},"author":8,"featured_media":12797,"comment_status":"closed","ping_status":"closed","sticky":false,"template":"","format":"standard","meta":{"footnotes":""},"categories":[248],"tags":[],"class_list":["post-12806","post","type-post","status-publish","format-standard","has-post-thumbnail","hentry","category-notfalltechnologien"],"yoast_head":"<!-- This site is optimized with the Yoast SEO plugin v27.4 - https:\/\/yoast.com\/product\/yoast-seo-wordpress\/ -->\n<title>Fr\u00fchgeborene und der Neugeborenen-Transport | Stem Technology<\/title>\n<meta name=\"description\" content=\"Um Fr\u00fchgeborene zu transportieren ist es wichtig mit sto\u00dfged\u00e4mpften Tragenlagerungen ausgestattet sein: sie verringern die Schwingungen aufgrund von Bodenunebenheiten.\" \/>\n<meta name=\"robots\" content=\"index, follow, max-snippet:-1, max-image-preview:large, max-video-preview:-1\" \/>\n<link rel=\"canonical\" href=\"https:\/\/www.stem.it\/de\/notfalltechnologien\/fruehgeborenen-transport\/\" \/>\n<meta property=\"og:locale\" content=\"de_DE\" \/>\n<meta property=\"og:type\" content=\"article\" \/>\n<meta property=\"og:title\" content=\"Fr\u00fchgeborene und der Neugeborenen-Transport | Stem Technology\" \/>\n<meta property=\"og:description\" content=\"Um Fr\u00fchgeborene zu transportieren ist es wichtig mit sto\u00dfged\u00e4mpften Tragenlagerungen ausgestattet sein: sie verringern die Schwingungen aufgrund von Bodenunebenheiten.\" \/>\n<meta property=\"og:url\" content=\"https:\/\/www.stem.it\/de\/notfalltechnologien\/fruehgeborenen-transport\/\" \/>\n<meta property=\"og:site_name\" content=\"Stem Ems\" \/>\n<meta property=\"article:publisher\" content=\"https:\/\/www.facebook.com\/stememsemergencymedicalsystems\/\" \/>\n<meta property=\"article:published_time\" content=\"2021-01-27T16:21:18+00:00\" \/>\n<meta property=\"article:modified_time\" content=\"2021-08-06T09:19:00+00:00\" \/>\n<meta property=\"og:image\" content=\"https:\/\/www.stem.it\/wp-content\/uploads\/2021\/01\/Stem-trasporto-neonatale.jpg\" \/>\n\t<meta property=\"og:image:width\" content=\"833\" \/>\n\t<meta property=\"og:image:height\" content=\"321\" \/>\n\t<meta property=\"og:image:type\" content=\"image\/jpeg\" \/>\n<meta name=\"author\" content=\"kedos\" \/>\n<meta name=\"twitter:card\" content=\"summary_large_image\" \/>\n<meta name=\"twitter:label1\" content=\"Verfasst von\" \/>\n\t<meta name=\"twitter:data1\" content=\"kedos\" \/>\n\t<meta name=\"twitter:label2\" content=\"Gesch\u00e4tzte Lesezeit\" \/>\n\t<meta name=\"twitter:data2\" content=\"2\u00a0Minuten\" \/>\n<script type=\"application\/ld+json\" class=\"yoast-schema-graph\">{\"@context\":\"https:\\\/\\\/schema.org\",\"@graph\":[{\"@type\":\"Article\",\"@id\":\"https:\\\/\\\/www.stem.it\\\/de\\\/notfalltechnologien\\\/fruehgeborenen-transport\\\/#article\",\"isPartOf\":{\"@id\":\"https:\\\/\\\/www.stem.it\\\/de\\\/notfalltechnologien\\\/fruehgeborenen-transport\\\/\"},\"author\":{\"name\":\"kedos\",\"@id\":\"https:\\\/\\\/www.stem.it\\\/de\\\/#\\\/schema\\\/person\\\/ed2c0dbb7ccf5e46288b8b9446421bd9\"},\"headline\":\"Fr\u00fchgeborene und der Neugeborenen-Transport: Ein wichtiges Thema\",\"datePublished\":\"2021-01-27T16:21:18+00:00\",\"dateModified\":\"2021-08-06T09:19:00+00:00\",\"mainEntityOfPage\":{\"@id\":\"https:\\\/\\\/www.stem.it\\\/de\\\/notfalltechnologien\\\/fruehgeborenen-transport\\\/\"},\"wordCount\":494,\"image\":{\"@id\":\"https:\\\/\\\/www.stem.it\\\/de\\\/notfalltechnologien\\\/fruehgeborenen-transport\\\/#primaryimage\"},\"thumbnailUrl\":\"https:\\\/\\\/www.stem.it\\\/wp-content\\\/uploads\\\/2021\\\/01\\\/Stem-trasporto-neonatale.jpg\",\"articleSection\":[\"Notfalltechnologien\"],\"inLanguage\":\"de\"},{\"@type\":\"WebPage\",\"@id\":\"https:\\\/\\\/www.stem.it\\\/de\\\/notfalltechnologien\\\/fruehgeborenen-transport\\\/\",\"url\":\"https:\\\/\\\/www.stem.it\\\/de\\\/notfalltechnologien\\\/fruehgeborenen-transport\\\/\",\"name\":\"Fr\u00fchgeborene und der Neugeborenen-Transport | Stem Technology\",\"isPartOf\":{\"@id\":\"https:\\\/\\\/www.stem.it\\\/de\\\/#website\"},\"primaryImageOfPage\":{\"@id\":\"https:\\\/\\\/www.stem.it\\\/de\\\/notfalltechnologien\\\/fruehgeborenen-transport\\\/#primaryimage\"},\"image\":{\"@id\":\"https:\\\/\\\/www.stem.it\\\/de\\\/notfalltechnologien\\\/fruehgeborenen-transport\\\/#primaryimage\"},\"thumbnailUrl\":\"https:\\\/\\\/www.stem.it\\\/wp-content\\\/uploads\\\/2021\\\/01\\\/Stem-trasporto-neonatale.jpg\",\"datePublished\":\"2021-01-27T16:21:18+00:00\",\"dateModified\":\"2021-08-06T09:19:00+00:00\",\"author\":{\"@id\":\"https:\\\/\\\/www.stem.it\\\/de\\\/#\\\/schema\\\/person\\\/ed2c0dbb7ccf5e46288b8b9446421bd9\"},\"description\":\"Um Fr\u00fchgeborene zu transportieren ist es wichtig mit sto\u00dfged\u00e4mpften Tragenlagerungen ausgestattet sein: sie verringern die Schwingungen aufgrund von Bodenunebenheiten.\",\"breadcrumb\":{\"@id\":\"https:\\\/\\\/www.stem.it\\\/de\\\/notfalltechnologien\\\/fruehgeborenen-transport\\\/#breadcrumb\"},\"inLanguage\":\"de\",\"potentialAction\":[{\"@type\":\"ReadAction\",\"target\":[\"https:\\\/\\\/www.stem.it\\\/de\\\/notfalltechnologien\\\/fruehgeborenen-transport\\\/\"]}]},{\"@type\":\"ImageObject\",\"inLanguage\":\"de\",\"@id\":\"https:\\\/\\\/www.stem.it\\\/de\\\/notfalltechnologien\\\/fruehgeborenen-transport\\\/#primaryimage\",\"url\":\"https:\\\/\\\/www.stem.it\\\/wp-content\\\/uploads\\\/2021\\\/01\\\/Stem-trasporto-neonatale.jpg\",\"contentUrl\":\"https:\\\/\\\/www.stem.it\\\/wp-content\\\/uploads\\\/2021\\\/01\\\/Stem-trasporto-neonatale.jpg\",\"width\":833,\"height\":321,\"caption\":\"Trasporto bambini prematuri Stem\"},{\"@type\":\"BreadcrumbList\",\"@id\":\"https:\\\/\\\/www.stem.it\\\/de\\\/notfalltechnologien\\\/fruehgeborenen-transport\\\/#breadcrumb\",\"itemListElement\":[{\"@type\":\"ListItem\",\"position\":1,\"name\":\"Home\",\"item\":\"https:\\\/\\\/www.stem.it\\\/de\\\/\"},{\"@type\":\"ListItem\",\"position\":2,\"name\":\"Fr\u00fchgeborene und der Neugeborenen-Transport: Ein wichtiges Thema\"}]},{\"@type\":\"WebSite\",\"@id\":\"https:\\\/\\\/www.stem.it\\\/de\\\/#website\",\"url\":\"https:\\\/\\\/www.stem.it\\\/de\\\/\",\"name\":\"Stem Ems\",\"description\":\"Prodotti di alta qualit\u00e0 per lavoro ed emergenza\",\"potentialAction\":[{\"@type\":\"SearchAction\",\"target\":{\"@type\":\"EntryPoint\",\"urlTemplate\":\"https:\\\/\\\/www.stem.it\\\/de\\\/?s={search_term_string}\"},\"query-input\":{\"@type\":\"PropertyValueSpecification\",\"valueRequired\":true,\"valueName\":\"search_term_string\"}}],\"inLanguage\":\"de\"},{\"@type\":\"Person\",\"@id\":\"https:\\\/\\\/www.stem.it\\\/de\\\/#\\\/schema\\\/person\\\/ed2c0dbb7ccf5e46288b8b9446421bd9\",\"name\":\"kedos\",\"image\":{\"@type\":\"ImageObject\",\"inLanguage\":\"de\",\"@id\":\"https:\\\/\\\/secure.gravatar.com\\\/avatar\\\/0cf0f65013daf2393366816b80bc771016138b1dd74bf1051026fa00b412f21f?s=96&d=mm&r=g\",\"url\":\"https:\\\/\\\/secure.gravatar.com\\\/avatar\\\/0cf0f65013daf2393366816b80bc771016138b1dd74bf1051026fa00b412f21f?s=96&d=mm&r=g\",\"contentUrl\":\"https:\\\/\\\/secure.gravatar.com\\\/avatar\\\/0cf0f65013daf2393366816b80bc771016138b1dd74bf1051026fa00b412f21f?s=96&d=mm&r=g\",\"caption\":\"kedos\"}}]}<\/script>\n<!-- \/ Yoast SEO plugin. -->","yoast_head_json":{"title":"Fr\u00fchgeborene und der Neugeborenen-Transport | Stem Technology","description":"Um Fr\u00fchgeborene zu transportieren ist es wichtig mit sto\u00dfged\u00e4mpften Tragenlagerungen ausgestattet sein: sie verringern die Schwingungen aufgrund von Bodenunebenheiten.","robots":{"index":"index","follow":"follow","max-snippet":"max-snippet:-1","max-image-preview":"max-image-preview:large","max-video-preview":"max-video-preview:-1"},"canonical":"https:\/\/www.stem.it\/de\/notfalltechnologien\/fruehgeborenen-transport\/","og_locale":"de_DE","og_type":"article","og_title":"Fr\u00fchgeborene und der Neugeborenen-Transport | Stem Technology","og_description":"Um Fr\u00fchgeborene zu transportieren ist es wichtig mit sto\u00dfged\u00e4mpften Tragenlagerungen ausgestattet sein: sie verringern die Schwingungen aufgrund von Bodenunebenheiten.","og_url":"https:\/\/www.stem.it\/de\/notfalltechnologien\/fruehgeborenen-transport\/","og_site_name":"Stem Ems","article_publisher":"https:\/\/www.facebook.com\/stememsemergencymedicalsystems\/","article_published_time":"2021-01-27T16:21:18+00:00","article_modified_time":"2021-08-06T09:19:00+00:00","og_image":[{"width":833,"height":321,"url":"https:\/\/www.stem.it\/wp-content\/uploads\/2021\/01\/Stem-trasporto-neonatale.jpg","type":"image\/jpeg"}],"author":"kedos","twitter_card":"summary_large_image","twitter_misc":{"Verfasst von":"kedos","Gesch\u00e4tzte Lesezeit":"2\u00a0Minuten"},"schema":{"@context":"https:\/\/schema.org","@graph":[{"@type":"Article","@id":"https:\/\/www.stem.it\/de\/notfalltechnologien\/fruehgeborenen-transport\/#article","isPartOf":{"@id":"https:\/\/www.stem.it\/de\/notfalltechnologien\/fruehgeborenen-transport\/"},"author":{"name":"kedos","@id":"https:\/\/www.stem.it\/de\/#\/schema\/person\/ed2c0dbb7ccf5e46288b8b9446421bd9"},"headline":"Fr\u00fchgeborene und der Neugeborenen-Transport: Ein wichtiges Thema","datePublished":"2021-01-27T16:21:18+00:00","dateModified":"2021-08-06T09:19:00+00:00","mainEntityOfPage":{"@id":"https:\/\/www.stem.it\/de\/notfalltechnologien\/fruehgeborenen-transport\/"},"wordCount":494,"image":{"@id":"https:\/\/www.stem.it\/de\/notfalltechnologien\/fruehgeborenen-transport\/#primaryimage"},"thumbnailUrl":"https:\/\/www.stem.it\/wp-content\/uploads\/2021\/01\/Stem-trasporto-neonatale.jpg","articleSection":["Notfalltechnologien"],"inLanguage":"de"},{"@type":"WebPage","@id":"https:\/\/www.stem.it\/de\/notfalltechnologien\/fruehgeborenen-transport\/","url":"https:\/\/www.stem.it\/de\/notfalltechnologien\/fruehgeborenen-transport\/","name":"Fr\u00fchgeborene und der Neugeborenen-Transport | Stem Technology","isPartOf":{"@id":"https:\/\/www.stem.it\/de\/#website"},"primaryImageOfPage":{"@id":"https:\/\/www.stem.it\/de\/notfalltechnologien\/fruehgeborenen-transport\/#primaryimage"},"image":{"@id":"https:\/\/www.stem.it\/de\/notfalltechnologien\/fruehgeborenen-transport\/#primaryimage"},"thumbnailUrl":"https:\/\/www.stem.it\/wp-content\/uploads\/2021\/01\/Stem-trasporto-neonatale.jpg","datePublished":"2021-01-27T16:21:18+00:00","dateModified":"2021-08-06T09:19:00+00:00","author":{"@id":"https:\/\/www.stem.it\/de\/#\/schema\/person\/ed2c0dbb7ccf5e46288b8b9446421bd9"},"description":"Um Fr\u00fchgeborene zu transportieren ist es wichtig mit sto\u00dfged\u00e4mpften Tragenlagerungen ausgestattet sein: sie verringern die Schwingungen aufgrund von Bodenunebenheiten.","breadcrumb":{"@id":"https:\/\/www.stem.it\/de\/notfalltechnologien\/fruehgeborenen-transport\/#breadcrumb"},"inLanguage":"de","potentialAction":[{"@type":"ReadAction","target":["https:\/\/www.stem.it\/de\/notfalltechnologien\/fruehgeborenen-transport\/"]}]},{"@type":"ImageObject","inLanguage":"de","@id":"https:\/\/www.stem.it\/de\/notfalltechnologien\/fruehgeborenen-transport\/#primaryimage","url":"https:\/\/www.stem.it\/wp-content\/uploads\/2021\/01\/Stem-trasporto-neonatale.jpg","contentUrl":"https:\/\/www.stem.it\/wp-content\/uploads\/2021\/01\/Stem-trasporto-neonatale.jpg","width":833,"height":321,"caption":"Trasporto bambini prematuri Stem"},{"@type":"BreadcrumbList","@id":"https:\/\/www.stem.it\/de\/notfalltechnologien\/fruehgeborenen-transport\/#breadcrumb","itemListElement":[{"@type":"ListItem","position":1,"name":"Home","item":"https:\/\/www.stem.it\/de\/"},{"@type":"ListItem","position":2,"name":"Fr\u00fchgeborene und der Neugeborenen-Transport: Ein wichtiges Thema"}]},{"@type":"WebSite","@id":"https:\/\/www.stem.it\/de\/#website","url":"https:\/\/www.stem.it\/de\/","name":"Stem Ems","description":"Prodotti di alta qualit\u00e0 per lavoro ed emergenza","potentialAction":[{"@type":"SearchAction","target":{"@type":"EntryPoint","urlTemplate":"https:\/\/www.stem.it\/de\/?s={search_term_string}"},"query-input":{"@type":"PropertyValueSpecification","valueRequired":true,"valueName":"search_term_string"}}],"inLanguage":"de"},{"@type":"Person","@id":"https:\/\/www.stem.it\/de\/#\/schema\/person\/ed2c0dbb7ccf5e46288b8b9446421bd9","name":"kedos","image":{"@type":"ImageObject","inLanguage":"de","@id":"https:\/\/secure.gravatar.com\/avatar\/0cf0f65013daf2393366816b80bc771016138b1dd74bf1051026fa00b412f21f?s=96&d=mm&r=g","url":"https:\/\/secure.gravatar.com\/avatar\/0cf0f65013daf2393366816b80bc771016138b1dd74bf1051026fa00b412f21f?s=96&d=mm&r=g","contentUrl":"https:\/\/secure.gravatar.com\/avatar\/0cf0f65013daf2393366816b80bc771016138b1dd74bf1051026fa00b412f21f?s=96&d=mm&r=g","caption":"kedos"}}]}},"_links":{"self":[{"href":"https:\/\/www.stem.it\/de\/wp-json\/wp\/v2\/posts\/12806","targetHints":{"allow":["GET"]}}],"collection":[{"href":"https:\/\/www.stem.it\/de\/wp-json\/wp\/v2\/posts"}],"about":[{"href":"https:\/\/www.stem.it\/de\/wp-json\/wp\/v2\/types\/post"}],"author":[{"embeddable":true,"href":"https:\/\/www.stem.it\/de\/wp-json\/wp\/v2\/users\/8"}],"replies":[{"embeddable":true,"href":"https:\/\/www.stem.it\/de\/wp-json\/wp\/v2\/comments?post=12806"}],"version-history":[{"count":4,"href":"https:\/\/www.stem.it\/de\/wp-json\/wp\/v2\/posts\/12806\/revisions"}],"predecessor-version":[{"id":17340,"href":"https:\/\/www.stem.it\/de\/wp-json\/wp\/v2\/posts\/12806\/revisions\/17340"}],"wp:featuredmedia":[{"embeddable":true,"href":"https:\/\/www.stem.it\/de\/wp-json\/wp\/v2\/media\/12797"}],"wp:attachment":[{"href":"https:\/\/www.stem.it\/de\/wp-json\/wp\/v2\/media?parent=12806"}],"wp:term":[{"taxonomy":"category","embeddable":true,"href":"https:\/\/www.stem.it\/de\/wp-json\/wp\/v2\/categories?post=12806"},{"taxonomy":"post_tag","embeddable":true,"href":"https:\/\/www.stem.it\/de\/wp-json\/wp\/v2\/tags?post=12806"}],"curies":[{"name":"wp","href":"https:\/\/api.w.org\/{rel}","templated":true}]}}